{"id":10257,"date":"2026-09-04T16:28:28","date_gmt":"2026-09-04T14:28:28","guid":{"rendered":"https:\/\/great-artmag.com\/?p=10257"},"modified":"2026-09-04T16:31:13","modified_gmt":"2026-09-04T14:31:13","slug":"porquerolles-fondation-carmignac-2026","status":"publish","type":"post","link":"https:\/\/great-artmag.com\/en\/porquerolles-fondation-carmignac-2026\/","title":{"rendered":"Porquerolles \u00e0 l\u2019heure Pop : la vague solaire de la Fondation Carmignac"},"content":{"rendered":"<p class=\"isSelectedEnd\"><strong>La Villa Carmignac transforme Porquerolles en territoire Pop jusqu&#8217;au 1er novembre 2026. Avec <em>Sea, Pop &amp; Sun<\/em>, la Fondation Carmignac r\u00e9unit plus de 80 \u0153uvres pour revisiter l\u2019\u00e9nergie, les fantasmes et les contradictions des ann\u00e9es 1960-1970. Sous le commissariat de Dieter Buchhart et Anna Karina Hofbauer, le parcours fait dialoguer les grandes figures du Pop Art avec des artistes contemporains tels qu\u2019Olafur Eliasson, Tschabalala Self, ou Th\u00e9o Mercier.<\/strong><\/p>\n<h3><img decoding=\"async\" class=\" wp-image-10258 alignleft\" src=\"https:\/\/great-artmag.com\/wp-content\/uploads\/2026\/09\/lichtenstein-scaled.jpeg\" alt=\"\" width=\"255\" height=\"340\" srcset=\"https:\/\/great-artmag.com\/wp-content\/uploads\/2026\/09\/lichtenstein-scaled.jpeg 1920w, https:\/\/great-artmag.com\/wp-content\/uploads\/2026\/09\/lichtenstein-225x300.jpeg 225w, https:\/\/great-artmag.com\/wp-content\/uploads\/2026\/09\/lichtenstein-768x1024.jpeg 768w, https:\/\/great-artmag.com\/wp-content\/uploads\/2026\/09\/lichtenstein-1152x1536.jpeg 1152w, https:\/\/great-artmag.com\/wp-content\/uploads\/2026\/09\/lichtenstein-1536x2048.jpeg 1536w, https:\/\/great-artmag.com\/wp-content\/uploads\/2026\/09\/lichtenstein-315x420.jpeg 315w, https:\/\/great-artmag.com\/wp-content\/uploads\/2026\/09\/lichtenstein-696x928.jpeg 696w, https:\/\/great-artmag.com\/wp-content\/uploads\/2026\/09\/lichtenstein-1068x1424.jpeg 1068w\" sizes=\"(max-width: 255px) 100vw, 255px\" \/>Un Pop art solaire, sensuel et m\u00e9diterran\u00e9en<\/h3>\n<p class=\"isSelectedEnd\">Le titre de l&#8217;exposition, inspir\u00e9 du c\u00e9l\u00e8bre <em>Sea, Sex and Sun<\/em> de Serge Gainsbourg, donne imm\u00e9diatement le ton. Ici, le Pop Art quitte ses d\u00e9cors urbains et ses vitrines commerciales pour gagner les rivages m\u00e9diterran\u00e9ens. Sur l&#8217;\u00eele de Porquerolles, la mer, le soleil et le corps deviennent les nouveaux objets de fascination. Les artistes des ann\u00e9es 1960 et 1970 captent une soci\u00e9t\u00e9 en pleine mutation : d\u00e9veloppement des loisirs et mont\u00e9e en puissance de la culture de masse. Le paysage baln\u00e9aire incarne un id\u00e9al de libert\u00e9, de plaisir et d&#8217;\u00e9vasion.<\/p>\n<p class=\"isSelectedEnd\">\u00c0 l&#8217;entr\u00e9e de l&#8217;exposition, le <em>Sunset<\/em> d&#8217;Andy Warhol, r\u00e9alis\u00e9 en 1972, condense \u00e0 lui seul cette fascination pour le soleil et l&#8217;image. Face \u00e0 lui, le lever du soleil de Roy Lichtenstein, les corps d&#8217;Evelyne Axell ou les sc\u00e8nes de plage et de piscine composent une mythologie estivale. Mais derri\u00e8re cette euphorie chromatique se dessine d\u00e9j\u00e0 une question essentielle : que reste-t-il de ce paradis lorsque le r\u00eave de loisirs et de consommation devient lui-m\u00eame un mod\u00e8le satur\u00e9 ?<\/p>\n<h3>Olafur Eliasson : quand la lumi\u00e8re devient mati\u00e8re<\/h3>\n<p class=\"isSelectedEnd\">C&#8217;est pr\u00e9cis\u00e9ment \u00e0 cet endroit que la pr\u00e9sence d&#8217;<a href=\"https:\/\/great-artmag.com\/olafur-eliasson-aros-museum-your-rainbow-panorama\/\">Olafur Eliasson<\/a> prend toute son importance. Avec <em>A day of changing perspectives<\/em> (2024), l&#8217;artiste danois introduit dans le parcours une approche radicalement diff\u00e9rente de la lumi\u00e8re. R\u00e9alis\u00e9e \u00e0 partir de verre color\u00e9, une composition \u00e9volutive de jaune, jaune p\u00e2le et violet, d&#8217;argent et de bois flott\u00e9, l&#8217;\u0153uvre fait de la lumi\u00e8re une exp\u00e9rience \u00e0 part enti\u00e8re. Chez Warhol, le coucher de soleil est presque iconique. Chez Eliasson, la lumi\u00e8re \u00e9chappe au contraire \u00e0 l&#8217;image pour revenir \u00e0 l&#8217;exp\u00e9rience physique. Le rapprochement est particuli\u00e8rement pertinent \u00e0 Porquerolles. Dans un paysage o\u00f9 la lumi\u00e8re m\u00e9diterran\u00e9enne constitue d\u00e9j\u00e0 une exp\u00e9rience esth\u00e9tique, Olafur Eliasson en r\u00e9v\u00e8le la dimension instable et subjective. Cette pr\u00e9sence contemporaine donne aussi une profondeur nouvelle au titre <em>Sea, Pop &amp; Sun<\/em>. Le soleil qui fascinait les artistes Pop comme symbole de plaisir et d&#8217;\u00e9vasion devient, chez Eliasson, est un ph\u00e9nom\u00e8ne \u00e0 observer, \u00e0 \u00e9prouver et \u00e0 questionner.<\/p>\n<figure id=\"attachment_10260\" aria-describedby=\"caption-attachment-10260\" style=\"width: 554px\" class=\"wp-caption alignright\"><img decoding=\"async\" class=\" wp-image-10260\" src=\"https:\/\/great-artmag.com\/wp-content\/uploads\/2026\/09\/Tschabalala-Self-scaled.jpeg\" alt=\"\" width=\"554\" height=\"473\" srcset=\"https:\/\/great-artmag.com\/wp-content\/uploads\/2026\/09\/Tschabalala-Self-scaled.jpeg 2560w, https:\/\/great-artmag.com\/wp-content\/uploads\/2026\/09\/Tschabalala-Self-300x256.jpeg 300w, https:\/\/great-artmag.com\/wp-content\/uploads\/2026\/09\/Tschabalala-Self-1024x875.jpeg 1024w, https:\/\/great-artmag.com\/wp-content\/uploads\/2026\/09\/Tschabalala-Self-768x656.jpeg 768w, https:\/\/great-artmag.com\/wp-content\/uploads\/2026\/09\/Tschabalala-Self-1536x1312.jpeg 1536w, https:\/\/great-artmag.com\/wp-content\/uploads\/2026\/09\/Tschabalala-Self-2048x1750.jpeg 2048w, https:\/\/great-artmag.com\/wp-content\/uploads\/2026\/09\/Tschabalala-Self-492x420.jpeg 492w, https:\/\/great-artmag.com\/wp-content\/uploads\/2026\/09\/Tschabalala-Self-696x595.jpeg 696w, https:\/\/great-artmag.com\/wp-content\/uploads\/2026\/09\/Tschabalala-Self-1068x912.jpeg 1068w\" sizes=\"(max-width: 554px) 100vw, 554px\" \/><figcaption id=\"caption-attachment-10260\" class=\"wp-caption-text\">Tschabalala Self<\/figcaption><\/figure>\n<h3>Du corps fantasm\u00e9 au corps r\u00e9appropri\u00e9<\/h3>\n<p class=\"isSelectedEnd\">L&#8217;autre grande force de l&#8217;exposition <em>Sea, Sex and Sun<\/em> r\u00e9side dans le dialogue entre les repr\u00e9sentations historiques du corps et celles d&#8217;artistes contemporains. Avec Tschabalala Self, le corps f\u00e9minin et racis\u00e9 sort des canons traditionnels de l&#8217;imagerie occidentale. Dans <em>Red-Headed<\/em> (2025), comme dans <em>R\u00eaverie<\/em> (2025), peinture, tissu, fil et dessin s&#8217;entrem\u00ealent pour construire des figures \u00e0 la pr\u00e9sence physique affirm\u00e9e. Son travail d\u00e9place ainsi l&#8217;un des grands motifs du Pop : la femme comme objet de consommation ou de repr\u00e9sentation. Le corps affirme sa propre pr\u00e9sence. Cette relecture entre directement en r\u00e9sonance avec les \u0153uvres d&#8217;Evelyne Axell, dont les figures sensuelles et les exp\u00e9rimentations sur le plexiglas avaient contribu\u00e9 \u00e0 d\u00e9placer les fronti\u00e8res de la repr\u00e9sentation f\u00e9minine dans les ann\u00e9es 1960-1970. Derrick Adams apporte lui aussi une autre lecture du loisir. Son <em>Floater 104<\/em> (2020), consacr\u00e9 \u00e0 une figure afro-am\u00e9ricaine flottant dans un univers de d\u00e9tente, rappelle que l&#8217;acc\u00e8s au loisir baln\u00e9aire n&#8217;a jamais \u00e9t\u00e9 v\u00e9ritablement partag\u00e9.<\/p>\n<h3><img decoding=\"async\" class=\" wp-image-10261 alignleft\" src=\"https:\/\/great-artmag.com\/wp-content\/uploads\/2026\/09\/Theo-Mercier-scaled.jpeg\" alt=\"\" width=\"293\" height=\"390\" srcset=\"https:\/\/great-artmag.com\/wp-content\/uploads\/2026\/09\/Theo-Mercier-scaled.jpeg 1920w, https:\/\/great-artmag.com\/wp-content\/uploads\/2026\/09\/Theo-Mercier-225x300.jpeg 225w, https:\/\/great-artmag.com\/wp-content\/uploads\/2026\/09\/Theo-Mercier-768x1024.jpeg 768w, https:\/\/great-artmag.com\/wp-content\/uploads\/2026\/09\/Theo-Mercier-1152x1536.jpeg 1152w, https:\/\/great-artmag.com\/wp-content\/uploads\/2026\/09\/Theo-Mercier-1536x2048.jpeg 1536w, https:\/\/great-artmag.com\/wp-content\/uploads\/2026\/09\/Theo-Mercier-315x420.jpeg 315w, https:\/\/great-artmag.com\/wp-content\/uploads\/2026\/09\/Theo-Mercier-696x928.jpeg 696w, https:\/\/great-artmag.com\/wp-content\/uploads\/2026\/09\/Theo-Mercier-1068x1424.jpeg 1068w\" sizes=\"(max-width: 293px) 100vw, 293px\" \/>Le paradis baln\u00e9aire face \u00e0 ses propres contradictions<\/h3>\n<p class=\"isSelectedEnd\">Avec <em>Sea Clock<\/em> (2026), installation monumentale en sable, Th\u00e9o Mercier fait entrer la plage au c\u0153ur de la Villa Carmignac. Sous un plafond d\u2019eau, cette mati\u00e8re famili\u00e8re des vacances devient le th\u00e9\u00e2tre d\u2019un monde hybride, o\u00f9 nature et traces de l\u2019activit\u00e9 humaine se m\u00ealent. Le sable n\u2019est plus seulement celui de l\u2019insouciance baln\u00e9aire : il \u00e9voque l\u2019\u00e9rosion, l\u2019artificialisation des littoraux et les exc\u00e8s d\u2019une soci\u00e9t\u00e9 de consommation.<\/p>\n<p class=\"isSelectedEnd\">Inspir\u00e9e des <em>M\u00e9tamorphoses<\/em> d\u2019Ovide, l\u2019\u0153uvre transforme progressivement le rivage en un paysage hybride, \u00e0 mi-chemin entre le monde min\u00e9ral, le vivant et les r\u00e9sidus de l\u2019industrie. <em>Sea Clock<\/em> est vou\u00e9e \u00e0 dispara\u00eetre. Le compte \u00e0 rebours est lanc\u00e9. Une mani\u00e8re, pour Th\u00e9o Mercier, de refermer <em>Sea, Pop &amp; Sun<\/em> sur son paradoxe essentiel : c\u00e9l\u00e9brer le paradis tout en rappelant qu\u2019il est fragile et peut-\u00eatre d\u00e9j\u00e0 en train de nous filer entre les doigts.<\/p>\n<p>&gt;<a href=\"https:\/\/www.fondationcarmignac.com\/fr\/sea-pop-et-sun-villa-carmignac-porquerolles-art\/\"> fondationcarmignac.com<\/a><\/p>\n","protected":false},"excerpt":{"rendered":"<p>La Villa Carmignac transforme Porquerolles en territoire Pop jusqu&#8217;au 1er novembre 2026. Avec Sea, Pop &amp; Sun, la Fondation Carmignac r\u00e9unit plus de 80 \u0153uvres pour revisiter l\u2019\u00e9nergie, les fantasmes et les contradictions des ann\u00e9es 1960-1970. Sous le commissariat de Dieter Buchhart et Anna Karina Hofbauer, le parcours fait dialoguer les grandes figures du Pop [&hellip;]<\/p>\n","protected":false},"author":1,"featured_media":10259,"comment_status":"closed","ping_status":"closed","sticky":false,"template":"","format":"standard","meta":{"inline_featured_image":false,"footnotes":""},"categories":[1163],"tags":[1646],"class_list":["post-10257","post","type-post","status-publish","format-standard","has-post-thumbnail","category-exposition","tag-pop-art"],"yoast_head":"<!-- This site is optimized with the Yoast SEO plugin v28.4 - https:\/\/yoast.com\/product\/yoast-seo-wordpress\/ -->\n<title>Porquerolles \u00e0 l\u2019heure Pop : la vague solaire de la Fondation Carmignac - GREAT-ARTMAG<\/title>\n<meta name=\"robots\" content=\"index, follow, max-snippet:-1, max-image-preview:large, max-video-preview:-1\" \/>\n<link rel=\"canonical\" href=\"https:\/\/great-artmag.com\/en\/porquerolles-fondation-carmignac-2026\/\" \/>\n<meta property=\"og:locale\" content=\"en_US\" \/>\n<meta property=\"og:type\" content=\"article\" \/>\n<meta property=\"og:title\" content=\"Porquerolles \u00e0 l\u2019heure Pop : la vague solaire de la Fondation Carmignac - GREAT-ARTMAG\" \/>\n<meta property=\"og:description\" content=\"La Villa Carmignac transforme Porquerolles en territoire Pop jusqu&#8217;au 1er novembre 2026. Avec Sea, Pop &amp; Sun, la Fondation Carmignac r\u00e9unit plus de 80 \u0153uvres pour revisiter l\u2019\u00e9nergie, les fantasmes et les contradictions des ann\u00e9es 1960-1970. Sous le commissariat de Dieter Buchhart et Anna Karina Hofbauer, le parcours fait dialoguer les grandes figures du Pop [&hellip;]\" \/>\n<meta property=\"og:url\" content=\"https:\/\/great-artmag.com\/en\/porquerolles-fondation-carmignac-2026\/\" \/>\n<meta property=\"og:site_name\" content=\"GREAT-ARTMAG\" \/>\n<meta property=\"article:published_time\" content=\"2026-09-04T14:28:28+00:00\" \/>\n<meta property=\"article:modified_time\" content=\"2026-09-04T14:31:13+00:00\" \/>\n<meta property=\"og:image\" content=\"https:\/\/great-artmag.com\/wp-content\/uploads\/2026\/09\/olafur-Eliasson-carmignac.jpeg\" \/>\n\t<meta property=\"og:image:width\" content=\"1181\" \/>\n\t<meta property=\"og:image:height\" content=\"896\" \/>\n\t<meta property=\"og:image:type\" content=\"image\/jpeg\" \/>\n<meta name=\"author\" content=\"Alexia Gugg\u00e9mos\" \/>\n<meta name=\"twitter:card\" content=\"summary_large_image\" \/>\n<meta name=\"twitter:label1\" content=\"Written by\" \/>\n\t<meta name=\"twitter:data1\" content=\"Alexia Gugg\u00e9mos\" \/>\n\t<meta name=\"twitter:label2\" content=\"Est. reading time\" \/>\n\t<meta name=\"twitter:data2\" content=\"5 minutes\" \/>\n<script type=\"application\/ld+json\" class=\"yoast-schema-graph\">{\"@context\":\"https:\\\/\\\/schema.org\",\"@graph\":[{\"@type\":\"Article\",\"@id\":\"https:\\\/\\\/great-artmag.com\\\/en\\\/porquerolles-fondation-carmignac-2026\\\/#article\",\"isPartOf\":{\"@id\":\"https:\\\/\\\/great-artmag.com\\\/en\\\/porquerolles-fondation-carmignac-2026\\\/\"},\"author\":{\"name\":\"Alexia Gugg\u00e9mos\",\"@id\":\"https:\\\/\\\/great-artmag.com\\\/en\\\/#\\\/schema\\\/person\\\/07a768635fe6f6d87951dc8ae985eeda\"},\"headline\":\"Porquerolles \u00e0 l\u2019heure Pop : la vague solaire de la Fondation Carmignac\",\"datePublished\":\"2026-09-04T14:28:28+00:00\",\"dateModified\":\"2026-09-04T14:31:13+00:00\",\"mainEntityOfPage\":{\"@id\":\"https:\\\/\\\/great-artmag.com\\\/en\\\/porquerolles-fondation-carmignac-2026\\\/\"},\"wordCount\":842,\"publisher\":{\"@id\":\"https:\\\/\\\/great-artmag.com\\\/en\\\/#organization\"},\"image\":{\"@id\":\"https:\\\/\\\/great-artmag.com\\\/en\\\/porquerolles-fondation-carmignac-2026\\\/#primaryimage\"},\"thumbnailUrl\":\"https:\\\/\\\/great-artmag.com\\\/wp-content\\\/uploads\\\/2026\\\/09\\\/olafur-Eliasson-carmignac.jpeg\",\"keywords\":[\"Pop art\"],\"articleSection\":[\"EXPOSITIONS\"],\"inLanguage\":\"en-US\"},{\"@type\":\"WebPage\",\"@id\":\"https:\\\/\\\/great-artmag.com\\\/en\\\/porquerolles-fondation-carmignac-2026\\\/\",\"url\":\"https:\\\/\\\/great-artmag.com\\\/en\\\/porquerolles-fondation-carmignac-2026\\\/\",\"name\":\"Porquerolles \u00e0 l\u2019heure Pop : la vague solaire de la Fondation Carmignac - GREAT-ARTMAG\",\"isPartOf\":{\"@id\":\"https:\\\/\\\/great-artmag.com\\\/en\\\/#website\"},\"primaryImageOfPage\":{\"@id\":\"https:\\\/\\\/great-artmag.com\\\/en\\\/porquerolles-fondation-carmignac-2026\\\/#primaryimage\"},\"image\":{\"@id\":\"https:\\\/\\\/great-artmag.com\\\/en\\\/porquerolles-fondation-carmignac-2026\\\/#primaryimage\"},\"thumbnailUrl\":\"https:\\\/\\\/great-artmag.com\\\/wp-content\\\/uploads\\\/2026\\\/09\\\/olafur-Eliasson-carmignac.jpeg\",\"datePublished\":\"2026-09-04T14:28:28+00:00\",\"dateModified\":\"2026-09-04T14:31:13+00:00\",\"breadcrumb\":{\"@id\":\"https:\\\/\\\/great-artmag.com\\\/en\\\/porquerolles-fondation-carmignac-2026\\\/#breadcrumb\"},\"inLanguage\":\"en-US\",\"potentialAction\":[{\"@type\":\"ReadAction\",\"target\":[\"https:\\\/\\\/great-artmag.com\\\/en\\\/porquerolles-fondation-carmignac-2026\\\/\"]}]},{\"@type\":\"ImageObject\",\"inLanguage\":\"en-US\",\"@id\":\"https:\\\/\\\/great-artmag.com\\\/en\\\/porquerolles-fondation-carmignac-2026\\\/#primaryimage\",\"url\":\"https:\\\/\\\/great-artmag.com\\\/wp-content\\\/uploads\\\/2026\\\/09\\\/olafur-Eliasson-carmignac.jpeg\",\"contentUrl\":\"https:\\\/\\\/great-artmag.com\\\/wp-content\\\/uploads\\\/2026\\\/09\\\/olafur-Eliasson-carmignac.jpeg\",\"width\":1181,\"height\":896,\"caption\":\"Olafur Eliasson, A day of changing perspectives (2024)\"},{\"@type\":\"BreadcrumbList\",\"@id\":\"https:\\\/\\\/great-artmag.com\\\/en\\\/porquerolles-fondation-carmignac-2026\\\/#breadcrumb\",\"itemListElement\":[{\"@type\":\"ListItem\",\"position\":1,\"name\":\"Accueil\",\"item\":\"https:\\\/\\\/great-artmag.com\\\/en\\\/home\\\/\"},{\"@type\":\"ListItem\",\"position\":2,\"name\":\"Porquerolles \u00e0 l\u2019heure Pop : la vague solaire de la Fondation Carmignac\"}]},{\"@type\":\"WebSite\",\"@id\":\"https:\\\/\\\/great-artmag.com\\\/en\\\/#website\",\"url\":\"https:\\\/\\\/great-artmag.com\\\/en\\\/\",\"name\":\"Great ArtMag\",\"description\":\"Le M\u00e9dia des H\u00e9donistes\",\"publisher\":{\"@id\":\"https:\\\/\\\/great-artmag.com\\\/en\\\/#organization\"},\"potentialAction\":[{\"@type\":\"SearchAction\",\"target\":{\"@type\":\"EntryPoint\",\"urlTemplate\":\"https:\\\/\\\/great-artmag.com\\\/en\\\/?s={search_term_string}\"},\"query-input\":{\"@type\":\"PropertyValueSpecification\",\"valueRequired\":true,\"valueName\":\"search_term_string\"}}],\"inLanguage\":\"en-US\"},{\"@type\":\"Organization\",\"@id\":\"https:\\\/\\\/great-artmag.com\\\/en\\\/#organization\",\"name\":\"GREAT ARTMAG\",\"url\":\"https:\\\/\\\/great-artmag.com\\\/en\\\/\",\"logo\":{\"@type\":\"ImageObject\",\"inLanguage\":\"en-US\",\"@id\":\"https:\\\/\\\/great-artmag.com\\\/en\\\/#\\\/schema\\\/logo\\\/image\\\/\",\"url\":\"https:\\\/\\\/great-artmag.com\\\/wp-content\\\/uploads\\\/2024\\\/07\\\/IMG_5403.jpg\",\"contentUrl\":\"https:\\\/\\\/great-artmag.com\\\/wp-content\\\/uploads\\\/2024\\\/07\\\/IMG_5403.jpg\",\"width\":860,\"height\":368,\"caption\":\"GREAT ARTMAG\"},\"image\":{\"@id\":\"https:\\\/\\\/great-artmag.com\\\/en\\\/#\\\/schema\\\/logo\\\/image\\\/\"},\"sameAs\":[\"https:\\\/\\\/www.instagram.com\\\/great_artmag\"]},{\"@type\":\"Person\",\"@id\":\"https:\\\/\\\/great-artmag.com\\\/en\\\/#\\\/schema\\\/person\\\/07a768635fe6f6d87951dc8ae985eeda\",\"name\":\"Alexia Gugg\u00e9mos\",\"url\":\"https:\\\/\\\/great-artmag.com\\\/en\\\/author\\\/admin5782\\\/\"}]}<\/script>\n<!-- \/ Yoast SEO plugin. -->","yoast_head_json":{"title":"Porquerolles \u00e0 l\u2019heure Pop : la vague solaire de la Fondation Carmignac - GREAT-ARTMAG","robots":{"index":"index","follow":"follow","max-snippet":"max-snippet:-1","max-image-preview":"max-image-preview:large","max-video-preview":"max-video-preview:-1"},"canonical":"https:\/\/great-artmag.com\/en\/porquerolles-fondation-carmignac-2026\/","og_locale":"en_US","og_type":"article","og_title":"Porquerolles \u00e0 l\u2019heure Pop : la vague solaire de la Fondation Carmignac - GREAT-ARTMAG","og_description":"La Villa Carmignac transforme Porquerolles en territoire Pop jusqu&#8217;au 1er novembre 2026. Avec Sea, Pop &amp; Sun, la Fondation Carmignac r\u00e9unit plus de 80 \u0153uvres pour revisiter l\u2019\u00e9nergie, les fantasmes et les contradictions des ann\u00e9es 1960-1970. Sous le commissariat de Dieter Buchhart et Anna Karina Hofbauer, le parcours fait dialoguer les grandes figures du Pop [&hellip;]","og_url":"https:\/\/great-artmag.com\/en\/porquerolles-fondation-carmignac-2026\/","og_site_name":"GREAT-ARTMAG","article_published_time":"2026-09-04T14:28:28+00:00","article_modified_time":"2026-09-04T14:31:13+00:00","og_image":[{"width":1181,"height":896,"url":"https:\/\/great-artmag.com\/wp-content\/uploads\/2026\/09\/olafur-Eliasson-carmignac.jpeg","type":"image\/jpeg"}],"author":"Alexia Gugg\u00e9mos","twitter_card":"summary_large_image","twitter_misc":{"Written by":"Alexia Gugg\u00e9mos","Est. reading time":"5 minutes"},"schema":{"@context":"https:\/\/schema.org","@graph":[{"@type":"Article","@id":"https:\/\/great-artmag.com\/en\/porquerolles-fondation-carmignac-2026\/#article","isPartOf":{"@id":"https:\/\/great-artmag.com\/en\/porquerolles-fondation-carmignac-2026\/"},"author":{"name":"Alexia Gugg\u00e9mos","@id":"https:\/\/great-artmag.com\/en\/#\/schema\/person\/07a768635fe6f6d87951dc8ae985eeda"},"headline":"Porquerolles \u00e0 l\u2019heure Pop : la vague solaire de la Fondation Carmignac","datePublished":"2026-09-04T14:28:28+00:00","dateModified":"2026-09-04T14:31:13+00:00","mainEntityOfPage":{"@id":"https:\/\/great-artmag.com\/en\/porquerolles-fondation-carmignac-2026\/"},"wordCount":842,"publisher":{"@id":"https:\/\/great-artmag.com\/en\/#organization"},"image":{"@id":"https:\/\/great-artmag.com\/en\/porquerolles-fondation-carmignac-2026\/#primaryimage"},"thumbnailUrl":"https:\/\/great-artmag.com\/wp-content\/uploads\/2026\/09\/olafur-Eliasson-carmignac.jpeg","keywords":["Pop art"],"articleSection":["EXPOSITIONS"],"inLanguage":"en-US"},{"@type":"WebPage","@id":"https:\/\/great-artmag.com\/en\/porquerolles-fondation-carmignac-2026\/","url":"https:\/\/great-artmag.com\/en\/porquerolles-fondation-carmignac-2026\/","name":"Porquerolles \u00e0 l\u2019heure Pop : la vague solaire de la Fondation Carmignac - GREAT-ARTMAG","isPartOf":{"@id":"https:\/\/great-artmag.com\/en\/#website"},"primaryImageOfPage":{"@id":"https:\/\/great-artmag.com\/en\/porquerolles-fondation-carmignac-2026\/#primaryimage"},"image":{"@id":"https:\/\/great-artmag.com\/en\/porquerolles-fondation-carmignac-2026\/#primaryimage"},"thumbnailUrl":"https:\/\/great-artmag.com\/wp-content\/uploads\/2026\/09\/olafur-Eliasson-carmignac.jpeg","datePublished":"2026-09-04T14:28:28+00:00","dateModified":"2026-09-04T14:31:13+00:00","breadcrumb":{"@id":"https:\/\/great-artmag.com\/en\/porquerolles-fondation-carmignac-2026\/#breadcrumb"},"inLanguage":"en-US","potentialAction":[{"@type":"ReadAction","target":["https:\/\/great-artmag.com\/en\/porquerolles-fondation-carmignac-2026\/"]}]},{"@type":"ImageObject","inLanguage":"en-US","@id":"https:\/\/great-artmag.com\/en\/porquerolles-fondation-carmignac-2026\/#primaryimage","url":"https:\/\/great-artmag.com\/wp-content\/uploads\/2026\/09\/olafur-Eliasson-carmignac.jpeg","contentUrl":"https:\/\/great-artmag.com\/wp-content\/uploads\/2026\/09\/olafur-Eliasson-carmignac.jpeg","width":1181,"height":896,"caption":"Olafur Eliasson, A day of changing perspectives (2024)"},{"@type":"BreadcrumbList","@id":"https:\/\/great-artmag.com\/en\/porquerolles-fondation-carmignac-2026\/#breadcrumb","itemListElement":[{"@type":"ListItem","position":1,"name":"Accueil","item":"https:\/\/great-artmag.com\/en\/home\/"},{"@type":"ListItem","position":2,"name":"Porquerolles \u00e0 l\u2019heure Pop : la vague solaire de la Fondation Carmignac"}]},{"@type":"WebSite","@id":"https:\/\/great-artmag.com\/en\/#website","url":"https:\/\/great-artmag.com\/en\/","name":"Great ArtMag","description":"Le M\u00e9dia des H\u00e9donistes","publisher":{"@id":"https:\/\/great-artmag.com\/en\/#organization"},"potentialAction":[{"@type":"SearchAction","target":{"@type":"EntryPoint","urlTemplate":"https:\/\/great-artmag.com\/en\/?s={search_term_string}"},"query-input":{"@type":"PropertyValueSpecification","valueRequired":true,"valueName":"search_term_string"}}],"inLanguage":"en-US"},{"@type":"Organization","@id":"https:\/\/great-artmag.com\/en\/#organization","name":"GREAT ARTMAG","url":"https:\/\/great-artmag.com\/en\/","logo":{"@type":"ImageObject","inLanguage":"en-US","@id":"https:\/\/great-artmag.com\/en\/#\/schema\/logo\/image\/","url":"https:\/\/great-artmag.com\/wp-content\/uploads\/2024\/07\/IMG_5403.jpg","contentUrl":"https:\/\/great-artmag.com\/wp-content\/uploads\/2024\/07\/IMG_5403.jpg","width":860,"height":368,"caption":"GREAT ARTMAG"},"image":{"@id":"https:\/\/great-artmag.com\/en\/#\/schema\/logo\/image\/"},"sameAs":["https:\/\/www.instagram.com\/great_artmag"]},{"@type":"Person","@id":"https:\/\/great-artmag.com\/en\/#\/schema\/person\/07a768635fe6f6d87951dc8ae985eeda","name":"Alexia Gugg\u00e9mos","url":"https:\/\/great-artmag.com\/en\/author\/admin5782\/"}]}},"_links":{"self":[{"href":"https:\/\/great-artmag.com\/en\/wp-json\/wp\/v2\/posts\/10257","targetHints":{"allow":["GET"]}}],"collection":[{"href":"https:\/\/great-artmag.com\/en\/wp-json\/wp\/v2\/posts"}],"about":[{"href":"https:\/\/great-artmag.com\/en\/wp-json\/wp\/v2\/types\/post"}],"author":[{"embeddable":true,"href":"https:\/\/great-artmag.com\/en\/wp-json\/wp\/v2\/users\/1"}],"replies":[{"embeddable":true,"href":"https:\/\/great-artmag.com\/en\/wp-json\/wp\/v2\/comments?post=10257"}],"version-history":[{"count":2,"href":"https:\/\/great-artmag.com\/en\/wp-json\/wp\/v2\/posts\/10257\/revisions"}],"predecessor-version":[{"id":10263,"href":"https:\/\/great-artmag.com\/en\/wp-json\/wp\/v2\/posts\/10257\/revisions\/10263"}],"wp:featuredmedia":[{"embeddable":true,"href":"https:\/\/great-artmag.com\/en\/wp-json\/wp\/v2\/media\/10259"}],"wp:attachment":[{"href":"https:\/\/great-artmag.com\/en\/wp-json\/wp\/v2\/media?parent=10257"}],"wp:term":[{"taxonomy":"category","embeddable":true,"href":"https:\/\/great-artmag.com\/en\/wp-json\/wp\/v2\/categories?post=10257"},{"taxonomy":"post_tag","embeddable":true,"href":"https:\/\/great-artmag.com\/en\/wp-json\/wp\/v2\/tags?post=10257"}],"curies":[{"name":"wp","href":"https:\/\/api.w.org\/{rel}","templated":true}]}}