{"id":104,"date":"2008-07-17T09:00:00","date_gmt":"2008-07-17T07:00:00","guid":{"rendered":"http:\/\/unik-mag.com:7888\/2008\/07\/17\/la-ferme-musee-de-fernand-leger-laissee-a-labandon-par-ses-heritiers\/"},"modified":"2026-02-20T18:49:56","modified_gmt":"2026-02-20T17:49:56","slug":"la-ferme-musee-de-fernand-leger-laissee-a-labandon-par-ses-heritiers","status":"publish","type":"post","link":"https:\/\/great-artmag.com\/en\/la-ferme-musee-de-fernand-leger-laissee-a-labandon-par-ses-heritiers\/","title":{"rendered":"La ferme-mus\u00e9e de Fernand L\u00e9ger laiss\u00e9e \u00e0 l\u2019abandon par ses h\u00e9ritiers"},"content":{"rendered":"<div align=\"justify\">\n<div style=\"text-align: center;\"><img decoding=\"async\" id=\"media-40682\" class=\"alignleft\" style=\"border-width: 0pt; margin: 0.7em 0pt;\" src=\"https:\/\/great-artmag.com\/wp-content\/uploads\/2019\/12\/00\/00\/1468620483.jpg\" alt=\"1468620483.jpg\" name=\"media-40682\" \/><\/div>\n<p>La ferme normande de Fernand L\u00e9ger (1881-1955) est \u00e0 vendre. Elle se niche au creux d\u2019un vallon, \u00e0 Lisores, dans l\u2019Orne. Le pionnier du Cubisme, tr\u00e8s attach\u00e9 \u00e0 sa r\u00e9gion natale, y a r\u00e9alis\u00e9 c\u00e9ramiques et vitraux. Un voisin se souvient encore de cette \u00e9poque b\u00e9nie o\u00f9, enfant, il regardait, \u00e9bahi, la femme du peintre parader sur les routes de campagne au volant de belles am\u00e9ricaines. Cette maison-atelier se visitait autrefois, on en trouve encore la trace dans les guides. Aujourd\u2019hui, la d\u00e9nicher est un v\u00e9ritable jeu de piste\u2026 et elle n\u2019est plus que ruines ! Le panneau indicateur qui y conduit est rong\u00e9 par les mousses, le chemin d\u2019acc\u00e8s envahi d\u2019herbes folles, la maison elle-m\u00eame perdue dans les ronces et les orties. Du portail, on aper\u00e7oit juste sa fa\u00e7ade color\u00e9e, encore magnifiquement orn\u00e9e d\u2019une fresque de l\u2019artiste. La seule qui ait surv\u00e9cu. Tout le reste n\u2019est qu\u2019\u00e9ventration et massacre. Tout a \u00e9t\u00e9 arrach\u00e9, tout a \u00e9t\u00e9 vendu. Du moins tout ce qui pouvait \u00eatre d\u00e9plac\u00e9 et transport\u00e9. Seule l\u2019immense fresque n\u2019a pu \u00eatre d\u00e9mont\u00e9e : La sc\u00e8ne d\u2019une vingtaine de m2 aurait sans doute pu se briser sous les violents coups de burin. Exceptionnelle, elle appara\u00eet surr\u00e9aliste dans ce d\u00e9cor de d\u00e9solation, comme un ultime appel. Triste vestige d\u2019un lieu mythique. Dans le village, on murmure que tout est \u00e0 vendre par les h\u00e9ritiers, on parle m\u00eame de plus d\u2019un million d\u2019euros. V\u00e9rit\u00e9 ? Rumeur ? Toujours est-il que jour apr\u00e8s jour, la pluie, le vent et le soleil font leur \u0153uvre\u2026 L\u2019atelier de l\u2019un des plus grands peintres du XXe si\u00e8cle dispara\u00eet peu \u00e0 peu dans l\u2019indiff\u00e9rence \u2013pire, dans l\u2019ignorance !- g\u00e9n\u00e9rale. Que fait donc la R\u00e9gion dont presque tous les coll\u00e8ges et lyc\u00e9es portent le nom de Fernand-L\u00e9ger ? Pourquoi l\u2019Etat laisse t-il ce pr\u00e9cieux morceau de notre patrimoine se d\u00e9labrer ? Le c\u0153ur serr\u00e9, on lance un dernier regard \u00e0 cette maison abandonn\u00e9e de tous en regrettant de n\u2019\u00eatre pas m\u00e9c\u00e8ne.<\/p>\n<\/div>\n<div align=\"justify\">&gt; <a href=\"http:\/\/deliredelart.20minutes-blogs.fr\/album\/la-ferme-musee-de-fernand-leger-a-l-abandon\/\">voir le reportage photos<\/a><\/div>\n","protected":false},"excerpt":{"rendered":"<p>La ferme normande de Fernand L\u00e9ger (1881-1955) est \u00e0 vendre. Elle se niche au creux d\u2019un vallon, \u00e0 Lisores, dans l\u2019Orne. Le pionnier du Cubisme, tr\u00e8s attach\u00e9 \u00e0 sa r\u00e9gion natale, y a r\u00e9alis\u00e9 c\u00e9ramiques et vitraux. Un voisin se souvient encore de cette \u00e9poque b\u00e9nie o\u00f9, enfant, il regardait, \u00e9bahi, la femme du peintre [&hellip;]<\/p>\n","protected":false},"author":1,"featured_media":1157,"comment_status":"closed","ping_status":"closed","sticky":false,"template":"","format":"standard","meta":{"inline_featured_image":false,"tdm_status":"","tdm_grid_status":"","footnotes":""},"categories":[1166],"tags":[],"class_list":{"0":"post-104","1":"post","2":"type-post","3":"status-publish","4":"format-standard","5":"has-post-thumbnail","7":"category-masterpiece"},"yoast_head":"<!-- This site is optimized with the Yoast SEO plugin v27.5 - https:\/\/yoast.com\/product\/yoast-seo-wordpress\/ -->\n<title>La ferme-mus\u00e9e de Fernand L\u00e9ger laiss\u00e9e \u00e0 l\u2019abandon par ses h\u00e9ritiers - GREAT-ARTMAG<\/title>\n<meta name=\"robots\" content=\"index, follow, max-snippet:-1, max-image-preview:large, max-video-preview:-1\" \/>\n<link rel=\"canonical\" href=\"https:\/\/great-artmag.com\/en\/la-ferme-musee-de-fernand-leger-laissee-a-labandon-par-ses-heritiers\/\" \/>\n<meta property=\"og:locale\" content=\"en_US\" \/>\n<meta property=\"og:type\" content=\"article\" \/>\n<meta property=\"og:title\" content=\"La ferme-mus\u00e9e de Fernand L\u00e9ger laiss\u00e9e \u00e0 l\u2019abandon par ses h\u00e9ritiers - GREAT-ARTMAG\" \/>\n<meta property=\"og:description\" content=\"La ferme normande de Fernand L\u00e9ger (1881-1955) est \u00e0 vendre. Elle se niche au creux d\u2019un vallon, \u00e0 Lisores, dans l\u2019Orne. Le pionnier du Cubisme, tr\u00e8s attach\u00e9 \u00e0 sa r\u00e9gion natale, y a r\u00e9alis\u00e9 c\u00e9ramiques et vitraux. Un voisin se souvient encore de cette \u00e9poque b\u00e9nie o\u00f9, enfant, il regardait, \u00e9bahi, la femme du peintre [&hellip;]\" \/>\n<meta property=\"og:url\" content=\"https:\/\/great-artmag.com\/en\/la-ferme-musee-de-fernand-leger-laissee-a-labandon-par-ses-heritiers\/\" \/>\n<meta property=\"og:site_name\" content=\"GREAT-ARTMAG\" \/>\n<meta property=\"article:published_time\" content=\"2008-07-17T07:00:00+00:00\" \/>\n<meta property=\"article:modified_time\" content=\"2026-02-20T17:49:56+00:00\" \/>\n<meta property=\"og:image\" content=\"https:\/\/great-artmag.com\/wp-content\/uploads\/2008\/07\/ferme-musee_fernand-leger-scaled-1.jpg\" \/>\n\t<meta property=\"og:image:width\" content=\"2560\" \/>\n\t<meta property=\"og:image:height\" content=\"1920\" \/>\n\t<meta property=\"og:image:type\" content=\"image\/jpeg\" \/>\n<meta name=\"author\" content=\"Alexia Gugg\u00e9mos\" \/>\n<meta name=\"twitter:card\" content=\"summary_large_image\" \/>\n<meta name=\"twitter:label1\" content=\"Written by\" \/>\n\t<meta name=\"twitter:data1\" content=\"Alexia Gugg\u00e9mos\" \/>\n\t<meta name=\"twitter:label2\" content=\"Est. reading time\" \/>\n\t<meta name=\"twitter:data2\" content=\"3 minutes\" \/>\n<script type=\"application\/ld+json\" class=\"yoast-schema-graph\">{\"@context\":\"https:\\\/\\\/schema.org\",\"@graph\":[{\"@type\":\"Article\",\"@id\":\"https:\\\/\\\/great-artmag.com\\\/en\\\/la-ferme-musee-de-fernand-leger-laissee-a-labandon-par-ses-heritiers\\\/#article\",\"isPartOf\":{\"@id\":\"https:\\\/\\\/great-artmag.com\\\/en\\\/la-ferme-musee-de-fernand-leger-laissee-a-labandon-par-ses-heritiers\\\/\"},\"author\":{\"name\":\"Alexia Gugg\u00e9mos\",\"@id\":\"https:\\\/\\\/great-artmag.com\\\/en\\\/#\\\/schema\\\/person\\\/07a768635fe6f6d87951dc8ae985eeda\"},\"headline\":\"La ferme-mus\u00e9e de Fernand L\u00e9ger laiss\u00e9e \u00e0 l\u2019abandon par ses h\u00e9ritiers\",\"datePublished\":\"2008-07-17T07:00:00+00:00\",\"dateModified\":\"2026-02-20T17:49:56+00:00\",\"mainEntityOfPage\":{\"@id\":\"https:\\\/\\\/great-artmag.com\\\/en\\\/la-ferme-musee-de-fernand-leger-laissee-a-labandon-par-ses-heritiers\\\/\"},\"wordCount\":398,\"publisher\":{\"@id\":\"https:\\\/\\\/great-artmag.com\\\/en\\\/#organization\"},\"image\":{\"@id\":\"https:\\\/\\\/great-artmag.com\\\/en\\\/la-ferme-musee-de-fernand-leger-laissee-a-labandon-par-ses-heritiers\\\/#primaryimage\"},\"thumbnailUrl\":\"https:\\\/\\\/great-artmag.com\\\/wp-content\\\/uploads\\\/2008\\\/07\\\/ferme-musee_fernand-leger-scaled-1.jpg\",\"articleSection\":[\"MASTERPIECE\"],\"inLanguage\":\"en-US\"},{\"@type\":\"WebPage\",\"@id\":\"https:\\\/\\\/great-artmag.com\\\/en\\\/la-ferme-musee-de-fernand-leger-laissee-a-labandon-par-ses-heritiers\\\/\",\"url\":\"https:\\\/\\\/great-artmag.com\\\/en\\\/la-ferme-musee-de-fernand-leger-laissee-a-labandon-par-ses-heritiers\\\/\",\"name\":\"La ferme-mus\u00e9e de Fernand L\u00e9ger laiss\u00e9e \u00e0 l\u2019abandon par ses h\u00e9ritiers - GREAT-ARTMAG\",\"isPartOf\":{\"@id\":\"https:\\\/\\\/great-artmag.com\\\/en\\\/#website\"},\"primaryImageOfPage\":{\"@id\":\"https:\\\/\\\/great-artmag.com\\\/en\\\/la-ferme-musee-de-fernand-leger-laissee-a-labandon-par-ses-heritiers\\\/#primaryimage\"},\"image\":{\"@id\":\"https:\\\/\\\/great-artmag.com\\\/en\\\/la-ferme-musee-de-fernand-leger-laissee-a-labandon-par-ses-heritiers\\\/#primaryimage\"},\"thumbnailUrl\":\"https:\\\/\\\/great-artmag.com\\\/wp-content\\\/uploads\\\/2008\\\/07\\\/ferme-musee_fernand-leger-scaled-1.jpg\",\"datePublished\":\"2008-07-17T07:00:00+00:00\",\"dateModified\":\"2026-02-20T17:49:56+00:00\",\"breadcrumb\":{\"@id\":\"https:\\\/\\\/great-artmag.com\\\/en\\\/la-ferme-musee-de-fernand-leger-laissee-a-labandon-par-ses-heritiers\\\/#breadcrumb\"},\"inLanguage\":\"en-US\",\"potentialAction\":[{\"@type\":\"ReadAction\",\"target\":[\"https:\\\/\\\/great-artmag.com\\\/en\\\/la-ferme-musee-de-fernand-leger-laissee-a-labandon-par-ses-heritiers\\\/\"]}]},{\"@type\":\"ImageObject\",\"inLanguage\":\"en-US\",\"@id\":\"https:\\\/\\\/great-artmag.com\\\/en\\\/la-ferme-musee-de-fernand-leger-laissee-a-labandon-par-ses-heritiers\\\/#primaryimage\",\"url\":\"https:\\\/\\\/great-artmag.com\\\/wp-content\\\/uploads\\\/2008\\\/07\\\/ferme-musee_fernand-leger-scaled-1.jpg\",\"contentUrl\":\"https:\\\/\\\/great-artmag.com\\\/wp-content\\\/uploads\\\/2008\\\/07\\\/ferme-musee_fernand-leger-scaled-1.jpg\",\"width\":2560,\"height\":1920},{\"@type\":\"BreadcrumbList\",\"@id\":\"https:\\\/\\\/great-artmag.com\\\/en\\\/la-ferme-musee-de-fernand-leger-laissee-a-labandon-par-ses-heritiers\\\/#breadcrumb\",\"itemListElement\":[{\"@type\":\"ListItem\",\"position\":1,\"name\":\"Accueil\",\"item\":\"https:\\\/\\\/great-artmag.com\\\/en\\\/\"},{\"@type\":\"ListItem\",\"position\":2,\"name\":\"La ferme-mus\u00e9e de Fernand L\u00e9ger laiss\u00e9e \u00e0 l\u2019abandon par ses h\u00e9ritiers\"}]},{\"@type\":\"WebSite\",\"@id\":\"https:\\\/\\\/great-artmag.com\\\/en\\\/#website\",\"url\":\"https:\\\/\\\/great-artmag.com\\\/en\\\/\",\"name\":\"Great ArtMag\",\"description\":\"Le Magazine des H\u00e9donistes\",\"publisher\":{\"@id\":\"https:\\\/\\\/great-artmag.com\\\/en\\\/#organization\"},\"potentialAction\":[{\"@type\":\"SearchAction\",\"target\":{\"@type\":\"EntryPoint\",\"urlTemplate\":\"https:\\\/\\\/great-artmag.com\\\/en\\\/?s={search_term_string}\"},\"query-input\":{\"@type\":\"PropertyValueSpecification\",\"valueRequired\":true,\"valueName\":\"search_term_string\"}}],\"inLanguage\":\"en-US\"},{\"@type\":\"Organization\",\"@id\":\"https:\\\/\\\/great-artmag.com\\\/en\\\/#organization\",\"name\":\"GREAT ARTMAG\",\"url\":\"https:\\\/\\\/great-artmag.com\\\/en\\\/\",\"logo\":{\"@type\":\"ImageObject\",\"inLanguage\":\"en-US\",\"@id\":\"https:\\\/\\\/great-artmag.com\\\/en\\\/#\\\/schema\\\/logo\\\/image\\\/\",\"url\":\"https:\\\/\\\/great-artmag.com\\\/wp-content\\\/uploads\\\/2024\\\/07\\\/IMG_5403.jpg\",\"contentUrl\":\"https:\\\/\\\/great-artmag.com\\\/wp-content\\\/uploads\\\/2024\\\/07\\\/IMG_5403.jpg\",\"width\":860,\"height\":368,\"caption\":\"GREAT ARTMAG\"},\"image\":{\"@id\":\"https:\\\/\\\/great-artmag.com\\\/en\\\/#\\\/schema\\\/logo\\\/image\\\/\"},\"sameAs\":[\"https:\\\/\\\/www.instagram.com\\\/great_artmag\"]},{\"@type\":\"Person\",\"@id\":\"https:\\\/\\\/great-artmag.com\\\/en\\\/#\\\/schema\\\/person\\\/07a768635fe6f6d87951dc8ae985eeda\",\"name\":\"Alexia Gugg\u00e9mos\",\"url\":\"https:\\\/\\\/great-artmag.com\\\/en\\\/author\\\/admin5782\\\/\"}]}<\/script>\n<!-- \/ Yoast SEO plugin. -->","yoast_head_json":{"title":"La ferme-mus\u00e9e de Fernand L\u00e9ger laiss\u00e9e \u00e0 l\u2019abandon par ses h\u00e9ritiers - GREAT-ARTMAG","robots":{"index":"index","follow":"follow","max-snippet":"max-snippet:-1","max-image-preview":"max-image-preview:large","max-video-preview":"max-video-preview:-1"},"canonical":"https:\/\/great-artmag.com\/en\/la-ferme-musee-de-fernand-leger-laissee-a-labandon-par-ses-heritiers\/","og_locale":"en_US","og_type":"article","og_title":"La ferme-mus\u00e9e de Fernand L\u00e9ger laiss\u00e9e \u00e0 l\u2019abandon par ses h\u00e9ritiers - GREAT-ARTMAG","og_description":"La ferme normande de Fernand L\u00e9ger (1881-1955) est \u00e0 vendre. Elle se niche au creux d\u2019un vallon, \u00e0 Lisores, dans l\u2019Orne. Le pionnier du Cubisme, tr\u00e8s attach\u00e9 \u00e0 sa r\u00e9gion natale, y a r\u00e9alis\u00e9 c\u00e9ramiques et vitraux. Un voisin se souvient encore de cette \u00e9poque b\u00e9nie o\u00f9, enfant, il regardait, \u00e9bahi, la femme du peintre [&hellip;]","og_url":"https:\/\/great-artmag.com\/en\/la-ferme-musee-de-fernand-leger-laissee-a-labandon-par-ses-heritiers\/","og_site_name":"GREAT-ARTMAG","article_published_time":"2008-07-17T07:00:00+00:00","article_modified_time":"2026-02-20T17:49:56+00:00","og_image":[{"width":2560,"height":1920,"url":"https:\/\/great-artmag.com\/wp-content\/uploads\/2008\/07\/ferme-musee_fernand-leger-scaled-1.jpg","type":"image\/jpeg"}],"author":"Alexia Gugg\u00e9mos","twitter_card":"summary_large_image","twitter_misc":{"Written by":"Alexia Gugg\u00e9mos","Est. reading time":"3 minutes"},"schema":{"@context":"https:\/\/schema.org","@graph":[{"@type":"Article","@id":"https:\/\/great-artmag.com\/en\/la-ferme-musee-de-fernand-leger-laissee-a-labandon-par-ses-heritiers\/#article","isPartOf":{"@id":"https:\/\/great-artmag.com\/en\/la-ferme-musee-de-fernand-leger-laissee-a-labandon-par-ses-heritiers\/"},"author":{"name":"Alexia Gugg\u00e9mos","@id":"https:\/\/great-artmag.com\/en\/#\/schema\/person\/07a768635fe6f6d87951dc8ae985eeda"},"headline":"La ferme-mus\u00e9e de Fernand L\u00e9ger laiss\u00e9e \u00e0 l\u2019abandon par ses h\u00e9ritiers","datePublished":"2008-07-17T07:00:00+00:00","dateModified":"2026-02-20T17:49:56+00:00","mainEntityOfPage":{"@id":"https:\/\/great-artmag.com\/en\/la-ferme-musee-de-fernand-leger-laissee-a-labandon-par-ses-heritiers\/"},"wordCount":398,"publisher":{"@id":"https:\/\/great-artmag.com\/en\/#organization"},"image":{"@id":"https:\/\/great-artmag.com\/en\/la-ferme-musee-de-fernand-leger-laissee-a-labandon-par-ses-heritiers\/#primaryimage"},"thumbnailUrl":"https:\/\/great-artmag.com\/wp-content\/uploads\/2008\/07\/ferme-musee_fernand-leger-scaled-1.jpg","articleSection":["MASTERPIECE"],"inLanguage":"en-US"},{"@type":"WebPage","@id":"https:\/\/great-artmag.com\/en\/la-ferme-musee-de-fernand-leger-laissee-a-labandon-par-ses-heritiers\/","url":"https:\/\/great-artmag.com\/en\/la-ferme-musee-de-fernand-leger-laissee-a-labandon-par-ses-heritiers\/","name":"La ferme-mus\u00e9e de Fernand L\u00e9ger laiss\u00e9e \u00e0 l\u2019abandon par ses h\u00e9ritiers - GREAT-ARTMAG","isPartOf":{"@id":"https:\/\/great-artmag.com\/en\/#website"},"primaryImageOfPage":{"@id":"https:\/\/great-artmag.com\/en\/la-ferme-musee-de-fernand-leger-laissee-a-labandon-par-ses-heritiers\/#primaryimage"},"image":{"@id":"https:\/\/great-artmag.com\/en\/la-ferme-musee-de-fernand-leger-laissee-a-labandon-par-ses-heritiers\/#primaryimage"},"thumbnailUrl":"https:\/\/great-artmag.com\/wp-content\/uploads\/2008\/07\/ferme-musee_fernand-leger-scaled-1.jpg","datePublished":"2008-07-17T07:00:00+00:00","dateModified":"2026-02-20T17:49:56+00:00","breadcrumb":{"@id":"https:\/\/great-artmag.com\/en\/la-ferme-musee-de-fernand-leger-laissee-a-labandon-par-ses-heritiers\/#breadcrumb"},"inLanguage":"en-US","potentialAction":[{"@type":"ReadAction","target":["https:\/\/great-artmag.com\/en\/la-ferme-musee-de-fernand-leger-laissee-a-labandon-par-ses-heritiers\/"]}]},{"@type":"ImageObject","inLanguage":"en-US","@id":"https:\/\/great-artmag.com\/en\/la-ferme-musee-de-fernand-leger-laissee-a-labandon-par-ses-heritiers\/#primaryimage","url":"https:\/\/great-artmag.com\/wp-content\/uploads\/2008\/07\/ferme-musee_fernand-leger-scaled-1.jpg","contentUrl":"https:\/\/great-artmag.com\/wp-content\/uploads\/2008\/07\/ferme-musee_fernand-leger-scaled-1.jpg","width":2560,"height":1920},{"@type":"BreadcrumbList","@id":"https:\/\/great-artmag.com\/en\/la-ferme-musee-de-fernand-leger-laissee-a-labandon-par-ses-heritiers\/#breadcrumb","itemListElement":[{"@type":"ListItem","position":1,"name":"Accueil","item":"https:\/\/great-artmag.com\/en\/"},{"@type":"ListItem","position":2,"name":"La ferme-mus\u00e9e de Fernand L\u00e9ger laiss\u00e9e \u00e0 l\u2019abandon par ses h\u00e9ritiers"}]},{"@type":"WebSite","@id":"https:\/\/great-artmag.com\/en\/#website","url":"https:\/\/great-artmag.com\/en\/","name":"Great ArtMag","description":"Le Magazine des H\u00e9donistes","publisher":{"@id":"https:\/\/great-artmag.com\/en\/#organization"},"potentialAction":[{"@type":"SearchAction","target":{"@type":"EntryPoint","urlTemplate":"https:\/\/great-artmag.com\/en\/?s={search_term_string}"},"query-input":{"@type":"PropertyValueSpecification","valueRequired":true,"valueName":"search_term_string"}}],"inLanguage":"en-US"},{"@type":"Organization","@id":"https:\/\/great-artmag.com\/en\/#organization","name":"GREAT ARTMAG","url":"https:\/\/great-artmag.com\/en\/","logo":{"@type":"ImageObject","inLanguage":"en-US","@id":"https:\/\/great-artmag.com\/en\/#\/schema\/logo\/image\/","url":"https:\/\/great-artmag.com\/wp-content\/uploads\/2024\/07\/IMG_5403.jpg","contentUrl":"https:\/\/great-artmag.com\/wp-content\/uploads\/2024\/07\/IMG_5403.jpg","width":860,"height":368,"caption":"GREAT ARTMAG"},"image":{"@id":"https:\/\/great-artmag.com\/en\/#\/schema\/logo\/image\/"},"sameAs":["https:\/\/www.instagram.com\/great_artmag"]},{"@type":"Person","@id":"https:\/\/great-artmag.com\/en\/#\/schema\/person\/07a768635fe6f6d87951dc8ae985eeda","name":"Alexia Gugg\u00e9mos","url":"https:\/\/great-artmag.com\/en\/author\/admin5782\/"}]}},"amp_enabled":true,"_links":{"self":[{"href":"https:\/\/great-artmag.com\/en\/wp-json\/wp\/v2\/posts\/104","targetHints":{"allow":["GET"]}}],"collection":[{"href":"https:\/\/great-artmag.com\/en\/wp-json\/wp\/v2\/posts"}],"about":[{"href":"https:\/\/great-artmag.com\/en\/wp-json\/wp\/v2\/types\/post"}],"author":[{"embeddable":true,"href":"https:\/\/great-artmag.com\/en\/wp-json\/wp\/v2\/users\/1"}],"replies":[{"embeddable":true,"href":"https:\/\/great-artmag.com\/en\/wp-json\/wp\/v2\/comments?post=104"}],"version-history":[{"count":0,"href":"https:\/\/great-artmag.com\/en\/wp-json\/wp\/v2\/posts\/104\/revisions"}],"wp:featuredmedia":[{"embeddable":true,"href":"https:\/\/great-artmag.com\/en\/wp-json\/wp\/v2\/media\/1157"}],"wp:attachment":[{"href":"https:\/\/great-artmag.com\/en\/wp-json\/wp\/v2\/media?parent=104"}],"wp:term":[{"taxonomy":"category","embeddable":true,"href":"https:\/\/great-artmag.com\/en\/wp-json\/wp\/v2\/categories?post=104"},{"taxonomy":"post_tag","embeddable":true,"href":"https:\/\/great-artmag.com\/en\/wp-json\/wp\/v2\/tags?post=104"}],"curies":[{"name":"wp","href":"https:\/\/api.w.org\/{rel}","templated":true}]}}