{"id":2020,"date":"2020-02-27T16:59:59","date_gmt":"2020-02-27T15:59:59","guid":{"rendered":"https:\/\/unik-artmag.com\/?p=2020"},"modified":"2020-02-27T16:59:59","modified_gmt":"2020-02-27T15:59:59","slug":"bassins-de-lumieres-gustave-klimt-et-paul-klee-a-la-base-sous-marine-de-bordeaux","status":"publish","type":"post","link":"https:\/\/great-artmag.com\/en\/bassins-de-lumieres-gustave-klimt-et-paul-klee-a-la-base-sous-marine-de-bordeaux\/","title":{"rendered":"Bassins de Lumi\u00e8res : Gustave Klimt et Paul Klee \u00e0 la Base sous-marine de Bordeaux"},"content":{"rendered":"\n<p><strong>La Base sous-marine de Bordeaux voit na\u00eetre, apr\u00e8s un an de travaux, son projet du Bassins de Lumi\u00e8res, le 17 avril 2020. L\u2019installation permanente qui prend place parmi les 4 principaux bassins de la base sous-marine propose des projections son et lumi\u00e8re mettant en sc\u00e8ne les plus grands noms de la peinture : Gustave Klimt et Paul Klee. <\/strong><\/p>\n\n\n\n<p>110 m\u00e8tres de long, 24 m\u00e8tres de large, 14 m\u00e8tres de haut, mis en sc\u00e8ne par 95 projecteurs, 80 enceintes, 120km de fibre optique&#8230; Ce sont les chiffres d\u2019un renouvellement au sein de la Base sous-marine de Bordeaux qui voit 4 de ses 11 alv\u00e9oles r\u00e9am\u00e9nag\u00e9es en espaces d\u2019exposition, et ce, au service de l\u2019art. C\u2019est l\u2019entreprise <a href=\"https:\/\/www.culturespaces.com\/fr\/home\">Culturespaces<\/a>, \u00e0 l&#8217;origine du projet. Mais ici, les dimensions sont 5 fois sup\u00e9rieures \u00e0 la taille des projections de Paris et 2 fois celui du sud de la France. Ce qu&#8217;il y a de nouveau, c&#8217;est le mouvement de l\u2019eau trouble des bassins, qui donne une exp\u00e9rience \u00e9poustouflante dans un lieu charg\u00e9 d\u2019histoire. <\/p>\n\n\n\n<p>Les Bassins de Lumi\u00e8re pr\u00e9sentent deux expositions, une sur l\u2019oeuvre de Gustave Klimt (1862-1918) &#8221;D\u2019or et de couleurs&#8221; et une sur Paul Klee (1879-1940) &#8221;Peindre la musique&#8221;. Le directeur du projet Augustin de Cointet de Fillain nous explique le d\u00e9roulement : <em>&#8221;Les deux expositions sont pr\u00e9sent\u00e9es l\u2019une apr\u00e8s l\u2019autre, pendant une trentaine de minutes chacune, tout au long de la journ\u00e9e dans les quatre alv\u00e9oles simultan\u00e9ment mais avec un traitement visuel sp\u00e9cifique \u00e0 chaque alv\u00e9ole. Nous avons voulu respecter l\u2019\u00e2me de ce lieu tr\u00e8s particulier. Un espace sera d\u2019ailleurs consacr\u00e9 \u00e0 son histoire\u2019\u2019. <\/em>Le visiteur est donc invit\u00e9 \u00e0 d\u00e9ambuler parmi les diff\u00e9rents bassins, libre d\u2019emprunter tous les passages.<\/p>\n\n\n\n<p>Sur la Base sous-marine, deux salles ind\u00e9pendantes isol\u00e9es du reste de l\u2019exposition. La &#8221;citerne&#8221;, un lieu de 150m2 o\u00f9 seront expos\u00e9es les oeuvres originales de Klimt et de Klee qui sont projet\u00e9es dans les bassins, et, le &#8221;cube&#8221;, un espace de 220m2 o\u00f9 sont expos\u00e9s des cr\u00e9ations contemporaines d\u2019artistes internationaux autant que de jeunes bordelais, les premiers \u00e0 s\u2019y installer \u00e9tant le collectif turc OUCHHH avec &#8221;Ocean data&#8221; et le collectif bordelais Organ\u2019Phantom avec &#8221;Anitya&#8221;. <\/p>\n\n\n\n<p>Lieu embl\u00e9matique de la ville de Bordeaux, la Base sous-marine se place parmi les nouveaux grands p\u00f4les d\u2019art contemporain de la ville aux c\u00f4t\u00e9s du CAPC, de la M\u00e9ca, et de la Fabrique Pola. <\/p>\n\n\n\n<p>Site officiel du Bassin de Lumi\u00e8res <a href=\"https:\/\/www.bassins-lumieres.com\/\">https:\/\/www.bassins-lumieres.com\/ <\/a><\/p>\n","protected":false},"excerpt":{"rendered":"<p>La Base sous-marine de Bordeaux voit na\u00eetre, apr\u00e8s un an de travaux, son projet du Bassins de Lumi\u00e8res, le 17 avril 2020. L\u2019installation permanente qui prend place parmi les 4 principaux bassins de la base sous-marine propose des projections son et lumi\u00e8re mettant en sc\u00e8ne les plus grands noms de la peinture : Gustave Klimt [&hellip;]<\/p>\n","protected":false},"author":1,"featured_media":2021,"comment_status":"open","ping_status":"closed","sticky":false,"template":"","format":"standard","meta":{"inline_featured_image":false,"tdm_status":"","tdm_grid_status":"","footnotes":""},"categories":[1163],"tags":[],"class_list":["post-2020","post","type-post","status-publish","format-standard","has-post-thumbnail","hentry","category-exposition"],"yoast_head":"<!-- This site is optimized with the Yoast SEO plugin v27.5 - https:\/\/yoast.com\/product\/yoast-seo-wordpress\/ -->\n<title>Bassins de Lumi\u00e8res : Gustave Klimt et Paul Klee \u00e0 la Base sous-marine de Bordeaux - GREAT-ARTMAG<\/title>\n<meta name=\"robots\" content=\"index, follow, max-snippet:-1, max-image-preview:large, max-video-preview:-1\" \/>\n<link rel=\"canonical\" href=\"https:\/\/great-artmag.com\/en\/bassins-de-lumieres-gustave-klimt-et-paul-klee-a-la-base-sous-marine-de-bordeaux\/\" \/>\n<meta property=\"og:locale\" content=\"en_US\" \/>\n<meta property=\"og:type\" content=\"article\" \/>\n<meta property=\"og:title\" content=\"Bassins de Lumi\u00e8res : Gustave Klimt et Paul Klee \u00e0 la Base sous-marine de Bordeaux - GREAT-ARTMAG\" \/>\n<meta property=\"og:description\" content=\"La Base sous-marine de Bordeaux voit na\u00eetre, apr\u00e8s un an de travaux, son projet du Bassins de Lumi\u00e8res, le 17 avril 2020. L\u2019installation permanente qui prend place parmi les 4 principaux bassins de la base sous-marine propose des projections son et lumi\u00e8re mettant en sc\u00e8ne les plus grands noms de la peinture : Gustave Klimt [&hellip;]\" \/>\n<meta property=\"og:url\" content=\"https:\/\/great-artmag.com\/en\/bassins-de-lumieres-gustave-klimt-et-paul-klee-a-la-base-sous-marine-de-bordeaux\/\" \/>\n<meta property=\"og:site_name\" content=\"GREAT-ARTMAG\" \/>\n<meta property=\"article:published_time\" content=\"2020-02-27T15:59:59+00:00\" \/>\n<meta property=\"og:image\" content=\"https:\/\/great-artmag.com\/wp-content\/uploads\/2020\/02\/klimt-bordeaux-scaled-1.jpeg\" \/>\n\t<meta property=\"og:image:width\" content=\"2560\" \/>\n\t<meta property=\"og:image:height\" content=\"1440\" \/>\n\t<meta property=\"og:image:type\" content=\"image\/jpeg\" \/>\n<meta name=\"author\" content=\"Alexia Gugg\u00e9mos\" \/>\n<meta name=\"twitter:card\" content=\"summary_large_image\" \/>\n<meta name=\"twitter:label1\" content=\"Written by\" \/>\n\t<meta name=\"twitter:data1\" content=\"Alexia Gugg\u00e9mos\" \/>\n\t<meta name=\"twitter:label2\" content=\"Est. reading time\" \/>\n\t<meta name=\"twitter:data2\" content=\"2 minutes\" \/>\n<script type=\"application\/ld+json\" class=\"yoast-schema-graph\">{\"@context\":\"https:\\\/\\\/schema.org\",\"@graph\":[{\"@type\":\"Article\",\"@id\":\"https:\\\/\\\/great-artmag.com\\\/en\\\/bassins-de-lumieres-gustave-klimt-et-paul-klee-a-la-base-sous-marine-de-bordeaux\\\/#article\",\"isPartOf\":{\"@id\":\"https:\\\/\\\/great-artmag.com\\\/en\\\/bassins-de-lumieres-gustave-klimt-et-paul-klee-a-la-base-sous-marine-de-bordeaux\\\/\"},\"author\":{\"name\":\"Alexia Gugg\u00e9mos\",\"@id\":\"https:\\\/\\\/great-artmag.com\\\/en\\\/#\\\/schema\\\/person\\\/07a768635fe6f6d87951dc8ae985eeda\"},\"headline\":\"Bassins de Lumi\u00e8res : Gustave Klimt et Paul Klee \u00e0 la Base sous-marine de Bordeaux\",\"datePublished\":\"2020-02-27T15:59:59+00:00\",\"mainEntityOfPage\":{\"@id\":\"https:\\\/\\\/great-artmag.com\\\/en\\\/bassins-de-lumieres-gustave-klimt-et-paul-klee-a-la-base-sous-marine-de-bordeaux\\\/\"},\"wordCount\":454,\"commentCount\":0,\"publisher\":{\"@id\":\"https:\\\/\\\/great-artmag.com\\\/en\\\/#organization\"},\"image\":{\"@id\":\"https:\\\/\\\/great-artmag.com\\\/en\\\/bassins-de-lumieres-gustave-klimt-et-paul-klee-a-la-base-sous-marine-de-bordeaux\\\/#primaryimage\"},\"thumbnailUrl\":\"https:\\\/\\\/great-artmag.com\\\/wp-content\\\/uploads\\\/2020\\\/02\\\/klimt-bordeaux-scaled-1.jpeg\",\"articleSection\":[\"EXPOSITIONS\"],\"inLanguage\":\"en-US\",\"potentialAction\":[{\"@type\":\"CommentAction\",\"name\":\"Comment\",\"target\":[\"https:\\\/\\\/great-artmag.com\\\/en\\\/bassins-de-lumieres-gustave-klimt-et-paul-klee-a-la-base-sous-marine-de-bordeaux\\\/#respond\"]}]},{\"@type\":\"WebPage\",\"@id\":\"https:\\\/\\\/great-artmag.com\\\/en\\\/bassins-de-lumieres-gustave-klimt-et-paul-klee-a-la-base-sous-marine-de-bordeaux\\\/\",\"url\":\"https:\\\/\\\/great-artmag.com\\\/en\\\/bassins-de-lumieres-gustave-klimt-et-paul-klee-a-la-base-sous-marine-de-bordeaux\\\/\",\"name\":\"Bassins de Lumi\u00e8res : Gustave Klimt et Paul Klee \u00e0 la Base sous-marine de Bordeaux - GREAT-ARTMAG\",\"isPartOf\":{\"@id\":\"https:\\\/\\\/great-artmag.com\\\/en\\\/#website\"},\"primaryImageOfPage\":{\"@id\":\"https:\\\/\\\/great-artmag.com\\\/en\\\/bassins-de-lumieres-gustave-klimt-et-paul-klee-a-la-base-sous-marine-de-bordeaux\\\/#primaryimage\"},\"image\":{\"@id\":\"https:\\\/\\\/great-artmag.com\\\/en\\\/bassins-de-lumieres-gustave-klimt-et-paul-klee-a-la-base-sous-marine-de-bordeaux\\\/#primaryimage\"},\"thumbnailUrl\":\"https:\\\/\\\/great-artmag.com\\\/wp-content\\\/uploads\\\/2020\\\/02\\\/klimt-bordeaux-scaled-1.jpeg\",\"datePublished\":\"2020-02-27T15:59:59+00:00\",\"breadcrumb\":{\"@id\":\"https:\\\/\\\/great-artmag.com\\\/en\\\/bassins-de-lumieres-gustave-klimt-et-paul-klee-a-la-base-sous-marine-de-bordeaux\\\/#breadcrumb\"},\"inLanguage\":\"en-US\",\"potentialAction\":[{\"@type\":\"ReadAction\",\"target\":[\"https:\\\/\\\/great-artmag.com\\\/en\\\/bassins-de-lumieres-gustave-klimt-et-paul-klee-a-la-base-sous-marine-de-bordeaux\\\/\"]}]},{\"@type\":\"ImageObject\",\"inLanguage\":\"en-US\",\"@id\":\"https:\\\/\\\/great-artmag.com\\\/en\\\/bassins-de-lumieres-gustave-klimt-et-paul-klee-a-la-base-sous-marine-de-bordeaux\\\/#primaryimage\",\"url\":\"https:\\\/\\\/great-artmag.com\\\/wp-content\\\/uploads\\\/2020\\\/02\\\/klimt-bordeaux-scaled-1.jpeg\",\"contentUrl\":\"https:\\\/\\\/great-artmag.com\\\/wp-content\\\/uploads\\\/2020\\\/02\\\/klimt-bordeaux-scaled-1.jpeg\",\"width\":2560,\"height\":1440},{\"@type\":\"BreadcrumbList\",\"@id\":\"https:\\\/\\\/great-artmag.com\\\/en\\\/bassins-de-lumieres-gustave-klimt-et-paul-klee-a-la-base-sous-marine-de-bordeaux\\\/#breadcrumb\",\"itemListElement\":[{\"@type\":\"ListItem\",\"position\":1,\"name\":\"Accueil\",\"item\":\"https:\\\/\\\/great-artmag.com\\\/en\\\/\"},{\"@type\":\"ListItem\",\"position\":2,\"name\":\"Bassins de Lumi\u00e8res : Gustave Klimt et Paul Klee \u00e0 la Base sous-marine de Bordeaux\"}]},{\"@type\":\"WebSite\",\"@id\":\"https:\\\/\\\/great-artmag.com\\\/en\\\/#website\",\"url\":\"https:\\\/\\\/great-artmag.com\\\/en\\\/\",\"name\":\"Great ArtMag\",\"description\":\"Le Magazine des H\u00e9donistes\",\"publisher\":{\"@id\":\"https:\\\/\\\/great-artmag.com\\\/en\\\/#organization\"},\"potentialAction\":[{\"@type\":\"SearchAction\",\"target\":{\"@type\":\"EntryPoint\",\"urlTemplate\":\"https:\\\/\\\/great-artmag.com\\\/en\\\/?s={search_term_string}\"},\"query-input\":{\"@type\":\"PropertyValueSpecification\",\"valueRequired\":true,\"valueName\":\"search_term_string\"}}],\"inLanguage\":\"en-US\"},{\"@type\":\"Organization\",\"@id\":\"https:\\\/\\\/great-artmag.com\\\/en\\\/#organization\",\"name\":\"GREAT ARTMAG\",\"url\":\"https:\\\/\\\/great-artmag.com\\\/en\\\/\",\"logo\":{\"@type\":\"ImageObject\",\"inLanguage\":\"en-US\",\"@id\":\"https:\\\/\\\/great-artmag.com\\\/en\\\/#\\\/schema\\\/logo\\\/image\\\/\",\"url\":\"https:\\\/\\\/great-artmag.com\\\/wp-content\\\/uploads\\\/2024\\\/07\\\/IMG_5403.jpg\",\"contentUrl\":\"https:\\\/\\\/great-artmag.com\\\/wp-content\\\/uploads\\\/2024\\\/07\\\/IMG_5403.jpg\",\"width\":860,\"height\":368,\"caption\":\"GREAT ARTMAG\"},\"image\":{\"@id\":\"https:\\\/\\\/great-artmag.com\\\/en\\\/#\\\/schema\\\/logo\\\/image\\\/\"},\"sameAs\":[\"https:\\\/\\\/www.instagram.com\\\/great_artmag\"]},{\"@type\":\"Person\",\"@id\":\"https:\\\/\\\/great-artmag.com\\\/en\\\/#\\\/schema\\\/person\\\/07a768635fe6f6d87951dc8ae985eeda\",\"name\":\"Alexia Gugg\u00e9mos\",\"url\":\"https:\\\/\\\/great-artmag.com\\\/en\\\/author\\\/admin5782\\\/\"}]}<\/script>\n<!-- \/ Yoast SEO plugin. -->","yoast_head_json":{"title":"Bassins de Lumi\u00e8res : Gustave Klimt et Paul Klee \u00e0 la Base sous-marine de Bordeaux - GREAT-ARTMAG","robots":{"index":"index","follow":"follow","max-snippet":"max-snippet:-1","max-image-preview":"max-image-preview:large","max-video-preview":"max-video-preview:-1"},"canonical":"https:\/\/great-artmag.com\/en\/bassins-de-lumieres-gustave-klimt-et-paul-klee-a-la-base-sous-marine-de-bordeaux\/","og_locale":"en_US","og_type":"article","og_title":"Bassins de Lumi\u00e8res : Gustave Klimt et Paul Klee \u00e0 la Base sous-marine de Bordeaux - GREAT-ARTMAG","og_description":"La Base sous-marine de Bordeaux voit na\u00eetre, apr\u00e8s un an de travaux, son projet du Bassins de Lumi\u00e8res, le 17 avril 2020. L\u2019installation permanente qui prend place parmi les 4 principaux bassins de la base sous-marine propose des projections son et lumi\u00e8re mettant en sc\u00e8ne les plus grands noms de la peinture : Gustave Klimt [&hellip;]","og_url":"https:\/\/great-artmag.com\/en\/bassins-de-lumieres-gustave-klimt-et-paul-klee-a-la-base-sous-marine-de-bordeaux\/","og_site_name":"GREAT-ARTMAG","article_published_time":"2020-02-27T15:59:59+00:00","og_image":[{"width":2560,"height":1440,"url":"https:\/\/great-artmag.com\/wp-content\/uploads\/2020\/02\/klimt-bordeaux-scaled-1.jpeg","type":"image\/jpeg"}],"author":"Alexia Gugg\u00e9mos","twitter_card":"summary_large_image","twitter_misc":{"Written by":"Alexia Gugg\u00e9mos","Est. reading time":"2 minutes"},"schema":{"@context":"https:\/\/schema.org","@graph":[{"@type":"Article","@id":"https:\/\/great-artmag.com\/en\/bassins-de-lumieres-gustave-klimt-et-paul-klee-a-la-base-sous-marine-de-bordeaux\/#article","isPartOf":{"@id":"https:\/\/great-artmag.com\/en\/bassins-de-lumieres-gustave-klimt-et-paul-klee-a-la-base-sous-marine-de-bordeaux\/"},"author":{"name":"Alexia Gugg\u00e9mos","@id":"https:\/\/great-artmag.com\/en\/#\/schema\/person\/07a768635fe6f6d87951dc8ae985eeda"},"headline":"Bassins de Lumi\u00e8res : Gustave Klimt et Paul Klee \u00e0 la Base sous-marine de Bordeaux","datePublished":"2020-02-27T15:59:59+00:00","mainEntityOfPage":{"@id":"https:\/\/great-artmag.com\/en\/bassins-de-lumieres-gustave-klimt-et-paul-klee-a-la-base-sous-marine-de-bordeaux\/"},"wordCount":454,"commentCount":0,"publisher":{"@id":"https:\/\/great-artmag.com\/en\/#organization"},"image":{"@id":"https:\/\/great-artmag.com\/en\/bassins-de-lumieres-gustave-klimt-et-paul-klee-a-la-base-sous-marine-de-bordeaux\/#primaryimage"},"thumbnailUrl":"https:\/\/great-artmag.com\/wp-content\/uploads\/2020\/02\/klimt-bordeaux-scaled-1.jpeg","articleSection":["EXPOSITIONS"],"inLanguage":"en-US","potentialAction":[{"@type":"CommentAction","name":"Comment","target":["https:\/\/great-artmag.com\/en\/bassins-de-lumieres-gustave-klimt-et-paul-klee-a-la-base-sous-marine-de-bordeaux\/#respond"]}]},{"@type":"WebPage","@id":"https:\/\/great-artmag.com\/en\/bassins-de-lumieres-gustave-klimt-et-paul-klee-a-la-base-sous-marine-de-bordeaux\/","url":"https:\/\/great-artmag.com\/en\/bassins-de-lumieres-gustave-klimt-et-paul-klee-a-la-base-sous-marine-de-bordeaux\/","name":"Bassins de Lumi\u00e8res : Gustave Klimt et Paul Klee \u00e0 la Base sous-marine de Bordeaux - GREAT-ARTMAG","isPartOf":{"@id":"https:\/\/great-artmag.com\/en\/#website"},"primaryImageOfPage":{"@id":"https:\/\/great-artmag.com\/en\/bassins-de-lumieres-gustave-klimt-et-paul-klee-a-la-base-sous-marine-de-bordeaux\/#primaryimage"},"image":{"@id":"https:\/\/great-artmag.com\/en\/bassins-de-lumieres-gustave-klimt-et-paul-klee-a-la-base-sous-marine-de-bordeaux\/#primaryimage"},"thumbnailUrl":"https:\/\/great-artmag.com\/wp-content\/uploads\/2020\/02\/klimt-bordeaux-scaled-1.jpeg","datePublished":"2020-02-27T15:59:59+00:00","breadcrumb":{"@id":"https:\/\/great-artmag.com\/en\/bassins-de-lumieres-gustave-klimt-et-paul-klee-a-la-base-sous-marine-de-bordeaux\/#breadcrumb"},"inLanguage":"en-US","potentialAction":[{"@type":"ReadAction","target":["https:\/\/great-artmag.com\/en\/bassins-de-lumieres-gustave-klimt-et-paul-klee-a-la-base-sous-marine-de-bordeaux\/"]}]},{"@type":"ImageObject","inLanguage":"en-US","@id":"https:\/\/great-artmag.com\/en\/bassins-de-lumieres-gustave-klimt-et-paul-klee-a-la-base-sous-marine-de-bordeaux\/#primaryimage","url":"https:\/\/great-artmag.com\/wp-content\/uploads\/2020\/02\/klimt-bordeaux-scaled-1.jpeg","contentUrl":"https:\/\/great-artmag.com\/wp-content\/uploads\/2020\/02\/klimt-bordeaux-scaled-1.jpeg","width":2560,"height":1440},{"@type":"BreadcrumbList","@id":"https:\/\/great-artmag.com\/en\/bassins-de-lumieres-gustave-klimt-et-paul-klee-a-la-base-sous-marine-de-bordeaux\/#breadcrumb","itemListElement":[{"@type":"ListItem","position":1,"name":"Accueil","item":"https:\/\/great-artmag.com\/en\/"},{"@type":"ListItem","position":2,"name":"Bassins de Lumi\u00e8res : Gustave Klimt et Paul Klee \u00e0 la Base sous-marine de Bordeaux"}]},{"@type":"WebSite","@id":"https:\/\/great-artmag.com\/en\/#website","url":"https:\/\/great-artmag.com\/en\/","name":"Great ArtMag","description":"Le Magazine des H\u00e9donistes","publisher":{"@id":"https:\/\/great-artmag.com\/en\/#organization"},"potentialAction":[{"@type":"SearchAction","target":{"@type":"EntryPoint","urlTemplate":"https:\/\/great-artmag.com\/en\/?s={search_term_string}"},"query-input":{"@type":"PropertyValueSpecification","valueRequired":true,"valueName":"search_term_string"}}],"inLanguage":"en-US"},{"@type":"Organization","@id":"https:\/\/great-artmag.com\/en\/#organization","name":"GREAT ARTMAG","url":"https:\/\/great-artmag.com\/en\/","logo":{"@type":"ImageObject","inLanguage":"en-US","@id":"https:\/\/great-artmag.com\/en\/#\/schema\/logo\/image\/","url":"https:\/\/great-artmag.com\/wp-content\/uploads\/2024\/07\/IMG_5403.jpg","contentUrl":"https:\/\/great-artmag.com\/wp-content\/uploads\/2024\/07\/IMG_5403.jpg","width":860,"height":368,"caption":"GREAT ARTMAG"},"image":{"@id":"https:\/\/great-artmag.com\/en\/#\/schema\/logo\/image\/"},"sameAs":["https:\/\/www.instagram.com\/great_artmag"]},{"@type":"Person","@id":"https:\/\/great-artmag.com\/en\/#\/schema\/person\/07a768635fe6f6d87951dc8ae985eeda","name":"Alexia Gugg\u00e9mos","url":"https:\/\/great-artmag.com\/en\/author\/admin5782\/"}]}},"amp_enabled":true,"_links":{"self":[{"href":"https:\/\/great-artmag.com\/en\/wp-json\/wp\/v2\/posts\/2020","targetHints":{"allow":["GET"]}}],"collection":[{"href":"https:\/\/great-artmag.com\/en\/wp-json\/wp\/v2\/posts"}],"about":[{"href":"https:\/\/great-artmag.com\/en\/wp-json\/wp\/v2\/types\/post"}],"author":[{"embeddable":true,"href":"https:\/\/great-artmag.com\/en\/wp-json\/wp\/v2\/users\/1"}],"replies":[{"embeddable":true,"href":"https:\/\/great-artmag.com\/en\/wp-json\/wp\/v2\/comments?post=2020"}],"version-history":[{"count":0,"href":"https:\/\/great-artmag.com\/en\/wp-json\/wp\/v2\/posts\/2020\/revisions"}],"wp:featuredmedia":[{"embeddable":true,"href":"https:\/\/great-artmag.com\/en\/wp-json\/wp\/v2\/media\/2021"}],"wp:attachment":[{"href":"https:\/\/great-artmag.com\/en\/wp-json\/wp\/v2\/media?parent=2020"}],"wp:term":[{"taxonomy":"category","embeddable":true,"href":"https:\/\/great-artmag.com\/en\/wp-json\/wp\/v2\/categories?post=2020"},{"taxonomy":"post_tag","embeddable":true,"href":"https:\/\/great-artmag.com\/en\/wp-json\/wp\/v2\/tags?post=2020"}],"curies":[{"name":"wp","href":"https:\/\/api.w.org\/{rel}","templated":true}]}}