{"id":2422,"date":"2020-07-08T10:08:33","date_gmt":"2020-07-08T08:08:33","guid":{"rendered":"https:\/\/unik-artmag.com\/?p=2422"},"modified":"2026-04-24T07:28:49","modified_gmt":"2026-04-24T05:28:49","slug":"karolina-orzelek-prix-sisley-beaux-arts-de-paris-pour-la-jeune-creation-2020","status":"publish","type":"post","link":"https:\/\/great-artmag.com\/en\/karolina-orzelek-prix-sisley-beaux-arts-de-paris-pour-la-jeune-creation-2020\/","title":{"rendered":"Karolina Orzelek remporte le Prix Sisley Beaux-Arts de Paris"},"content":{"rendered":"<div class=\"wpb-content-wrapper\"><p>[vc_row][vc_column][vc_column_text]<\/p>\r\n<p><strong>R\u00e9compense du Premier Prix Sisley Beaux-Arts de Paris pour la Jeune Cr\u00e9ation, la premi\u00e8re exposition personnelle de Karolina Orzelek se tient au si\u00e8ge parisien de la maison Sisley, au Trois-Cinq Friedland, du 2 juin au 16 juillet 2020.<\/strong><\/p>\r\n\r\n<p>&nbsp;<\/p>\r\n\r\n<div class=\"wp-block-image td-caption-align-https:\/\/great-artmag.com\/wp-content\/uploads\/2020\/07\/karolina-Orzezlk-solstice-1.png\">\r\n<figure class=\"alignleft size-large is-resized\"><img decoding=\"async\" class=\"wp-image-2423\" src=\"https:\/\/great-artmag.com\/wp-content\/uploads\/2020\/07\/karolina-Orzezlk-solstice-1.png\" alt=\"\" width=\"378\" height=\"269\" srcset=\"https:\/\/great-artmag.com\/wp-content\/uploads\/2020\/07\/karolina-Orzezlk-solstice-1.png 1482w, https:\/\/great-artmag.com\/wp-content\/uploads\/2020\/07\/karolina-Orzezlk-solstice-1-1024x732.png 1024w, https:\/\/great-artmag.com\/wp-content\/uploads\/2020\/07\/karolina-Orzezlk-solstice-1-768x549.png 768w, https:\/\/great-artmag.com\/wp-content\/uploads\/2020\/07\/karolina-Orzezlk-solstice-1-587x420.png 587w, https:\/\/great-artmag.com\/wp-content\/uploads\/2020\/07\/karolina-Orzezlk-solstice-1-696x498.png 696w, https:\/\/great-artmag.com\/wp-content\/uploads\/2020\/07\/karolina-Orzezlk-solstice-1-1068x764.png 1068w, https:\/\/great-artmag.com\/wp-content\/uploads\/2020\/07\/karolina-Orzezlk-solstice-1-100x70.png 100w\" sizes=\"(max-width: 378px) 100vw, 378px\" \/>\r\n<figcaption>Karolina Orzelek, Garden Party<\/figcaption>\r\n<\/figure>\r\n<\/div>\r\n\r\n<p>\u00ab <em>Le prix Sisley-Beaux Arts de Paris pour la Jeune Cr\u00e9ation a \u00e9t\u00e9 con\u00e7u comme un encouragement pour les artistes \u00e0 poursuivre leur chemin vers la reconnaissance<\/em> \u00bb, stipulait la convocation adress\u00e9e aux membres d\u2019un jury compos\u00e9 exclusivement de femmes sous la signature de Christine d\u2019Ornano, \u00e0 l\u2019origine du Prix. Une date \u00e0 inscrire dans les agendas, celle du 5 mars 2020 \u00e0 14h \u00e0 l\u2019\u00e9cole des Beaux-Arts de Paris.<\/p>\r\n\r\n<p>Proche des \u00e9tudiants, Kathy Alliou est \u00e0 leur \u00e9coute durant leurs ann\u00e9es d\u2019\u00e9tudes, elle conna\u00eet le nom de chacun, conseille les uns sur l\u2019atelier \u00e0 choisir, les autres sur les diff\u00e9rentes pratiques. C\u2019est donc tout naturellement \u00e0 elle qu\u2019a \u00e9t\u00e9 confi\u00e9e la s\u00e9lection du jury, ainsi qu\u2019\u00e0 David-Herv\u00e9 Boutin, producteur-concepteur d\u2019\u00e9v\u00e9nements artistiques, qui accompagne la maison Sisley dans la programmation de sa saison culturelle.<\/p>\r\n\r\n<p>Quatorze femmes d\u2019influence ont \u00e9t\u00e9 choisies, parmi lesquelles trois actrices du march\u00e9 de l\u2019art\u00a0: <strong>Kathy Alliou<\/strong>\u00a0 et aussi <strong>Yoyo Maeght<\/strong>, \u00e9ditrice et commissaire d\u2019expositions, <strong>Serena Cattaneo<\/strong>, directrice de la galerie Gagosian \u00e0 Paris ; trois critiques d\u2019art\u00a0: <strong>Marie Kalt<\/strong>, r\u00e9dactrice en chef de AD magazine, <strong>Elizabeth Tchoungui<\/strong>, \u00e9crivaine, <strong>Alexia Gugg\u00e9mos, <\/strong>autrice, directrice de l\u2019Observatoire Social M\u00e9dia ; quatre artistes \u00a0: <strong>Nathalie Talec<\/strong>, professeure aux Beaux-Arts de Paris, <strong>Eva Jospin <\/strong>et<strong> Pauline Guerrier<\/strong>, anciennes \u00e9l\u00e8ves des Beaux-Arts de Paris, et <strong>C\u00e9cile Fricker-Lehanneur<\/strong>, designeuse\u00a0; trois collectionneuses\u00a0: <strong>Carmen Busquets<\/strong>, V\u00e9n\u00e9zu\u00e9lienne francophile, \u00e0 l\u2019origine des plus grands succ\u00e8s du luxe sur Internet, <strong>M\u00e9lanie Doutey, <\/strong>com\u00e9dienne et <strong>Anne Majourel<\/strong>, cheffe \u00e9toil\u00e9e. Toutes r\u00e9unies autour de Christine d\u2019Ornano, la pr\u00e9sidente du jury, tr\u00e8s engag\u00e9e au sein de la Fondation du groupe qu\u2019elle dirige.<\/p>\r\n\r\n<p>&nbsp;<\/p>\r\n\r\n<div class=\"wp-block-image td-caption-align-https:\/\/great-artmag.com\/wp-content\/uploads\/2020\/07\/beaux-arts-paris-scaled.jpg\">\r\n<figure class=\"alignright size-large is-resized\"><img decoding=\"async\" class=\"wp-image-2427\" src=\"https:\/\/great-artmag.com\/wp-content\/uploads\/2020\/07\/beaux-arts-paris-scaled-1.jpg\" alt=\"\" width=\"319\" height=\"382\" srcset=\"https:\/\/great-artmag.com\/wp-content\/uploads\/2020\/07\/beaux-arts-paris-scaled-1.jpg 2143w, https:\/\/great-artmag.com\/wp-content\/uploads\/2020\/07\/beaux-arts-paris-scaled-1-251x300.jpg 251w, https:\/\/great-artmag.com\/wp-content\/uploads\/2020\/07\/beaux-arts-paris-scaled-1-857x1024.jpg 857w, https:\/\/great-artmag.com\/wp-content\/uploads\/2020\/07\/beaux-arts-paris-scaled-1-768x917.jpg 768w, https:\/\/great-artmag.com\/wp-content\/uploads\/2020\/07\/beaux-arts-paris-scaled-1-1286x1536.jpg 1286w, https:\/\/great-artmag.com\/wp-content\/uploads\/2020\/07\/beaux-arts-paris-scaled-1-1714x2048.jpg 1714w, https:\/\/great-artmag.com\/wp-content\/uploads\/2020\/07\/beaux-arts-paris-scaled-1-352x420.jpg 352w, https:\/\/great-artmag.com\/wp-content\/uploads\/2020\/07\/beaux-arts-paris-scaled-1-696x831.jpg 696w, https:\/\/great-artmag.com\/wp-content\/uploads\/2020\/07\/beaux-arts-paris-scaled-1-1068x1276.jpg 1068w\" sizes=\"(max-width: 319px) 100vw, 319px\" \/><\/figure>\r\n<\/div>\r\n\r\n<p>Les d\u00e9lib\u00e9rations ont lieu \u00e0 l\u2019\u00e9cole des Beaux-Arts de Paris, dans un cabinet de curiosit\u00e9s m\u00ealant livres de dialectique, gravures anciennes et toiles contemporaines. Ici, r\u00e8gne l\u2019esprit des Anciens et des voyages initiatiques. Sur la table ronde en ch\u00eane massif, des pochettes cartonn\u00e9es de couleurs vives contenant les dossiers des douze artistes-dipl\u00f4m\u00e9s de l\u2019\u00e9cole retenus attendent les membres du jury. Pour acc\u00e9der \u00e0 l\u2019aile ouest de l\u2019\u00e9cole, c\u00f4t\u00e9 Seine, il a fallu fouler le pavage de gr\u00e8s, longer les colonnes de fonte, traverser la cour vitr\u00e9e puis monter une \u00e0 une les marches d\u2019un imposant escalier de marbre. Sous la majestueuse vo\u00fbte ovale et cintr\u00e9e du vestibule, Christine d\u2019Ornano accueille chacune de ses h\u00f4tesses dans ce lieu prestigieux que fr\u00e9quent\u00e8rent Ingres, Matisse, Brancusi\u2026 Tous ces artistes \u2013 parmi tant d\u2019autres &#8211; ont arpent\u00e9 les all\u00e9es de cette b\u00e2tisse du XVIIe si\u00e8cle, aujourd\u2019hui int\u00e9gr\u00e9 \u00e0 l\u2019\u00e9cole des Beaux Arts de Paris\u00a0; ils y ont admir\u00e9 les d\u00e9cors peints, pass\u00e9 un temps infini dans la biblioth\u00e8que, riche de plus de cinquante mille ouvrages.<br \/>L\u2019esprit de chaque membre du jury se laisse happer par le souvenir qu\u2019ont laiss\u00e9 ici ces illustres pr\u00e9d\u00e9cesseurs et qu\u2019ont perp\u00e9tu\u00e9 les g\u00e9n\u00e9rations suivantes. Nathalie Talec, cheffe d\u2019atelier dans l\u2019\u00e9minente \u00e9cole, en est la gardienne inspir\u00e9e<strong>, <\/strong>capable d\u2019emporter son auditoire vers des territoires inexplor\u00e9s au sens propre comme au figur\u00e9. Eva Jospin en est aussi l\u2019une des dignes h\u00e9riti\u00e8res et s\u2019est fait depuis conna\u00eetre par ses for\u00eats sculpt\u00e9es dans du carton, ses fresques dentel\u00e9es comme hant\u00e9es par les djinns. L\u2019artiste annonce qu\u2019elle reviendra y exposer ses dessins en 2021. R\u00e9cemment dipl\u00f4m\u00e9e, la sculptrice Pauline Guerrier, est fi\u00e8re d\u2019apporter sa jeune exp\u00e9rience.<\/p>\r\n\r\n<p>&nbsp;<\/p>\r\n\r\n<div class=\"wp-block-image td-caption-align-https:\/\/great-artmag.com\/wp-content\/uploads\/2020\/07\/deliberations-prix-sislmey--scaled.jpg\">\r\n<figure class=\"alignleft size-large is-resized\"><img decoding=\"async\" class=\"wp-image-2428\" src=\"https:\/\/great-artmag.com\/wp-content\/uploads\/2020\/07\/deliberations-prix-sislmey-scaled-1.jpg\" alt=\"\" width=\"431\" height=\"324\" srcset=\"https:\/\/great-artmag.com\/wp-content\/uploads\/2020\/07\/deliberations-prix-sislmey-scaled-1.jpg 2560w, https:\/\/great-artmag.com\/wp-content\/uploads\/2020\/07\/deliberations-prix-sislmey-scaled-1-300x225.jpg 300w, https:\/\/great-artmag.com\/wp-content\/uploads\/2020\/07\/deliberations-prix-sislmey-scaled-1-1024x768.jpg 1024w, https:\/\/great-artmag.com\/wp-content\/uploads\/2020\/07\/deliberations-prix-sislmey-scaled-1-768x576.jpg 768w, https:\/\/great-artmag.com\/wp-content\/uploads\/2020\/07\/deliberations-prix-sislmey-scaled-1-1536x1152.jpg 1536w, https:\/\/great-artmag.com\/wp-content\/uploads\/2020\/07\/deliberations-prix-sislmey-scaled-1-2048x1536.jpg 2048w, https:\/\/great-artmag.com\/wp-content\/uploads\/2020\/07\/deliberations-prix-sislmey-scaled-1-560x420.jpg 560w, https:\/\/great-artmag.com\/wp-content\/uploads\/2020\/07\/deliberations-prix-sislmey-scaled-1-80x60.jpg 80w, https:\/\/great-artmag.com\/wp-content\/uploads\/2020\/07\/deliberations-prix-sislmey-scaled-1-696x522.jpg 696w, https:\/\/great-artmag.com\/wp-content\/uploads\/2020\/07\/deliberations-prix-sislmey-scaled-1-1068x801.jpg 1068w, https:\/\/great-artmag.com\/wp-content\/uploads\/2020\/07\/deliberations-prix-sislmey-scaled-1-265x198.jpg 265w\" sizes=\"(max-width: 431px) 100vw, 431px\" \/><\/figure>\r\n<\/div>\r\n\r\n<p>Amoureuses des arts, la com\u00e9dienne M\u00e9lanie Doutey, plusieurs fois nomin\u00e9e aux C\u00e9sars et aux Moli\u00e8res, et l\u2019\u00e9crivaine franco-camerounaise Elisabeth Tchoungui, viennent s\u2019assoir autour de la table. Tout juste arriv\u00e9e de New-York, l\u2019\u00e9ditrice Yoyo Maeght est heureuse de faire partager \u00e0 chacune le succ\u00e8s du peintre japonais Aki Kuroda dont elle vient d\u2019organiser l\u2019exposition outre-Atlantique. L\u2019\u00e9clectisme est de mise au sein du jury o\u00f9 la cheffe \u00e9toil\u00e9e Anne Majourel, qui a tenu avec maestria la barre d\u2019un bateau-restaurant sur les hauteurs du mont Saint-Clair en Occitanie, a eu la d\u00e9licate attention d\u2019apporter des mignardises gourmandes pour r\u00e9galer chacune des jur\u00e9es. \u00ab\u00a0<em>Vive l\u2019art sous toutes ses formes\u00a0!<\/em>\u00a0\u00bb lance-t-elle, ses yeux rieurs mettant du p\u00e9tillant au menu des d\u00e9bats.<\/p>\r\n\r\n<p>Les douze artistes-nomin\u00e9s sont pr\u00e9sent\u00e9s par Kathy Alliou. Rappel des crit\u00e8res de s\u00e9lection : l\u2019originalit\u00e9 en regard de l\u2019Histoire de l\u2019art et des enjeux contemporains, la ma\u00eetrise pratique et th\u00e9orique, la force du travail, la sensibilit\u00e9 et la profondeur autant que la complexit\u00e9 de l\u2019\u00e9criture, et enfin, le potentiel de d\u00e9veloppement. Autant de crit\u00e8res pour d\u00e9voiler ses coups de c\u0153ur comme le rappelle Christine d\u2019Ornano, des papillons de couleurs pleins sa liste. Suivent deux heures d\u2019\u00e9changes enfi\u00e9vr\u00e9s. Nathalie Talec appuie la candidature d\u2019une artiste-dipl\u00f4m\u00e9e dont le travail se distingue par le maniement subtil de l\u2019humour. Eva Jospin insiste sur la prise en compte du facteur \u00ab\u00a0recherche\u00a0\u00bb; Carmen Busquets interroge l\u2019assembl\u00e9e pour mieux comprendre un processus de fabrication, intrigu\u00e9e par une mousse \u00ab\u00a0bizarro\u00efde<em>\u00a0\u00bb<\/em> et envahissante\u00a0; Alexia Gugg\u00e9mos d\u00e9fend un travail qu\u2019elle a appr\u00e9ci\u00e9 lors de l\u2019exposition annuelle des \u00ab\u00a0F\u00e9licit\u00e9s\u00a0\u00bb, une immense cage m\u00e9tallique recouverte de cire se consumant durant toute la dur\u00e9e de l\u2019exposition.<\/p>\r\n\r\n<p>&nbsp;<\/p>\r\n\r\n<div class=\"wp-block-image td-caption-align-https:\/\/great-artmag.com\/wp-content\/uploads\/2020\/07\/karolina-orzelek-garden-party.png\">\r\n<figure class=\"alignleft size-large is-resized\"><img decoding=\"async\" class=\"wp-image-2429\" src=\"https:\/\/great-artmag.com\/wp-content\/uploads\/2020\/07\/karolina-orzelek-garden-party.png\" alt=\"\" width=\"350\" height=\"268\" srcset=\"https:\/\/great-artmag.com\/wp-content\/uploads\/2020\/07\/karolina-orzelek-garden-party.png 1048w, https:\/\/great-artmag.com\/wp-content\/uploads\/2020\/07\/karolina-orzelek-garden-party-300x230.png 300w, https:\/\/great-artmag.com\/wp-content\/uploads\/2020\/07\/karolina-orzelek-garden-party-1024x786.png 1024w, https:\/\/great-artmag.com\/wp-content\/uploads\/2020\/07\/karolina-orzelek-garden-party-768x589.png 768w, https:\/\/great-artmag.com\/wp-content\/uploads\/2020\/07\/karolina-orzelek-garden-party-547x420.png 547w, https:\/\/great-artmag.com\/wp-content\/uploads\/2020\/07\/karolina-orzelek-garden-party-80x60.png 80w, https:\/\/great-artmag.com\/wp-content\/uploads\/2020\/07\/karolina-orzelek-garden-party-696x534.png 696w\" sizes=\"(max-width: 350px) 100vw, 350px\" \/>\r\n<figcaption>Karolina Orzezlk, Garden Party 3<\/figcaption>\r\n<\/figure>\r\n<\/div>\r\n\r\n<p>&nbsp;<\/p>\r\n\r\n<p>Vient le tour d\u2019une artiste-dipl\u00f4m\u00e9e dont les paysages fauves suscitent d\u2019abord l\u2019int\u00e9r\u00eat de quelques-unes, puis l\u2019enthousiasme de toutes. Le choix du bois comme support surprend, les lignes impressionnent, la couleur s\u00e9duit. \u00ab\u00a0<em>Un incroyable talent de coloriste. Et quel sens du modelage\u00a0!<\/em>\u00a0\u00bb atteste C\u00e9cile Fricker-Le Hanneur. \u00ab\u00a0<em>C\u2019est le paradis retrouv\u00e9\u2026<\/em>\u00a0\u00bb rench\u00e9ritM\u00e9lanie Doutey. La jeune artiste ainsi pl\u00e9biscit\u00e9e s\u2019appelle Karolina Orzelec et ses \u0153uvres, pr\u00e9sent\u00e9es sur Instagram, laisse d\u00e9j\u00e0 entrevoir l\u2019\u00e9tendue de son talent. N\u00e9e \u00e0 Bielsko-Biala dans le sud de la Pologne, \u00e2g\u00e9e de 28 ans, elle vit depuis peu \u00e0 Paris. Le vote des membres du jury est lumineux. Karolina Orzelek remporte le Prix Sisley Beaux-Arts de Paris pour la Jeune Cr\u00e9ation 2020 sous les applaudissements de toutes.<\/p>\r\n\r\n<p>&nbsp;<\/p>\r\n\r\n<div class=\"wp-block-image\">\r\n<figure class=\"alignright size-large is-resized\"><img decoding=\"async\" class=\"wp-image-2426\" src=\"https:\/\/great-artmag.com\/wp-content\/uploads\/2020\/07\/jury-sisley-beaux-arts-paris.jpg\" alt=\"\" width=\"427\" height=\"281\" srcset=\"https:\/\/great-artmag.com\/wp-content\/uploads\/2020\/07\/jury-sisley-beaux-arts-paris.jpg 640w, https:\/\/great-artmag.com\/wp-content\/uploads\/2020\/07\/jury-sisley-beaux-arts-paris-300x198.jpg 300w, https:\/\/great-artmag.com\/wp-content\/uploads\/2020\/07\/jury-sisley-beaux-arts-paris-637x420.jpg 637w\" sizes=\"(max-width: 427px) 100vw, 427px\" \/><\/figure>\r\n<\/div>\r\n\r\n<p>\u00c0 l\u2019issue des d\u00e9lib\u00e9rations, le jury est invit\u00e9 \u00e0 rencontrer les \u00e9l\u00e8ves de Nathalie Talec et d\u00e9couvrir leurs travaux prometteurs. Il se rassemble ensuite, tout sourire, pour une photographie de groupe \u00e0 laquelle se joint Jean de Loisy, directeur de l\u2019\u00e9cole des Beaux-Arts de Paris, fervent soutien de ce prix prestigieux qui contribue \u00e0 la notori\u00e9t\u00e9 de l\u2019\u00e9tablissement.<\/p>\r\n\r\n<p>R\u00e9compense de ce Premier Prix, la premi\u00e8re exposition personnelle de Karolina Orzelek qui se tient au si\u00e8ge parisien de la maison Sisley, au Trois-Cinq Friedland, du 2 juin au 16 juillet 2020. \u00ab\u00a0<em>Je suis infiniment reconnaissante envers mes professeurs<\/em>, confie la jeune-femme, tr\u00e8s \u00e9mue. <em>J\u2019ai fait ainsi mon apprentissage aupr\u00e8s de Philippe Cogn\u00e9e, qui m\u2019a enseign\u00e9 le sens de la composition et le regard cin\u00e9matographique. Tim Eitel m\u2019a appris le patient travail du bois et m\u2019a donn\u00e9 la cl\u00e9 du vivant<\/em>.\u00a0\u00bb La devanture de la maison Sisley est occup\u00e9e par un tableau impr\u00e9gn\u00e9 d\u2019un romantisme contemporain domin\u00e9 par une vibrante palette de verts. \u00ab\u00a0Green Party II\u00a0\u00bb ouvre ainsi une fen\u00eatre heureuse sur le travail introspectif de la jeune artiste. \u00ab\u00a0<em>La nouvelle notori\u00e9t\u00e9 que m\u2019apporte le Prix va me permettre de peindre sur de plus grands formats<\/em>, exprime Karolina Orzelek, ravie, et repr\u00e9sent\u00e9e d\u00e9sormais par la galerie Sabine Bayasli. Souhaitons-lui bonne route, la voici lanc\u00e9e\u00a0!<\/p>\r\n\r\n<p>&nbsp;<\/p>\r\n\r\n<figure class=\"wp-block-image alignfull size-large td-caption-align-https:\/\/great-artmag.com\/wp-content\/uploads\/2020\/07\/01.jpg\"><img decoding=\"async\" width=\"1994\" height=\"1028\" class=\"wp-image-2425\" src=\"https:\/\/great-artmag.com\/wp-content\/uploads\/2020\/07\/01.jpg\" alt=\"\" srcset=\"https:\/\/great-artmag.com\/wp-content\/uploads\/2020\/07\/01.jpg 1994w, https:\/\/great-artmag.com\/wp-content\/uploads\/2020\/07\/01-300x155.jpg 300w, https:\/\/great-artmag.com\/wp-content\/uploads\/2020\/07\/01-1024x528.jpg 1024w, https:\/\/great-artmag.com\/wp-content\/uploads\/2020\/07\/01-768x396.jpg 768w, https:\/\/great-artmag.com\/wp-content\/uploads\/2020\/07\/01-1536x792.jpg 1536w, https:\/\/great-artmag.com\/wp-content\/uploads\/2020\/07\/01-696x359.jpg 696w, https:\/\/great-artmag.com\/wp-content\/uploads\/2020\/07\/01-1068x551.jpg 1068w, https:\/\/great-artmag.com\/wp-content\/uploads\/2020\/07\/01-815x420.jpg 815w\" sizes=\"(max-width: 1994px) 100vw, 1994px\" \/>\r\n<figcaption><em>Karolina Orzelek dans son atelier<\/em><\/figcaption>\r\n<\/figure>\r\n\r\n<p>Toutes les informations sur le Prix Sisley Beaux-Arts de Paris pour la Jeune Cr\u00e9ation<br \/><a href=\"https:\/\/www.sisley-paris.com\/fr-FR\/prix-sisley-beaux-arts-de-paris-pour-la-jeune-creation\/\" target=\"_blank\" rel=\"noreferrer noopener\" aria-label=\"www.sisley-paris.com (s\u2019ouvre dans un nouvel onglet)\">www.sisley-paris.com<\/a><\/p>\r\n\r\n<p>Le site de l&#8217;artiste Karolina Orzezek<br \/><a href=\"https:\/\/karolinaorzelek.com\/\" target=\"_blank\" rel=\"noreferrer noopener\" aria-label=\"www.karolinaorzezek.com (s\u2019ouvre dans un nouvel onglet)\">www.karolinaorzezek.com<\/a><\/p>\r\n\r\n<p>&nbsp;<\/p>\r\n<p>[\/vc_column_text][\/vc_column][\/vc_row]<\/p><\/div>","protected":false},"excerpt":{"rendered":"<p>[vc_row][vc_column][vc_column_text] R\u00e9compense du Premier Prix Sisley Beaux-Arts de Paris pour la Jeune Cr\u00e9ation, la premi\u00e8re exposition personnelle de Karolina Orzelek se tient au si\u00e8ge parisien de la maison Sisley, au Trois-Cinq Friedland, du 2 juin au 16 juillet 2020. &nbsp; \u00ab Le prix Sisley-Beaux Arts de Paris pour la Jeune Cr\u00e9ation a \u00e9t\u00e9 con\u00e7u comme [&hellip;]<\/p>\n","protected":false},"author":1,"featured_media":2423,"comment_status":"open","ping_status":"closed","sticky":false,"template":"","format":"standard","meta":{"inline_featured_image":false,"footnotes":""},"categories":[1197],"tags":[],"class_list":["post-2422","post","type-post","status-publish","format-standard","has-post-thumbnail","hentry","category-portrait-artiste"],"yoast_head":"<!-- This site is optimized with the Yoast SEO plugin v27.5 - https:\/\/yoast.com\/product\/yoast-seo-wordpress\/ -->\n<title>Karolina Orzelek remporte le Prix Sisley Beaux-Arts de Paris - GREAT-ARTMAG<\/title>\n<meta name=\"robots\" content=\"index, follow, max-snippet:-1, max-image-preview:large, max-video-preview:-1\" \/>\n<link rel=\"canonical\" href=\"https:\/\/great-artmag.com\/en\/karolina-orzelek-prix-sisley-beaux-arts-de-paris-pour-la-jeune-creation-2020\/\" \/>\n<meta property=\"og:locale\" content=\"en_US\" \/>\n<meta property=\"og:type\" content=\"article\" \/>\n<meta property=\"og:title\" content=\"Karolina Orzelek remporte le Prix Sisley Beaux-Arts de Paris - GREAT-ARTMAG\" \/>\n<meta property=\"og:description\" content=\"[vc_row][vc_column][vc_column_text] R\u00e9compense du Premier Prix Sisley Beaux-Arts de Paris pour la Jeune Cr\u00e9ation, la premi\u00e8re exposition personnelle de Karolina Orzelek se tient au si\u00e8ge parisien de la maison Sisley, au Trois-Cinq Friedland, du 2 juin au 16 juillet 2020. &nbsp; \u00ab Le prix Sisley-Beaux Arts de Paris pour la Jeune Cr\u00e9ation a \u00e9t\u00e9 con\u00e7u comme [&hellip;]\" \/>\n<meta property=\"og:url\" content=\"https:\/\/great-artmag.com\/en\/karolina-orzelek-prix-sisley-beaux-arts-de-paris-pour-la-jeune-creation-2020\/\" \/>\n<meta property=\"og:site_name\" content=\"GREAT-ARTMAG\" \/>\n<meta property=\"article:published_time\" content=\"2020-07-08T08:08:33+00:00\" \/>\n<meta property=\"article:modified_time\" content=\"2026-04-24T05:28:49+00:00\" \/>\n<meta property=\"og:image\" content=\"https:\/\/great-artmag.com\/wp-content\/uploads\/2020\/07\/karolina-Orzezlk-solstice-1-1024x732.png\" \/>\n\t<meta property=\"og:image:width\" content=\"1024\" \/>\n\t<meta property=\"og:image:height\" content=\"732\" \/>\n\t<meta property=\"og:image:type\" content=\"image\/png\" \/>\n<meta name=\"author\" content=\"Alexia Gugg\u00e9mos\" \/>\n<meta name=\"twitter:card\" content=\"summary_large_image\" \/>\n<meta name=\"twitter:label1\" content=\"Written by\" \/>\n\t<meta name=\"twitter:data1\" content=\"Alexia Gugg\u00e9mos\" \/>\n\t<meta name=\"twitter:label2\" content=\"Est. reading time\" \/>\n\t<meta name=\"twitter:data2\" content=\"8 minutes\" \/>\n<script type=\"application\/ld+json\" class=\"yoast-schema-graph\">{\"@context\":\"https:\\\/\\\/schema.org\",\"@graph\":[{\"@type\":\"Article\",\"@id\":\"https:\\\/\\\/great-artmag.com\\\/en\\\/karolina-orzelek-prix-sisley-beaux-arts-de-paris-pour-la-jeune-creation-2020\\\/#article\",\"isPartOf\":{\"@id\":\"https:\\\/\\\/great-artmag.com\\\/en\\\/karolina-orzelek-prix-sisley-beaux-arts-de-paris-pour-la-jeune-creation-2020\\\/\"},\"author\":{\"name\":\"Alexia Gugg\u00e9mos\",\"@id\":\"https:\\\/\\\/great-artmag.com\\\/en\\\/#\\\/schema\\\/person\\\/07a768635fe6f6d87951dc8ae985eeda\"},\"headline\":\"Karolina Orzelek remporte le Prix Sisley Beaux-Arts de Paris\",\"datePublished\":\"2020-07-08T08:08:33+00:00\",\"dateModified\":\"2026-04-24T05:28:49+00:00\",\"mainEntityOfPage\":{\"@id\":\"https:\\\/\\\/great-artmag.com\\\/en\\\/karolina-orzelek-prix-sisley-beaux-arts-de-paris-pour-la-jeune-creation-2020\\\/\"},\"wordCount\":1424,\"commentCount\":0,\"publisher\":{\"@id\":\"https:\\\/\\\/great-artmag.com\\\/en\\\/#organization\"},\"image\":{\"@id\":\"https:\\\/\\\/great-artmag.com\\\/en\\\/karolina-orzelek-prix-sisley-beaux-arts-de-paris-pour-la-jeune-creation-2020\\\/#primaryimage\"},\"thumbnailUrl\":\"https:\\\/\\\/great-artmag.com\\\/wp-content\\\/uploads\\\/2020\\\/07\\\/karolina-Orzezlk-solstice-1.png\",\"articleSection\":[\"PORTRAIT D'ARTISTE\"],\"inLanguage\":\"en-US\",\"potentialAction\":[{\"@type\":\"CommentAction\",\"name\":\"Comment\",\"target\":[\"https:\\\/\\\/great-artmag.com\\\/en\\\/karolina-orzelek-prix-sisley-beaux-arts-de-paris-pour-la-jeune-creation-2020\\\/#respond\"]}]},{\"@type\":\"WebPage\",\"@id\":\"https:\\\/\\\/great-artmag.com\\\/en\\\/karolina-orzelek-prix-sisley-beaux-arts-de-paris-pour-la-jeune-creation-2020\\\/\",\"url\":\"https:\\\/\\\/great-artmag.com\\\/en\\\/karolina-orzelek-prix-sisley-beaux-arts-de-paris-pour-la-jeune-creation-2020\\\/\",\"name\":\"Karolina Orzelek remporte le Prix Sisley Beaux-Arts de Paris - GREAT-ARTMAG\",\"isPartOf\":{\"@id\":\"https:\\\/\\\/great-artmag.com\\\/en\\\/#website\"},\"primaryImageOfPage\":{\"@id\":\"https:\\\/\\\/great-artmag.com\\\/en\\\/karolina-orzelek-prix-sisley-beaux-arts-de-paris-pour-la-jeune-creation-2020\\\/#primaryimage\"},\"image\":{\"@id\":\"https:\\\/\\\/great-artmag.com\\\/en\\\/karolina-orzelek-prix-sisley-beaux-arts-de-paris-pour-la-jeune-creation-2020\\\/#primaryimage\"},\"thumbnailUrl\":\"https:\\\/\\\/great-artmag.com\\\/wp-content\\\/uploads\\\/2020\\\/07\\\/karolina-Orzezlk-solstice-1.png\",\"datePublished\":\"2020-07-08T08:08:33+00:00\",\"dateModified\":\"2026-04-24T05:28:49+00:00\",\"breadcrumb\":{\"@id\":\"https:\\\/\\\/great-artmag.com\\\/en\\\/karolina-orzelek-prix-sisley-beaux-arts-de-paris-pour-la-jeune-creation-2020\\\/#breadcrumb\"},\"inLanguage\":\"en-US\",\"potentialAction\":[{\"@type\":\"ReadAction\",\"target\":[\"https:\\\/\\\/great-artmag.com\\\/en\\\/karolina-orzelek-prix-sisley-beaux-arts-de-paris-pour-la-jeune-creation-2020\\\/\"]}]},{\"@type\":\"ImageObject\",\"inLanguage\":\"en-US\",\"@id\":\"https:\\\/\\\/great-artmag.com\\\/en\\\/karolina-orzelek-prix-sisley-beaux-arts-de-paris-pour-la-jeune-creation-2020\\\/#primaryimage\",\"url\":\"https:\\\/\\\/great-artmag.com\\\/wp-content\\\/uploads\\\/2020\\\/07\\\/karolina-Orzezlk-solstice-1.png\",\"contentUrl\":\"https:\\\/\\\/great-artmag.com\\\/wp-content\\\/uploads\\\/2020\\\/07\\\/karolina-Orzezlk-solstice-1.png\",\"width\":1482,\"height\":1060},{\"@type\":\"BreadcrumbList\",\"@id\":\"https:\\\/\\\/great-artmag.com\\\/en\\\/karolina-orzelek-prix-sisley-beaux-arts-de-paris-pour-la-jeune-creation-2020\\\/#breadcrumb\",\"itemListElement\":[{\"@type\":\"ListItem\",\"position\":1,\"name\":\"Accueil\",\"item\":\"https:\\\/\\\/great-artmag.com\\\/en\\\/\"},{\"@type\":\"ListItem\",\"position\":2,\"name\":\"Karolina Orzelek remporte le Prix Sisley Beaux-Arts de Paris\"}]},{\"@type\":\"WebSite\",\"@id\":\"https:\\\/\\\/great-artmag.com\\\/en\\\/#website\",\"url\":\"https:\\\/\\\/great-artmag.com\\\/en\\\/\",\"name\":\"Great ArtMag\",\"description\":\"Le Magazine des H\u00e9donistes\",\"publisher\":{\"@id\":\"https:\\\/\\\/great-artmag.com\\\/en\\\/#organization\"},\"potentialAction\":[{\"@type\":\"SearchAction\",\"target\":{\"@type\":\"EntryPoint\",\"urlTemplate\":\"https:\\\/\\\/great-artmag.com\\\/en\\\/?s={search_term_string}\"},\"query-input\":{\"@type\":\"PropertyValueSpecification\",\"valueRequired\":true,\"valueName\":\"search_term_string\"}}],\"inLanguage\":\"en-US\"},{\"@type\":\"Organization\",\"@id\":\"https:\\\/\\\/great-artmag.com\\\/en\\\/#organization\",\"name\":\"GREAT ARTMAG\",\"url\":\"https:\\\/\\\/great-artmag.com\\\/en\\\/\",\"logo\":{\"@type\":\"ImageObject\",\"inLanguage\":\"en-US\",\"@id\":\"https:\\\/\\\/great-artmag.com\\\/en\\\/#\\\/schema\\\/logo\\\/image\\\/\",\"url\":\"https:\\\/\\\/great-artmag.com\\\/wp-content\\\/uploads\\\/2024\\\/07\\\/IMG_5403.jpg\",\"contentUrl\":\"https:\\\/\\\/great-artmag.com\\\/wp-content\\\/uploads\\\/2024\\\/07\\\/IMG_5403.jpg\",\"width\":860,\"height\":368,\"caption\":\"GREAT ARTMAG\"},\"image\":{\"@id\":\"https:\\\/\\\/great-artmag.com\\\/en\\\/#\\\/schema\\\/logo\\\/image\\\/\"},\"sameAs\":[\"https:\\\/\\\/www.instagram.com\\\/great_artmag\"]},{\"@type\":\"Person\",\"@id\":\"https:\\\/\\\/great-artmag.com\\\/en\\\/#\\\/schema\\\/person\\\/07a768635fe6f6d87951dc8ae985eeda\",\"name\":\"Alexia Gugg\u00e9mos\",\"url\":\"https:\\\/\\\/great-artmag.com\\\/en\\\/author\\\/admin5782\\\/\"}]}<\/script>\n<!-- \/ Yoast SEO plugin. -->","yoast_head_json":{"title":"Karolina Orzelek remporte le Prix Sisley Beaux-Arts de Paris - GREAT-ARTMAG","robots":{"index":"index","follow":"follow","max-snippet":"max-snippet:-1","max-image-preview":"max-image-preview:large","max-video-preview":"max-video-preview:-1"},"canonical":"https:\/\/great-artmag.com\/en\/karolina-orzelek-prix-sisley-beaux-arts-de-paris-pour-la-jeune-creation-2020\/","og_locale":"en_US","og_type":"article","og_title":"Karolina Orzelek remporte le Prix Sisley Beaux-Arts de Paris - GREAT-ARTMAG","og_description":"[vc_row][vc_column][vc_column_text] R\u00e9compense du Premier Prix Sisley Beaux-Arts de Paris pour la Jeune Cr\u00e9ation, la premi\u00e8re exposition personnelle de Karolina Orzelek se tient au si\u00e8ge parisien de la maison Sisley, au Trois-Cinq Friedland, du 2 juin au 16 juillet 2020. &nbsp; \u00ab Le prix Sisley-Beaux Arts de Paris pour la Jeune Cr\u00e9ation a \u00e9t\u00e9 con\u00e7u comme [&hellip;]","og_url":"https:\/\/great-artmag.com\/en\/karolina-orzelek-prix-sisley-beaux-arts-de-paris-pour-la-jeune-creation-2020\/","og_site_name":"GREAT-ARTMAG","article_published_time":"2020-07-08T08:08:33+00:00","article_modified_time":"2026-04-24T05:28:49+00:00","og_image":[{"width":1024,"height":732,"url":"https:\/\/great-artmag.com\/wp-content\/uploads\/2020\/07\/karolina-Orzezlk-solstice-1-1024x732.png","type":"image\/png"}],"author":"Alexia Gugg\u00e9mos","twitter_card":"summary_large_image","twitter_misc":{"Written by":"Alexia Gugg\u00e9mos","Est. reading time":"8 minutes"},"schema":{"@context":"https:\/\/schema.org","@graph":[{"@type":"Article","@id":"https:\/\/great-artmag.com\/en\/karolina-orzelek-prix-sisley-beaux-arts-de-paris-pour-la-jeune-creation-2020\/#article","isPartOf":{"@id":"https:\/\/great-artmag.com\/en\/karolina-orzelek-prix-sisley-beaux-arts-de-paris-pour-la-jeune-creation-2020\/"},"author":{"name":"Alexia Gugg\u00e9mos","@id":"https:\/\/great-artmag.com\/en\/#\/schema\/person\/07a768635fe6f6d87951dc8ae985eeda"},"headline":"Karolina Orzelek remporte le Prix Sisley Beaux-Arts de Paris","datePublished":"2020-07-08T08:08:33+00:00","dateModified":"2026-04-24T05:28:49+00:00","mainEntityOfPage":{"@id":"https:\/\/great-artmag.com\/en\/karolina-orzelek-prix-sisley-beaux-arts-de-paris-pour-la-jeune-creation-2020\/"},"wordCount":1424,"commentCount":0,"publisher":{"@id":"https:\/\/great-artmag.com\/en\/#organization"},"image":{"@id":"https:\/\/great-artmag.com\/en\/karolina-orzelek-prix-sisley-beaux-arts-de-paris-pour-la-jeune-creation-2020\/#primaryimage"},"thumbnailUrl":"https:\/\/great-artmag.com\/wp-content\/uploads\/2020\/07\/karolina-Orzezlk-solstice-1.png","articleSection":["PORTRAIT D'ARTISTE"],"inLanguage":"en-US","potentialAction":[{"@type":"CommentAction","name":"Comment","target":["https:\/\/great-artmag.com\/en\/karolina-orzelek-prix-sisley-beaux-arts-de-paris-pour-la-jeune-creation-2020\/#respond"]}]},{"@type":"WebPage","@id":"https:\/\/great-artmag.com\/en\/karolina-orzelek-prix-sisley-beaux-arts-de-paris-pour-la-jeune-creation-2020\/","url":"https:\/\/great-artmag.com\/en\/karolina-orzelek-prix-sisley-beaux-arts-de-paris-pour-la-jeune-creation-2020\/","name":"Karolina Orzelek remporte le Prix Sisley Beaux-Arts de Paris - GREAT-ARTMAG","isPartOf":{"@id":"https:\/\/great-artmag.com\/en\/#website"},"primaryImageOfPage":{"@id":"https:\/\/great-artmag.com\/en\/karolina-orzelek-prix-sisley-beaux-arts-de-paris-pour-la-jeune-creation-2020\/#primaryimage"},"image":{"@id":"https:\/\/great-artmag.com\/en\/karolina-orzelek-prix-sisley-beaux-arts-de-paris-pour-la-jeune-creation-2020\/#primaryimage"},"thumbnailUrl":"https:\/\/great-artmag.com\/wp-content\/uploads\/2020\/07\/karolina-Orzezlk-solstice-1.png","datePublished":"2020-07-08T08:08:33+00:00","dateModified":"2026-04-24T05:28:49+00:00","breadcrumb":{"@id":"https:\/\/great-artmag.com\/en\/karolina-orzelek-prix-sisley-beaux-arts-de-paris-pour-la-jeune-creation-2020\/#breadcrumb"},"inLanguage":"en-US","potentialAction":[{"@type":"ReadAction","target":["https:\/\/great-artmag.com\/en\/karolina-orzelek-prix-sisley-beaux-arts-de-paris-pour-la-jeune-creation-2020\/"]}]},{"@type":"ImageObject","inLanguage":"en-US","@id":"https:\/\/great-artmag.com\/en\/karolina-orzelek-prix-sisley-beaux-arts-de-paris-pour-la-jeune-creation-2020\/#primaryimage","url":"https:\/\/great-artmag.com\/wp-content\/uploads\/2020\/07\/karolina-Orzezlk-solstice-1.png","contentUrl":"https:\/\/great-artmag.com\/wp-content\/uploads\/2020\/07\/karolina-Orzezlk-solstice-1.png","width":1482,"height":1060},{"@type":"BreadcrumbList","@id":"https:\/\/great-artmag.com\/en\/karolina-orzelek-prix-sisley-beaux-arts-de-paris-pour-la-jeune-creation-2020\/#breadcrumb","itemListElement":[{"@type":"ListItem","position":1,"name":"Accueil","item":"https:\/\/great-artmag.com\/en\/"},{"@type":"ListItem","position":2,"name":"Karolina Orzelek remporte le Prix Sisley Beaux-Arts de Paris"}]},{"@type":"WebSite","@id":"https:\/\/great-artmag.com\/en\/#website","url":"https:\/\/great-artmag.com\/en\/","name":"Great ArtMag","description":"Le Magazine des H\u00e9donistes","publisher":{"@id":"https:\/\/great-artmag.com\/en\/#organization"},"potentialAction":[{"@type":"SearchAction","target":{"@type":"EntryPoint","urlTemplate":"https:\/\/great-artmag.com\/en\/?s={search_term_string}"},"query-input":{"@type":"PropertyValueSpecification","valueRequired":true,"valueName":"search_term_string"}}],"inLanguage":"en-US"},{"@type":"Organization","@id":"https:\/\/great-artmag.com\/en\/#organization","name":"GREAT ARTMAG","url":"https:\/\/great-artmag.com\/en\/","logo":{"@type":"ImageObject","inLanguage":"en-US","@id":"https:\/\/great-artmag.com\/en\/#\/schema\/logo\/image\/","url":"https:\/\/great-artmag.com\/wp-content\/uploads\/2024\/07\/IMG_5403.jpg","contentUrl":"https:\/\/great-artmag.com\/wp-content\/uploads\/2024\/07\/IMG_5403.jpg","width":860,"height":368,"caption":"GREAT ARTMAG"},"image":{"@id":"https:\/\/great-artmag.com\/en\/#\/schema\/logo\/image\/"},"sameAs":["https:\/\/www.instagram.com\/great_artmag"]},{"@type":"Person","@id":"https:\/\/great-artmag.com\/en\/#\/schema\/person\/07a768635fe6f6d87951dc8ae985eeda","name":"Alexia Gugg\u00e9mos","url":"https:\/\/great-artmag.com\/en\/author\/admin5782\/"}]}},"amp_enabled":true,"_links":{"self":[{"href":"https:\/\/great-artmag.com\/en\/wp-json\/wp\/v2\/posts\/2422","targetHints":{"allow":["GET"]}}],"collection":[{"href":"https:\/\/great-artmag.com\/en\/wp-json\/wp\/v2\/posts"}],"about":[{"href":"https:\/\/great-artmag.com\/en\/wp-json\/wp\/v2\/types\/post"}],"author":[{"embeddable":true,"href":"https:\/\/great-artmag.com\/en\/wp-json\/wp\/v2\/users\/1"}],"replies":[{"embeddable":true,"href":"https:\/\/great-artmag.com\/en\/wp-json\/wp\/v2\/comments?post=2422"}],"version-history":[{"count":0,"href":"https:\/\/great-artmag.com\/en\/wp-json\/wp\/v2\/posts\/2422\/revisions"}],"wp:featuredmedia":[{"embeddable":true,"href":"https:\/\/great-artmag.com\/en\/wp-json\/wp\/v2\/media\/2423"}],"wp:attachment":[{"href":"https:\/\/great-artmag.com\/en\/wp-json\/wp\/v2\/media?parent=2422"}],"wp:term":[{"taxonomy":"category","embeddable":true,"href":"https:\/\/great-artmag.com\/en\/wp-json\/wp\/v2\/categories?post=2422"},{"taxonomy":"post_tag","embeddable":true,"href":"https:\/\/great-artmag.com\/en\/wp-json\/wp\/v2\/tags?post=2422"}],"curies":[{"name":"wp","href":"https:\/\/api.w.org\/{rel}","templated":true}]}}