{"id":253,"date":"2010-05-09T16:15:00","date_gmt":"2010-05-09T14:15:00","guid":{"rendered":"http:\/\/unik-mag.com:7888\/2010\/05\/09\/des-pailles-en-plastique-recyclees-par-rodrigo-almeida\/"},"modified":"2010-05-09T16:15:00","modified_gmt":"2010-05-09T14:15:00","slug":"des-pailles-en-plastique-recyclees-par-rodrigo-almeida","status":"publish","type":"post","link":"https:\/\/great-artmag.com\/en\/des-pailles-en-plastique-recyclees-par-rodrigo-almeida\/","title":{"rendered":"L&#8217;art du recyclage par le Br\u00e9silien Rodrigo Almeida"},"content":{"rendered":"<p style=\"text-align: justify;\"><img decoding=\"async\" id=\"media-140238\" style=\"border-width: 0; float: left; margin: 0.2em 1.4em 0.7em 0;\" src=\"https:\/\/great-artmag.com\/wp-content\/uploads\/2019\/12\/02\/01\/553016759.jpg\" alt=\"cocar-rodrigo-almeida.jpg\" name=\"media-140238\" \/>Du design color\u00e9 et joyeux \u00e0 la galerie Fat, \u00e0 Paris ! De quoi r\u00e9jouir toutes celles et tous ceux qui, comme moi, se laissent emporter par cette cr\u00e9ativit\u00e9 enjou\u00e9e&#8230; et chagriner (une nouvelle fois !) les autres, ceux qui estiment que l&#8217;Art se place bien au dessus de ces m\u00e9diocrit\u00e9s marketing. Qu&#8217;importe ! Dans D\u00e9lire de l&#8217;Art, il y a aussi art, avec ce petit a si jouissif qui rend la vie si belle ! Voil\u00e0 donc le designer br\u00e9silien <a href=\"http:\/\/www.studiorodrigoalmeida.com\/\" target=\"_blank\" rel=\"noopener noreferrer\">Rodrigo Almeida<\/a>, 35 ans, exposant une dizaine de meubles dont une s\u00e9rie de chaises m\u00e9tiss\u00e9es. Couleurs hyper-satur\u00e9es, structures visibles envahies par diff\u00e9rentes couches de mati\u00e8res, plastiques recycl\u00e9s, textiles m\u00eal\u00e9s&#8230; L&#8217;artiste rend ouvertement hommage aux designers et plasticiens br\u00e9siliens Tunga, Beatriz Milhases, Ernesto Neto mais aussi aux fr\u00e8res Campana qui dit-il &#8220;comprennent, respectent, et approfondissent leur propre culture&#8221;.<\/p>\n<p style=\"text-align: justify;\">A d\u00e9couvrir, jusqu&#8217;au 15 mai, un bel ornement expos\u00e9 au mur (photo) appel\u00e9 &#8220;cocar&#8221;. Autrefois fabriqu\u00e9 \u00e0 partir de plumes de couleur, le cocar est un ornement c\u00e9r\u00e9monial des indig\u00e8nes br\u00e9siliens. La chasse aux oiseaux \u00e9tant tr\u00e8s contr\u00f4l\u00e9e en Amazonie, les cocars sont d\u00e9sormais r\u00e9alis\u00e9s avec des pailles en plastique. Rodrigo Almeida s&#8217;en est inspir\u00e9. Tradition et cr\u00e9ativit\u00e9.<\/p>\n<p>&gt; Plus d&#8217;infos sur <a href=\"http:\/\/www.fatgalerie.com\/\" target=\"blank\" rel=\"noopener noreferrer\">www.fatgalerie.com<\/a><\/p>\n<div style=\"text-align: center;\"><img decoding=\"async\" id=\"media-140239\" style=\"border-width: 0; margin: 0.7em 0;\" src=\"https:\/\/great-artmag.com\/wp-content\/uploads\/2019\/12\/00\/01\/2098607866.jpg\" alt=\"chaises-rodrigo-almeida.jpg\" name=\"media-140239\" \/><\/div>\n","protected":false},"excerpt":{"rendered":"<p>Du design color\u00e9 et joyeux \u00e0 la galerie Fat, \u00e0 Paris ! De quoi r\u00e9jouir toutes celles et tous ceux qui, comme moi, se laissent emporter par cette cr\u00e9ativit\u00e9 enjou\u00e9e&#8230; et chagriner (une nouvelle fois !) les autres, ceux qui estiment que l&#8217;Art se place bien au dessus de ces m\u00e9diocrit\u00e9s marketing. Qu&#8217;importe ! Dans [&hellip;]<\/p>\n","protected":false},"author":1,"featured_media":1412,"comment_status":"closed","ping_status":"closed","sticky":false,"template":"","format":"standard","meta":{"inline_featured_image":false,"tdm_status":"","tdm_grid_status":"","footnotes":""},"categories":[1163],"tags":[],"class_list":["post-253","post","type-post","status-publish","format-standard","has-post-thumbnail","hentry","category-exposition"],"yoast_head":"<!-- This site is optimized with the Yoast SEO plugin v27.5 - https:\/\/yoast.com\/product\/yoast-seo-wordpress\/ -->\n<title>L&#039;art du recyclage par le Br\u00e9silien Rodrigo Almeida - GREAT-ARTMAG<\/title>\n<meta name=\"robots\" content=\"index, follow, max-snippet:-1, max-image-preview:large, max-video-preview:-1\" \/>\n<link rel=\"canonical\" href=\"https:\/\/great-artmag.com\/en\/des-pailles-en-plastique-recyclees-par-rodrigo-almeida\/\" \/>\n<meta property=\"og:locale\" content=\"en_US\" \/>\n<meta property=\"og:type\" content=\"article\" \/>\n<meta property=\"og:title\" content=\"L&#039;art du recyclage par le Br\u00e9silien Rodrigo Almeida - GREAT-ARTMAG\" \/>\n<meta property=\"og:description\" content=\"Du design color\u00e9 et joyeux \u00e0 la galerie Fat, \u00e0 Paris ! De quoi r\u00e9jouir toutes celles et tous ceux qui, comme moi, se laissent emporter par cette cr\u00e9ativit\u00e9 enjou\u00e9e&#8230; et chagriner (une nouvelle fois !) les autres, ceux qui estiment que l&#8217;Art se place bien au dessus de ces m\u00e9diocrit\u00e9s marketing. Qu&#8217;importe ! Dans [&hellip;]\" \/>\n<meta property=\"og:url\" content=\"https:\/\/great-artmag.com\/en\/des-pailles-en-plastique-recyclees-par-rodrigo-almeida\/\" \/>\n<meta property=\"og:site_name\" content=\"GREAT-ARTMAG\" \/>\n<meta property=\"article:published_time\" content=\"2010-05-09T14:15:00+00:00\" \/>\n<meta property=\"og:image\" content=\"https:\/\/great-artmag.com\/wp-content\/uploads\/2010\/05\/almeida.jpg\" \/>\n\t<meta property=\"og:image:width\" content=\"640\" \/>\n\t<meta property=\"og:image:height\" content=\"480\" \/>\n\t<meta property=\"og:image:type\" content=\"image\/jpeg\" \/>\n<meta name=\"author\" content=\"Alexia Gugg\u00e9mos\" \/>\n<meta name=\"twitter:card\" content=\"summary_large_image\" \/>\n<meta name=\"twitter:label1\" content=\"Written by\" \/>\n\t<meta name=\"twitter:data1\" content=\"Alexia Gugg\u00e9mos\" \/>\n\t<meta name=\"twitter:label2\" content=\"Est. reading time\" \/>\n\t<meta name=\"twitter:data2\" content=\"1 minute\" \/>\n<script type=\"application\/ld+json\" class=\"yoast-schema-graph\">{\"@context\":\"https:\\\/\\\/schema.org\",\"@graph\":[{\"@type\":\"Article\",\"@id\":\"https:\\\/\\\/great-artmag.com\\\/en\\\/des-pailles-en-plastique-recyclees-par-rodrigo-almeida\\\/#article\",\"isPartOf\":{\"@id\":\"https:\\\/\\\/great-artmag.com\\\/en\\\/des-pailles-en-plastique-recyclees-par-rodrigo-almeida\\\/\"},\"author\":{\"name\":\"Alexia Gugg\u00e9mos\",\"@id\":\"https:\\\/\\\/great-artmag.com\\\/en\\\/#\\\/schema\\\/person\\\/07a768635fe6f6d87951dc8ae985eeda\"},\"headline\":\"L&#8217;art du recyclage par le Br\u00e9silien Rodrigo Almeida\",\"datePublished\":\"2010-05-09T14:15:00+00:00\",\"mainEntityOfPage\":{\"@id\":\"https:\\\/\\\/great-artmag.com\\\/en\\\/des-pailles-en-plastique-recyclees-par-rodrigo-almeida\\\/\"},\"wordCount\":241,\"publisher\":{\"@id\":\"https:\\\/\\\/great-artmag.com\\\/en\\\/#organization\"},\"image\":{\"@id\":\"https:\\\/\\\/great-artmag.com\\\/en\\\/des-pailles-en-plastique-recyclees-par-rodrigo-almeida\\\/#primaryimage\"},\"thumbnailUrl\":\"https:\\\/\\\/great-artmag.com\\\/wp-content\\\/uploads\\\/2010\\\/05\\\/almeida.jpg\",\"articleSection\":[\"EXPOSITIONS\"],\"inLanguage\":\"en-US\"},{\"@type\":\"WebPage\",\"@id\":\"https:\\\/\\\/great-artmag.com\\\/en\\\/des-pailles-en-plastique-recyclees-par-rodrigo-almeida\\\/\",\"url\":\"https:\\\/\\\/great-artmag.com\\\/en\\\/des-pailles-en-plastique-recyclees-par-rodrigo-almeida\\\/\",\"name\":\"L'art du recyclage par le Br\u00e9silien Rodrigo Almeida - GREAT-ARTMAG\",\"isPartOf\":{\"@id\":\"https:\\\/\\\/great-artmag.com\\\/en\\\/#website\"},\"primaryImageOfPage\":{\"@id\":\"https:\\\/\\\/great-artmag.com\\\/en\\\/des-pailles-en-plastique-recyclees-par-rodrigo-almeida\\\/#primaryimage\"},\"image\":{\"@id\":\"https:\\\/\\\/great-artmag.com\\\/en\\\/des-pailles-en-plastique-recyclees-par-rodrigo-almeida\\\/#primaryimage\"},\"thumbnailUrl\":\"https:\\\/\\\/great-artmag.com\\\/wp-content\\\/uploads\\\/2010\\\/05\\\/almeida.jpg\",\"datePublished\":\"2010-05-09T14:15:00+00:00\",\"breadcrumb\":{\"@id\":\"https:\\\/\\\/great-artmag.com\\\/en\\\/des-pailles-en-plastique-recyclees-par-rodrigo-almeida\\\/#breadcrumb\"},\"inLanguage\":\"en-US\",\"potentialAction\":[{\"@type\":\"ReadAction\",\"target\":[\"https:\\\/\\\/great-artmag.com\\\/en\\\/des-pailles-en-plastique-recyclees-par-rodrigo-almeida\\\/\"]}]},{\"@type\":\"ImageObject\",\"inLanguage\":\"en-US\",\"@id\":\"https:\\\/\\\/great-artmag.com\\\/en\\\/des-pailles-en-plastique-recyclees-par-rodrigo-almeida\\\/#primaryimage\",\"url\":\"https:\\\/\\\/great-artmag.com\\\/wp-content\\\/uploads\\\/2010\\\/05\\\/almeida.jpg\",\"contentUrl\":\"https:\\\/\\\/great-artmag.com\\\/wp-content\\\/uploads\\\/2010\\\/05\\\/almeida.jpg\",\"width\":640,\"height\":480},{\"@type\":\"BreadcrumbList\",\"@id\":\"https:\\\/\\\/great-artmag.com\\\/en\\\/des-pailles-en-plastique-recyclees-par-rodrigo-almeida\\\/#breadcrumb\",\"itemListElement\":[{\"@type\":\"ListItem\",\"position\":1,\"name\":\"Accueil\",\"item\":\"https:\\\/\\\/great-artmag.com\\\/en\\\/\"},{\"@type\":\"ListItem\",\"position\":2,\"name\":\"L&rsquo;art du recyclage par le Br\u00e9silien Rodrigo Almeida\"}]},{\"@type\":\"WebSite\",\"@id\":\"https:\\\/\\\/great-artmag.com\\\/en\\\/#website\",\"url\":\"https:\\\/\\\/great-artmag.com\\\/en\\\/\",\"name\":\"Great ArtMag\",\"description\":\"Le Magazine des H\u00e9donistes\",\"publisher\":{\"@id\":\"https:\\\/\\\/great-artmag.com\\\/en\\\/#organization\"},\"potentialAction\":[{\"@type\":\"SearchAction\",\"target\":{\"@type\":\"EntryPoint\",\"urlTemplate\":\"https:\\\/\\\/great-artmag.com\\\/en\\\/?s={search_term_string}\"},\"query-input\":{\"@type\":\"PropertyValueSpecification\",\"valueRequired\":true,\"valueName\":\"search_term_string\"}}],\"inLanguage\":\"en-US\"},{\"@type\":\"Organization\",\"@id\":\"https:\\\/\\\/great-artmag.com\\\/en\\\/#organization\",\"name\":\"GREAT ARTMAG\",\"url\":\"https:\\\/\\\/great-artmag.com\\\/en\\\/\",\"logo\":{\"@type\":\"ImageObject\",\"inLanguage\":\"en-US\",\"@id\":\"https:\\\/\\\/great-artmag.com\\\/en\\\/#\\\/schema\\\/logo\\\/image\\\/\",\"url\":\"https:\\\/\\\/great-artmag.com\\\/wp-content\\\/uploads\\\/2024\\\/07\\\/IMG_5403.jpg\",\"contentUrl\":\"https:\\\/\\\/great-artmag.com\\\/wp-content\\\/uploads\\\/2024\\\/07\\\/IMG_5403.jpg\",\"width\":860,\"height\":368,\"caption\":\"GREAT ARTMAG\"},\"image\":{\"@id\":\"https:\\\/\\\/great-artmag.com\\\/en\\\/#\\\/schema\\\/logo\\\/image\\\/\"},\"sameAs\":[\"https:\\\/\\\/www.instagram.com\\\/great_artmag\"]},{\"@type\":\"Person\",\"@id\":\"https:\\\/\\\/great-artmag.com\\\/en\\\/#\\\/schema\\\/person\\\/07a768635fe6f6d87951dc8ae985eeda\",\"name\":\"Alexia Gugg\u00e9mos\",\"url\":\"https:\\\/\\\/great-artmag.com\\\/en\\\/author\\\/admin5782\\\/\"}]}<\/script>\n<!-- \/ Yoast SEO plugin. -->","yoast_head_json":{"title":"L'art du recyclage par le Br\u00e9silien Rodrigo Almeida - GREAT-ARTMAG","robots":{"index":"index","follow":"follow","max-snippet":"max-snippet:-1","max-image-preview":"max-image-preview:large","max-video-preview":"max-video-preview:-1"},"canonical":"https:\/\/great-artmag.com\/en\/des-pailles-en-plastique-recyclees-par-rodrigo-almeida\/","og_locale":"en_US","og_type":"article","og_title":"L'art du recyclage par le Br\u00e9silien Rodrigo Almeida - GREAT-ARTMAG","og_description":"Du design color\u00e9 et joyeux \u00e0 la galerie Fat, \u00e0 Paris ! De quoi r\u00e9jouir toutes celles et tous ceux qui, comme moi, se laissent emporter par cette cr\u00e9ativit\u00e9 enjou\u00e9e&#8230; et chagriner (une nouvelle fois !) les autres, ceux qui estiment que l&#8217;Art se place bien au dessus de ces m\u00e9diocrit\u00e9s marketing. Qu&#8217;importe ! Dans [&hellip;]","og_url":"https:\/\/great-artmag.com\/en\/des-pailles-en-plastique-recyclees-par-rodrigo-almeida\/","og_site_name":"GREAT-ARTMAG","article_published_time":"2010-05-09T14:15:00+00:00","og_image":[{"width":640,"height":480,"url":"https:\/\/great-artmag.com\/wp-content\/uploads\/2010\/05\/almeida.jpg","type":"image\/jpeg"}],"author":"Alexia Gugg\u00e9mos","twitter_card":"summary_large_image","twitter_misc":{"Written by":"Alexia Gugg\u00e9mos","Est. reading time":"1 minute"},"schema":{"@context":"https:\/\/schema.org","@graph":[{"@type":"Article","@id":"https:\/\/great-artmag.com\/en\/des-pailles-en-plastique-recyclees-par-rodrigo-almeida\/#article","isPartOf":{"@id":"https:\/\/great-artmag.com\/en\/des-pailles-en-plastique-recyclees-par-rodrigo-almeida\/"},"author":{"name":"Alexia Gugg\u00e9mos","@id":"https:\/\/great-artmag.com\/en\/#\/schema\/person\/07a768635fe6f6d87951dc8ae985eeda"},"headline":"L&#8217;art du recyclage par le Br\u00e9silien Rodrigo Almeida","datePublished":"2010-05-09T14:15:00+00:00","mainEntityOfPage":{"@id":"https:\/\/great-artmag.com\/en\/des-pailles-en-plastique-recyclees-par-rodrigo-almeida\/"},"wordCount":241,"publisher":{"@id":"https:\/\/great-artmag.com\/en\/#organization"},"image":{"@id":"https:\/\/great-artmag.com\/en\/des-pailles-en-plastique-recyclees-par-rodrigo-almeida\/#primaryimage"},"thumbnailUrl":"https:\/\/great-artmag.com\/wp-content\/uploads\/2010\/05\/almeida.jpg","articleSection":["EXPOSITIONS"],"inLanguage":"en-US"},{"@type":"WebPage","@id":"https:\/\/great-artmag.com\/en\/des-pailles-en-plastique-recyclees-par-rodrigo-almeida\/","url":"https:\/\/great-artmag.com\/en\/des-pailles-en-plastique-recyclees-par-rodrigo-almeida\/","name":"L'art du recyclage par le Br\u00e9silien Rodrigo Almeida - GREAT-ARTMAG","isPartOf":{"@id":"https:\/\/great-artmag.com\/en\/#website"},"primaryImageOfPage":{"@id":"https:\/\/great-artmag.com\/en\/des-pailles-en-plastique-recyclees-par-rodrigo-almeida\/#primaryimage"},"image":{"@id":"https:\/\/great-artmag.com\/en\/des-pailles-en-plastique-recyclees-par-rodrigo-almeida\/#primaryimage"},"thumbnailUrl":"https:\/\/great-artmag.com\/wp-content\/uploads\/2010\/05\/almeida.jpg","datePublished":"2010-05-09T14:15:00+00:00","breadcrumb":{"@id":"https:\/\/great-artmag.com\/en\/des-pailles-en-plastique-recyclees-par-rodrigo-almeida\/#breadcrumb"},"inLanguage":"en-US","potentialAction":[{"@type":"ReadAction","target":["https:\/\/great-artmag.com\/en\/des-pailles-en-plastique-recyclees-par-rodrigo-almeida\/"]}]},{"@type":"ImageObject","inLanguage":"en-US","@id":"https:\/\/great-artmag.com\/en\/des-pailles-en-plastique-recyclees-par-rodrigo-almeida\/#primaryimage","url":"https:\/\/great-artmag.com\/wp-content\/uploads\/2010\/05\/almeida.jpg","contentUrl":"https:\/\/great-artmag.com\/wp-content\/uploads\/2010\/05\/almeida.jpg","width":640,"height":480},{"@type":"BreadcrumbList","@id":"https:\/\/great-artmag.com\/en\/des-pailles-en-plastique-recyclees-par-rodrigo-almeida\/#breadcrumb","itemListElement":[{"@type":"ListItem","position":1,"name":"Accueil","item":"https:\/\/great-artmag.com\/en\/"},{"@type":"ListItem","position":2,"name":"L&rsquo;art du recyclage par le Br\u00e9silien Rodrigo Almeida"}]},{"@type":"WebSite","@id":"https:\/\/great-artmag.com\/en\/#website","url":"https:\/\/great-artmag.com\/en\/","name":"Great ArtMag","description":"Le Magazine des H\u00e9donistes","publisher":{"@id":"https:\/\/great-artmag.com\/en\/#organization"},"potentialAction":[{"@type":"SearchAction","target":{"@type":"EntryPoint","urlTemplate":"https:\/\/great-artmag.com\/en\/?s={search_term_string}"},"query-input":{"@type":"PropertyValueSpecification","valueRequired":true,"valueName":"search_term_string"}}],"inLanguage":"en-US"},{"@type":"Organization","@id":"https:\/\/great-artmag.com\/en\/#organization","name":"GREAT ARTMAG","url":"https:\/\/great-artmag.com\/en\/","logo":{"@type":"ImageObject","inLanguage":"en-US","@id":"https:\/\/great-artmag.com\/en\/#\/schema\/logo\/image\/","url":"https:\/\/great-artmag.com\/wp-content\/uploads\/2024\/07\/IMG_5403.jpg","contentUrl":"https:\/\/great-artmag.com\/wp-content\/uploads\/2024\/07\/IMG_5403.jpg","width":860,"height":368,"caption":"GREAT ARTMAG"},"image":{"@id":"https:\/\/great-artmag.com\/en\/#\/schema\/logo\/image\/"},"sameAs":["https:\/\/www.instagram.com\/great_artmag"]},{"@type":"Person","@id":"https:\/\/great-artmag.com\/en\/#\/schema\/person\/07a768635fe6f6d87951dc8ae985eeda","name":"Alexia Gugg\u00e9mos","url":"https:\/\/great-artmag.com\/en\/author\/admin5782\/"}]}},"amp_enabled":true,"_links":{"self":[{"href":"https:\/\/great-artmag.com\/en\/wp-json\/wp\/v2\/posts\/253","targetHints":{"allow":["GET"]}}],"collection":[{"href":"https:\/\/great-artmag.com\/en\/wp-json\/wp\/v2\/posts"}],"about":[{"href":"https:\/\/great-artmag.com\/en\/wp-json\/wp\/v2\/types\/post"}],"author":[{"embeddable":true,"href":"https:\/\/great-artmag.com\/en\/wp-json\/wp\/v2\/users\/1"}],"replies":[{"embeddable":true,"href":"https:\/\/great-artmag.com\/en\/wp-json\/wp\/v2\/comments?post=253"}],"version-history":[{"count":0,"href":"https:\/\/great-artmag.com\/en\/wp-json\/wp\/v2\/posts\/253\/revisions"}],"wp:featuredmedia":[{"embeddable":true,"href":"https:\/\/great-artmag.com\/en\/wp-json\/wp\/v2\/media\/1412"}],"wp:attachment":[{"href":"https:\/\/great-artmag.com\/en\/wp-json\/wp\/v2\/media?parent=253"}],"wp:term":[{"taxonomy":"category","embeddable":true,"href":"https:\/\/great-artmag.com\/en\/wp-json\/wp\/v2\/categories?post=253"},{"taxonomy":"post_tag","embeddable":true,"href":"https:\/\/great-artmag.com\/en\/wp-json\/wp\/v2\/tags?post=253"}],"curies":[{"name":"wp","href":"https:\/\/api.w.org\/{rel}","templated":true}]}}