{"id":2793,"date":"2021-01-23T11:07:22","date_gmt":"2021-01-23T10:07:22","guid":{"rendered":"https:\/\/unik-artmag.com\/?p=2793"},"modified":"2026-04-24T06:49:51","modified_gmt":"2026-04-24T04:49:51","slug":"photobrussels-festival-05-27-photographes-face-au-confinement-entre-humour-et-desarroi","status":"publish","type":"post","link":"https:\/\/great-artmag.com\/en\/photobrussels-festival-05-27-photographes-face-au-confinement-entre-humour-et-desarroi\/","title":{"rendered":"PhotoBrussels Festival : les photographes face au confinement, entre humour et d\u00e9sarroi"},"content":{"rendered":"<div class=\"wpb-content-wrapper\"><div id=\"tdi_1\" class=\"tdc-row\"><div class=\"vc_row tdi_2  wpb_row td-pb-row\" >\n<style scoped>\n\/* custom css - generated by TagDiv Composer *\/\n\n\/* custom css - generated by TagDiv Composer *\/\n.tdi_2,\r\n                .tdi_2 .tdc-columns{\r\n                    min-height: 0;\r\n                }.tdi_2,\r\n\t\t\t\t.tdi_2 .tdc-columns{\r\n\t\t\t\t    display: block;\r\n\t\t\t\t}.tdi_2 .tdc-columns{\r\n\t\t\t\t    width: 100%;\r\n\t\t\t\t}.tdi_2:before,\r\n\t\t\t\t.tdi_2:after{\r\n\t\t\t\t    display: table;\r\n\t\t\t\t}\n<\/style><div class=\"vc_column tdi_4  wpb_column vc_column_container tdc-column td-pb-span12\">\n<style scoped>\n\/* custom css - generated by TagDiv Composer *\/\n\n\/* custom css - generated by TagDiv Composer *\/\n.tdi_4{\r\n                    vertical-align: baseline;\r\n                }.tdi_4 > .wpb_wrapper,\r\n\t\t\t\t.tdi_4 > .wpb_wrapper > .tdc-elements{\r\n\t\t\t\t    display: block;\r\n\t\t\t\t}.tdi_4 > .wpb_wrapper > .tdc-elements{\r\n\t\t\t\t    width: 100%;\r\n\t\t\t\t}.tdi_4 > .wpb_wrapper > .vc_row_inner{\r\n\t\t\t\t    width: auto;\r\n\t\t\t\t}.tdi_4 > .wpb_wrapper{\r\n\t\t\t\t    width: auto;\r\n\t\t\t\t    height: auto;\r\n\t\t\t\t}\n<\/style><div class=\"wpb_wrapper\" >[vc_column_text css=&#8221;&#8221;]<\/p>\r\n<div class=\"wp-block-image\">\r\n<figure class=\"alignleft size-large is-resized\"><img decoding=\"async\" class=\"wp-image-2795\" src=\"https:\/\/great-artmag.com\/wp-content\/uploads\/2021\/01\/Julia-Fullerton-Batten-Looking-out-from-Within.jpg\" alt=\"\" width=\"456\" height=\"304\" srcset=\"https:\/\/great-artmag.com\/wp-content\/uploads\/2021\/01\/Julia-Fullerton-Batten-Looking-out-from-Within.jpg 1000w, https:\/\/great-artmag.com\/wp-content\/uploads\/2021\/01\/Julia-Fullerton-Batten-Looking-out-from-Within-300x200.jpg 300w, https:\/\/great-artmag.com\/wp-content\/uploads\/2021\/01\/Julia-Fullerton-Batten-Looking-out-from-Within-768x513.jpg 768w, https:\/\/great-artmag.com\/wp-content\/uploads\/2021\/01\/Julia-Fullerton-Batten-Looking-out-from-Within-629x420.jpg 629w, https:\/\/great-artmag.com\/wp-content\/uploads\/2021\/01\/Julia-Fullerton-Batten-Looking-out-from-Within-696x465.jpg 696w\" sizes=\"(max-width: 456px) 100vw, 456px\" \/>\r\n<figcaption>Julia Fullerton-Batten, 2020<\/figcaption>\r\n<\/figure>\r\n<\/div>\r\n<!-- \/wp:post-content -->\r\n<p><!-- wp:paragraph --><strong>Avec pour unique m\u00e9c\u00e8ne, le collectionneur belge Rodolphe de Spoelberch, PhotoBrussels Festival 05 a pu voir le jour. La 5e \u00e9dition de ce grand rendez-vous annuelle de la photographie contemporaine est \u00e0 la fois un exploit et une r\u00e9ussite.<\/strong><\/p>\r\n<p><strong>Les 27 photographes expos\u00e9s <strong>au Hangar<\/strong><\/strong> <strong>ont r\u00e9pondu \u00e0 un appel \u00e0 participation en Europe sur le th\u00e8me du confinement.<\/strong> <strong>Des visions h\u00e9t\u00e9roclites, souvent poignantes, entre humour et d\u00e9sarroi. C&#8217;est aussi un parcours dans la ville de 40 lieux \u00e0 d\u00e9couvrir jusqu&#8217;au 27 mars<\/strong> <strong>2021.<\/strong><\/p>\r\n<!-- \/wp:paragraph -->\r\n<p><!-- wp:paragraph -->&#8220;<em>La plupart des regards photographiques expos\u00e9s t\u00e9moigne d&#8217;une r\u00e9silience positive. Nous montrons la double introspection constat\u00e9e lors du confinement, \u00e0 la fois physique et mentale<\/em>&#8220;, confie Delphine Dumont, directrice du Hangar, et fondatrice de PhotoBrussels Festival. Parmi les membres du jury ayant contribu\u00e9 \u00e0 la s\u00e9lection des 27 projets photographiques sur les 420 re\u00e7us, l&#8217;historien de la photographie, Christian Caujole. &#8220;<em>Nous avons observ\u00e9 une pluralit\u00e9 du champ lexical et la place pr\u00e9pond\u00e9rante des \u00e9crans<\/em>&#8220;, explique-t-il, soulignant dans un sourire le r\u00f4le souvent in\u00e9dit des voisins. Des personnages mis en sc\u00e8ne comme dans la photographie ci-dessus produite par l&#8217;excellente photographe allemande Julia Fullerton-Batten.<\/p>\r\n<!-- \/wp:paragraph -->\r\n<p><!-- wp:paragraph -->Le Prix Leica Coup de Coeur a \u00e9t\u00e9 attribu\u00e9 \u00e0 Fr\u00e9d\u00e9ric Stucin pour ses images de Paris, une des capitales europ\u00e9ennes vid\u00e9es de ses habitants, ou presque&#8230; Dans son ouvrage,\u00a0<em>Only bleeding<\/em>, le photographe fran\u00e7ais livrait d\u00e9j\u00e0 le r\u00e9cit en images d&#8217;une errance dans les rues de Las Vegas. Ses s\u00e9ries fantomatiques ont fait l&#8217;objet de plusieurs expositions, dont <em>Le d\u00e9cor<\/em>, pr\u00e9sent\u00e9 aux Photaumnales 2020. &#8220;<em>Ce qu&#8217;il y a de remarquable dans le travail de Fr\u00e9d\u00e9ric Stucin<\/em>, commente Christian Caujole, <em>c&#8217;est ce qu&#8217;il accomplit autour de la lumi\u00e8re. Non pas de la retouche Photoshop mais un \u00e9clairage in situ qui donne toute la profondeur \u00e0 ses images<\/em>&#8220;. Photographier la ville d\u00e9serte, certes. Mais il n&#8217;y a rien de plus difficile que de saisir la banalit\u00e9. Une \u00e9criture photographique r\u00e9compens\u00e9e avec justesse.<\/p>\r\n<!-- \/wp:paragraph -->\r\n<p>&nbsp;<\/p>\r\n<!-- wp:image {\"align\":\"left\",\"id\":2804,\"width\":203,\"height\":203,\"sizeSlug\":\"large\"} -->\r\n<div class=\"wp-block-image\">\r\n<figure class=\"alignleft size-large is-resized\"><img decoding=\"async\" class=\"wp-image-2804\" src=\"https:\/\/great-artmag.com\/wp-content\/uploads\/2021\/01\/Sarah_Bouillaud-_Confinement-1.jpg\" alt=\"\" width=\"203\" height=\"203\" srcset=\"https:\/\/great-artmag.com\/wp-content\/uploads\/2021\/01\/Sarah_Bouillaud-_Confinement-1.jpg 1000w, https:\/\/great-artmag.com\/wp-content\/uploads\/2021\/01\/Sarah_Bouillaud-_Confinement-1-300x300.jpg 300w, https:\/\/great-artmag.com\/wp-content\/uploads\/2021\/01\/Sarah_Bouillaud-_Confinement-1-200x200.jpg 200w, https:\/\/great-artmag.com\/wp-content\/uploads\/2021\/01\/Sarah_Bouillaud-_Confinement-1-768x768.jpg 768w, https:\/\/great-artmag.com\/wp-content\/uploads\/2021\/01\/Sarah_Bouillaud-_Confinement-1-420x420.jpg 420w, https:\/\/great-artmag.com\/wp-content\/uploads\/2021\/01\/Sarah_Bouillaud-_Confinement-1-696x696.jpg 696w\" sizes=\"(max-width: 203px) 100vw, 203px\" \/>\r\n<figcaption>Sarah Bouillaud, 2020<\/figcaption>\r\n<\/figure>\r\n<\/div>\r\n<!-- \/wp:image -->\r\n<p><!-- wp:paragraph -->Du photomontage, avec notamment la s\u00e9rie joyeuse et d\u00e9cal\u00e9e de l&#8217;illustratrice Sarah Bouillaud, ou bien de la photographie plus personnelle comme les images r\u00e9alis\u00e9es au quotidien, tel un rep\u00e8re dans l&#8217;espace et le temps, par Laure Vasconi avec son fils Leonard&#8230; la vari\u00e9t\u00e9 des traitements autoris\u00e9e a aussi permis de r\u00e9v\u00e9ler un r\u00e9alisateur fran\u00e7ais, G\u00e9r\u00f4me Barry. Son journal video de confin\u00e9 intitul\u00e9 &#8220;<a href=\"https:\/\/twitter.com\/GeromeBarry\/status\/1268181450567954432?s=20\" target=\"_blank\" rel=\"noreferrer noopener\">L&#8217;Aventure dans 30m2<\/a>&#8221; est montr\u00e9 \u00e0 travers une dizaine de courts-m\u00e9trages truculents. Partie de p\u00eache, marathon, op\u00e9ra&#8230; les journ\u00e9es s&#8217;enchainent avec leurs lots de trouvailles. Une vie riche de fantaisie et de partage. C&#8217;est d&#8217;ailleurs sur Twitter et sur Instagram que ses p\u00e9pites ont \u00e9t\u00e9 diffus\u00e9es. Composition, r\u00e9alisation, illustration, costume, maquillage, mise en sc\u00e8ne&#8230; l&#8217;artiste a tous les talents.<\/p>\r\n<!-- \/wp:paragraph -->\r\n<p>&nbsp;<\/p>\r\n<!-- wp:image {\"align\":\"right\",\"id\":2806,\"width\":321,\"height\":244,\"sizeSlug\":\"large\"} -->\r\n<div class=\"wp-block-image\">\r\n<figure class=\"alignright size-large is-resized\"><img decoding=\"async\" class=\"wp-image-2806\" src=\"https:\/\/great-artmag.com\/wp-content\/uploads\/2021\/01\/Fr%C3%A9d%C3%A9ric_Stucin-1-1.jpg\" alt=\"\" width=\"321\" height=\"244\" \/>\r\n<figcaption>Fr\u00e9d\u00e9ric Stucin, 2020<\/figcaption>\r\n<\/figure>\r\n<\/div>\r\n<!-- \/wp:image -->\r\n<p><!-- wp:paragraph -->Les vingt-sept laur\u00e9ats :<br \/>G\u00e9rome Barry, Lucile Boiron, Marguerite Bornhauser, Ferhat Bouda, Bruno Boudjelal, Sarah Bouillaud, Jean-Marc Caimi &amp; Valentina Piccinni, Gon\u00e7alo Fonseca, Julia Fullerton-Batten, Gabriele Galimberti, Nick Hannes, Giovanni H\u00e4nninen, Philip Hatcher-Moore, Pierre Jarlan, K\u00edra Kr\u00e1sz, Yann Laubscher, Lucas Leffler, Edgar Martins, Alisa Martynova, Patrick Messina, Alice Pallot, Elea Jeanne Schmitter &amp; Le Massi, Alexandra Serrano, Fr\u00e9d\u00e9ric Stucin, Mattia Sugamiele, Simon Vansteenwinckel, Laure Vasconi.<\/p>\r\n<!-- \/wp:paragraph -->\r\n<p><!-- wp:paragraph -->&gt; www.hangar.art<\/p>\r\n<!-- \/wp:paragraph -->\r\n<p>&nbsp;<\/p>\r\n<p>[\/vc_column_text]<\/div><\/div><\/div><\/div><\/div>","protected":false},"excerpt":{"rendered":"[vc_column_text css=\"\"] Julia Fullerton-Batten, 2020 Avec pour unique m\u00e9c\u00e8ne, le collectionneur belge Rodolphe de Spoelberch, PhotoBrussels Festival 05 a pu voir le jour. La 5e \u00e9dition de ce grand rendez-vous annuelle de la photographie contemporaine est \u00e0 la fois un exploit et une r\u00e9ussite. Les 27 photographes expos\u00e9s au Hangar ont r\u00e9pondu \u00e0 un appel [...]","protected":false},"author":1,"featured_media":2795,"comment_status":"open","ping_status":"closed","sticky":false,"template":"","format":"standard","meta":{"inline_featured_image":false,"tdm_status":"","tdm_grid_status":"","footnotes":""},"categories":[1163],"tags":[1245],"class_list":["post-2793","post","type-post","status-publish","format-standard","has-post-thumbnail","hentry","category-exposition","tag-covid"],"yoast_head":"<!-- This site is optimized with the Yoast SEO plugin v27.5 - https:\/\/yoast.com\/product\/yoast-seo-wordpress\/ -->\n<title>PhotoBrussels Festival : les photographes face au confinement, entre humour et d\u00e9sarroi - GREAT-ARTMAG<\/title>\n<meta name=\"robots\" content=\"index, follow, max-snippet:-1, max-image-preview:large, max-video-preview:-1\" \/>\n<link rel=\"canonical\" href=\"https:\/\/great-artmag.com\/en\/photobrussels-festival-05-27-photographes-face-au-confinement-entre-humour-et-desarroi\/\" \/>\n<meta property=\"og:locale\" content=\"en_US\" \/>\n<meta property=\"og:type\" content=\"article\" \/>\n<meta property=\"og:title\" content=\"PhotoBrussels Festival : les photographes face au confinement, entre humour et d\u00e9sarroi - GREAT-ARTMAG\" \/>\n<meta property=\"og:url\" content=\"https:\/\/great-artmag.com\/en\/photobrussels-festival-05-27-photographes-face-au-confinement-entre-humour-et-desarroi\/\" \/>\n<meta property=\"og:site_name\" content=\"GREAT-ARTMAG\" \/>\n<meta property=\"article:published_time\" content=\"2021-01-23T10:07:22+00:00\" \/>\n<meta property=\"article:modified_time\" content=\"2026-04-24T04:49:51+00:00\" \/>\n<meta property=\"og:image\" content=\"https:\/\/great-artmag.com\/wp-content\/uploads\/2021\/01\/Julia-Fullerton-Batten-Looking-out-from-Within.jpg\" \/>\n\t<meta property=\"og:image:width\" content=\"1000\" \/>\n\t<meta property=\"og:image:height\" content=\"668\" \/>\n\t<meta property=\"og:image:type\" content=\"image\/jpeg\" \/>\n<meta name=\"author\" content=\"Alexia Gugg\u00e9mos\" \/>\n<meta name=\"twitter:card\" content=\"summary_large_image\" \/>\n<meta name=\"twitter:label1\" content=\"Written by\" \/>\n\t<meta name=\"twitter:data1\" content=\"Alexia Gugg\u00e9mos\" \/>\n\t<meta name=\"twitter:label2\" content=\"Est. reading time\" \/>\n\t<meta name=\"twitter:data2\" content=\"4 minutes\" \/>\n<script type=\"application\/ld+json\" class=\"yoast-schema-graph\">{\"@context\":\"https:\\\/\\\/schema.org\",\"@graph\":[{\"@type\":\"Article\",\"@id\":\"https:\\\/\\\/great-artmag.com\\\/en\\\/photobrussels-festival-05-27-photographes-face-au-confinement-entre-humour-et-desarroi\\\/#article\",\"isPartOf\":{\"@id\":\"https:\\\/\\\/great-artmag.com\\\/en\\\/photobrussels-festival-05-27-photographes-face-au-confinement-entre-humour-et-desarroi\\\/\"},\"author\":{\"name\":\"Alexia Gugg\u00e9mos\",\"@id\":\"https:\\\/\\\/great-artmag.com\\\/en\\\/#\\\/schema\\\/person\\\/07a768635fe6f6d87951dc8ae985eeda\"},\"headline\":\"PhotoBrussels Festival : les photographes face au confinement, entre humour et d\u00e9sarroi\",\"datePublished\":\"2021-01-23T10:07:22+00:00\",\"dateModified\":\"2026-04-24T04:49:51+00:00\",\"mainEntityOfPage\":{\"@id\":\"https:\\\/\\\/great-artmag.com\\\/en\\\/photobrussels-festival-05-27-photographes-face-au-confinement-entre-humour-et-desarroi\\\/\"},\"wordCount\":612,\"commentCount\":0,\"publisher\":{\"@id\":\"https:\\\/\\\/great-artmag.com\\\/en\\\/#organization\"},\"image\":{\"@id\":\"https:\\\/\\\/great-artmag.com\\\/en\\\/photobrussels-festival-05-27-photographes-face-au-confinement-entre-humour-et-desarroi\\\/#primaryimage\"},\"thumbnailUrl\":\"https:\\\/\\\/great-artmag.com\\\/wp-content\\\/uploads\\\/2021\\\/01\\\/Julia-Fullerton-Batten-Looking-out-from-Within.jpg\",\"keywords\":[\"Covid\"],\"articleSection\":[\"EXPOSITIONS\"],\"inLanguage\":\"en-US\",\"potentialAction\":[{\"@type\":\"CommentAction\",\"name\":\"Comment\",\"target\":[\"https:\\\/\\\/great-artmag.com\\\/en\\\/photobrussels-festival-05-27-photographes-face-au-confinement-entre-humour-et-desarroi\\\/#respond\"]}]},{\"@type\":\"WebPage\",\"@id\":\"https:\\\/\\\/great-artmag.com\\\/en\\\/photobrussels-festival-05-27-photographes-face-au-confinement-entre-humour-et-desarroi\\\/\",\"url\":\"https:\\\/\\\/great-artmag.com\\\/en\\\/photobrussels-festival-05-27-photographes-face-au-confinement-entre-humour-et-desarroi\\\/\",\"name\":\"PhotoBrussels Festival : les photographes face au confinement, entre humour et d\u00e9sarroi - GREAT-ARTMAG\",\"isPartOf\":{\"@id\":\"https:\\\/\\\/great-artmag.com\\\/en\\\/#website\"},\"primaryImageOfPage\":{\"@id\":\"https:\\\/\\\/great-artmag.com\\\/en\\\/photobrussels-festival-05-27-photographes-face-au-confinement-entre-humour-et-desarroi\\\/#primaryimage\"},\"image\":{\"@id\":\"https:\\\/\\\/great-artmag.com\\\/en\\\/photobrussels-festival-05-27-photographes-face-au-confinement-entre-humour-et-desarroi\\\/#primaryimage\"},\"thumbnailUrl\":\"https:\\\/\\\/great-artmag.com\\\/wp-content\\\/uploads\\\/2021\\\/01\\\/Julia-Fullerton-Batten-Looking-out-from-Within.jpg\",\"datePublished\":\"2021-01-23T10:07:22+00:00\",\"dateModified\":\"2026-04-24T04:49:51+00:00\",\"breadcrumb\":{\"@id\":\"https:\\\/\\\/great-artmag.com\\\/en\\\/photobrussels-festival-05-27-photographes-face-au-confinement-entre-humour-et-desarroi\\\/#breadcrumb\"},\"inLanguage\":\"en-US\",\"potentialAction\":[{\"@type\":\"ReadAction\",\"target\":[\"https:\\\/\\\/great-artmag.com\\\/en\\\/photobrussels-festival-05-27-photographes-face-au-confinement-entre-humour-et-desarroi\\\/\"]}]},{\"@type\":\"ImageObject\",\"inLanguage\":\"en-US\",\"@id\":\"https:\\\/\\\/great-artmag.com\\\/en\\\/photobrussels-festival-05-27-photographes-face-au-confinement-entre-humour-et-desarroi\\\/#primaryimage\",\"url\":\"https:\\\/\\\/great-artmag.com\\\/wp-content\\\/uploads\\\/2021\\\/01\\\/Julia-Fullerton-Batten-Looking-out-from-Within.jpg\",\"contentUrl\":\"https:\\\/\\\/great-artmag.com\\\/wp-content\\\/uploads\\\/2021\\\/01\\\/Julia-Fullerton-Batten-Looking-out-from-Within.jpg\",\"width\":1000,\"height\":668},{\"@type\":\"BreadcrumbList\",\"@id\":\"https:\\\/\\\/great-artmag.com\\\/en\\\/photobrussels-festival-05-27-photographes-face-au-confinement-entre-humour-et-desarroi\\\/#breadcrumb\",\"itemListElement\":[{\"@type\":\"ListItem\",\"position\":1,\"name\":\"Accueil\",\"item\":\"https:\\\/\\\/great-artmag.com\\\/en\\\/\"},{\"@type\":\"ListItem\",\"position\":2,\"name\":\"PhotoBrussels Festival : les photographes face au confinement, entre humour et d\u00e9sarroi\"}]},{\"@type\":\"WebSite\",\"@id\":\"https:\\\/\\\/great-artmag.com\\\/en\\\/#website\",\"url\":\"https:\\\/\\\/great-artmag.com\\\/en\\\/\",\"name\":\"Great ArtMag\",\"description\":\"Le Magazine des H\u00e9donistes\",\"publisher\":{\"@id\":\"https:\\\/\\\/great-artmag.com\\\/en\\\/#organization\"},\"potentialAction\":[{\"@type\":\"SearchAction\",\"target\":{\"@type\":\"EntryPoint\",\"urlTemplate\":\"https:\\\/\\\/great-artmag.com\\\/en\\\/?s={search_term_string}\"},\"query-input\":{\"@type\":\"PropertyValueSpecification\",\"valueRequired\":true,\"valueName\":\"search_term_string\"}}],\"inLanguage\":\"en-US\"},{\"@type\":\"Organization\",\"@id\":\"https:\\\/\\\/great-artmag.com\\\/en\\\/#organization\",\"name\":\"GREAT ARTMAG\",\"url\":\"https:\\\/\\\/great-artmag.com\\\/en\\\/\",\"logo\":{\"@type\":\"ImageObject\",\"inLanguage\":\"en-US\",\"@id\":\"https:\\\/\\\/great-artmag.com\\\/en\\\/#\\\/schema\\\/logo\\\/image\\\/\",\"url\":\"https:\\\/\\\/great-artmag.com\\\/wp-content\\\/uploads\\\/2024\\\/07\\\/IMG_5403.jpg\",\"contentUrl\":\"https:\\\/\\\/great-artmag.com\\\/wp-content\\\/uploads\\\/2024\\\/07\\\/IMG_5403.jpg\",\"width\":860,\"height\":368,\"caption\":\"GREAT ARTMAG\"},\"image\":{\"@id\":\"https:\\\/\\\/great-artmag.com\\\/en\\\/#\\\/schema\\\/logo\\\/image\\\/\"},\"sameAs\":[\"https:\\\/\\\/www.instagram.com\\\/great_artmag\"]},{\"@type\":\"Person\",\"@id\":\"https:\\\/\\\/great-artmag.com\\\/en\\\/#\\\/schema\\\/person\\\/07a768635fe6f6d87951dc8ae985eeda\",\"name\":\"Alexia Gugg\u00e9mos\",\"url\":\"https:\\\/\\\/great-artmag.com\\\/en\\\/author\\\/admin5782\\\/\"}]}<\/script>\n<!-- \/ Yoast SEO plugin. -->","yoast_head_json":{"title":"PhotoBrussels Festival : les photographes face au confinement, entre humour et d\u00e9sarroi - GREAT-ARTMAG","robots":{"index":"index","follow":"follow","max-snippet":"max-snippet:-1","max-image-preview":"max-image-preview:large","max-video-preview":"max-video-preview:-1"},"canonical":"https:\/\/great-artmag.com\/en\/photobrussels-festival-05-27-photographes-face-au-confinement-entre-humour-et-desarroi\/","og_locale":"en_US","og_type":"article","og_title":"PhotoBrussels Festival : les photographes face au confinement, entre humour et d\u00e9sarroi - GREAT-ARTMAG","og_url":"https:\/\/great-artmag.com\/en\/photobrussels-festival-05-27-photographes-face-au-confinement-entre-humour-et-desarroi\/","og_site_name":"GREAT-ARTMAG","article_published_time":"2021-01-23T10:07:22+00:00","article_modified_time":"2026-04-24T04:49:51+00:00","og_image":[{"width":1000,"height":668,"url":"https:\/\/great-artmag.com\/wp-content\/uploads\/2021\/01\/Julia-Fullerton-Batten-Looking-out-from-Within.jpg","type":"image\/jpeg"}],"author":"Alexia Gugg\u00e9mos","twitter_card":"summary_large_image","twitter_misc":{"Written by":"Alexia Gugg\u00e9mos","Est. reading time":"4 minutes"},"schema":{"@context":"https:\/\/schema.org","@graph":[{"@type":"Article","@id":"https:\/\/great-artmag.com\/en\/photobrussels-festival-05-27-photographes-face-au-confinement-entre-humour-et-desarroi\/#article","isPartOf":{"@id":"https:\/\/great-artmag.com\/en\/photobrussels-festival-05-27-photographes-face-au-confinement-entre-humour-et-desarroi\/"},"author":{"name":"Alexia Gugg\u00e9mos","@id":"https:\/\/great-artmag.com\/en\/#\/schema\/person\/07a768635fe6f6d87951dc8ae985eeda"},"headline":"PhotoBrussels Festival : les photographes face au confinement, entre humour et d\u00e9sarroi","datePublished":"2021-01-23T10:07:22+00:00","dateModified":"2026-04-24T04:49:51+00:00","mainEntityOfPage":{"@id":"https:\/\/great-artmag.com\/en\/photobrussels-festival-05-27-photographes-face-au-confinement-entre-humour-et-desarroi\/"},"wordCount":612,"commentCount":0,"publisher":{"@id":"https:\/\/great-artmag.com\/en\/#organization"},"image":{"@id":"https:\/\/great-artmag.com\/en\/photobrussels-festival-05-27-photographes-face-au-confinement-entre-humour-et-desarroi\/#primaryimage"},"thumbnailUrl":"https:\/\/great-artmag.com\/wp-content\/uploads\/2021\/01\/Julia-Fullerton-Batten-Looking-out-from-Within.jpg","keywords":["Covid"],"articleSection":["EXPOSITIONS"],"inLanguage":"en-US","potentialAction":[{"@type":"CommentAction","name":"Comment","target":["https:\/\/great-artmag.com\/en\/photobrussels-festival-05-27-photographes-face-au-confinement-entre-humour-et-desarroi\/#respond"]}]},{"@type":"WebPage","@id":"https:\/\/great-artmag.com\/en\/photobrussels-festival-05-27-photographes-face-au-confinement-entre-humour-et-desarroi\/","url":"https:\/\/great-artmag.com\/en\/photobrussels-festival-05-27-photographes-face-au-confinement-entre-humour-et-desarroi\/","name":"PhotoBrussels Festival : les photographes face au confinement, entre humour et d\u00e9sarroi - GREAT-ARTMAG","isPartOf":{"@id":"https:\/\/great-artmag.com\/en\/#website"},"primaryImageOfPage":{"@id":"https:\/\/great-artmag.com\/en\/photobrussels-festival-05-27-photographes-face-au-confinement-entre-humour-et-desarroi\/#primaryimage"},"image":{"@id":"https:\/\/great-artmag.com\/en\/photobrussels-festival-05-27-photographes-face-au-confinement-entre-humour-et-desarroi\/#primaryimage"},"thumbnailUrl":"https:\/\/great-artmag.com\/wp-content\/uploads\/2021\/01\/Julia-Fullerton-Batten-Looking-out-from-Within.jpg","datePublished":"2021-01-23T10:07:22+00:00","dateModified":"2026-04-24T04:49:51+00:00","breadcrumb":{"@id":"https:\/\/great-artmag.com\/en\/photobrussels-festival-05-27-photographes-face-au-confinement-entre-humour-et-desarroi\/#breadcrumb"},"inLanguage":"en-US","potentialAction":[{"@type":"ReadAction","target":["https:\/\/great-artmag.com\/en\/photobrussels-festival-05-27-photographes-face-au-confinement-entre-humour-et-desarroi\/"]}]},{"@type":"ImageObject","inLanguage":"en-US","@id":"https:\/\/great-artmag.com\/en\/photobrussels-festival-05-27-photographes-face-au-confinement-entre-humour-et-desarroi\/#primaryimage","url":"https:\/\/great-artmag.com\/wp-content\/uploads\/2021\/01\/Julia-Fullerton-Batten-Looking-out-from-Within.jpg","contentUrl":"https:\/\/great-artmag.com\/wp-content\/uploads\/2021\/01\/Julia-Fullerton-Batten-Looking-out-from-Within.jpg","width":1000,"height":668},{"@type":"BreadcrumbList","@id":"https:\/\/great-artmag.com\/en\/photobrussels-festival-05-27-photographes-face-au-confinement-entre-humour-et-desarroi\/#breadcrumb","itemListElement":[{"@type":"ListItem","position":1,"name":"Accueil","item":"https:\/\/great-artmag.com\/en\/"},{"@type":"ListItem","position":2,"name":"PhotoBrussels Festival : les photographes face au confinement, entre humour et d\u00e9sarroi"}]},{"@type":"WebSite","@id":"https:\/\/great-artmag.com\/en\/#website","url":"https:\/\/great-artmag.com\/en\/","name":"Great ArtMag","description":"Le Magazine des H\u00e9donistes","publisher":{"@id":"https:\/\/great-artmag.com\/en\/#organization"},"potentialAction":[{"@type":"SearchAction","target":{"@type":"EntryPoint","urlTemplate":"https:\/\/great-artmag.com\/en\/?s={search_term_string}"},"query-input":{"@type":"PropertyValueSpecification","valueRequired":true,"valueName":"search_term_string"}}],"inLanguage":"en-US"},{"@type":"Organization","@id":"https:\/\/great-artmag.com\/en\/#organization","name":"GREAT ARTMAG","url":"https:\/\/great-artmag.com\/en\/","logo":{"@type":"ImageObject","inLanguage":"en-US","@id":"https:\/\/great-artmag.com\/en\/#\/schema\/logo\/image\/","url":"https:\/\/great-artmag.com\/wp-content\/uploads\/2024\/07\/IMG_5403.jpg","contentUrl":"https:\/\/great-artmag.com\/wp-content\/uploads\/2024\/07\/IMG_5403.jpg","width":860,"height":368,"caption":"GREAT ARTMAG"},"image":{"@id":"https:\/\/great-artmag.com\/en\/#\/schema\/logo\/image\/"},"sameAs":["https:\/\/www.instagram.com\/great_artmag"]},{"@type":"Person","@id":"https:\/\/great-artmag.com\/en\/#\/schema\/person\/07a768635fe6f6d87951dc8ae985eeda","name":"Alexia Gugg\u00e9mos","url":"https:\/\/great-artmag.com\/en\/author\/admin5782\/"}]}},"amp_enabled":true,"_links":{"self":[{"href":"https:\/\/great-artmag.com\/en\/wp-json\/wp\/v2\/posts\/2793","targetHints":{"allow":["GET"]}}],"collection":[{"href":"https:\/\/great-artmag.com\/en\/wp-json\/wp\/v2\/posts"}],"about":[{"href":"https:\/\/great-artmag.com\/en\/wp-json\/wp\/v2\/types\/post"}],"author":[{"embeddable":true,"href":"https:\/\/great-artmag.com\/en\/wp-json\/wp\/v2\/users\/1"}],"replies":[{"embeddable":true,"href":"https:\/\/great-artmag.com\/en\/wp-json\/wp\/v2\/comments?post=2793"}],"version-history":[{"count":0,"href":"https:\/\/great-artmag.com\/en\/wp-json\/wp\/v2\/posts\/2793\/revisions"}],"wp:featuredmedia":[{"embeddable":true,"href":"https:\/\/great-artmag.com\/en\/wp-json\/wp\/v2\/media\/2795"}],"wp:attachment":[{"href":"https:\/\/great-artmag.com\/en\/wp-json\/wp\/v2\/media?parent=2793"}],"wp:term":[{"taxonomy":"category","embeddable":true,"href":"https:\/\/great-artmag.com\/en\/wp-json\/wp\/v2\/categories?post=2793"},{"taxonomy":"post_tag","embeddable":true,"href":"https:\/\/great-artmag.com\/en\/wp-json\/wp\/v2\/tags?post=2793"}],"curies":[{"name":"wp","href":"https:\/\/api.w.org\/{rel}","templated":true}]}}