{"id":282,"date":"2010-10-20T17:34:00","date_gmt":"2010-10-20T15:34:00","guid":{"rendered":"http:\/\/unik-mag.com:7888\/2010\/10\/20\/fiac-2010-anne-bregeaut-a-lhonneur-chez-semiose\/"},"modified":"2026-04-20T18:30:04","modified_gmt":"2026-04-20T16:30:04","slug":"fiac-2010-anne-bregeaut-a-lhonneur-chez-semiose","status":"publish","type":"post","link":"https:\/\/great-artmag.com\/en\/fiac-2010-anne-bregeaut-a-lhonneur-chez-semiose\/","title":{"rendered":"La voli\u00e8re d&#8217;Anne Br\u00e9geaut \u00e0 l&#8217;honneur chez Semiose"},"content":{"rendered":"<div class=\"wpb-content-wrapper\"><div id=\"tdi_1\" class=\"tdc-row\"><div class=\"vc_row tdi_2  wpb_row td-pb-row\" >\n<style scoped>\n\/* custom css - generated by TagDiv Composer *\/\n\n\/* custom css - generated by TagDiv Composer *\/\n.tdi_2,\r\n                .tdi_2 .tdc-columns{\r\n                    min-height: 0;\r\n                }.tdi_2,\r\n\t\t\t\t.tdi_2 .tdc-columns{\r\n\t\t\t\t    display: block;\r\n\t\t\t\t}.tdi_2 .tdc-columns{\r\n\t\t\t\t    width: 100%;\r\n\t\t\t\t}.tdi_2:before,\r\n\t\t\t\t.tdi_2:after{\r\n\t\t\t\t    display: table;\r\n\t\t\t\t}\n<\/style><div class=\"vc_column tdi_4  wpb_column vc_column_container tdc-column td-pb-span12\">\n<style scoped>\n\/* custom css - generated by TagDiv Composer *\/\n\n\/* custom css - generated by TagDiv Composer *\/\n.tdi_4{\r\n                    vertical-align: baseline;\r\n                }.tdi_4 > .wpb_wrapper,\r\n\t\t\t\t.tdi_4 > .wpb_wrapper > .tdc-elements{\r\n\t\t\t\t    display: block;\r\n\t\t\t\t}.tdi_4 > .wpb_wrapper > .tdc-elements{\r\n\t\t\t\t    width: 100%;\r\n\t\t\t\t}.tdi_4 > .wpb_wrapper > .vc_row_inner{\r\n\t\t\t\t    width: auto;\r\n\t\t\t\t}.tdi_4 > .wpb_wrapper{\r\n\t\t\t\t    width: auto;\r\n\t\t\t\t    height: auto;\r\n\t\t\t\t}\n<\/style><div class=\"wpb_wrapper\" >[vc_column_text css=&#8221;&#8221;]<\/p>\n<p style=\"text-align: justify;\"><b>Anne Br\u00e9geaut, 39 ans, est l\u2019une des artistes fran\u00e7aises les plus prometteuses de sa g\u00e9n\u00e9ration.<\/b> A la <a href=\"http:\/\/www.fiac.com\" target=\"blank\" rel=\"noopener noreferrer\">FIAC 2010<\/a>, \u00ab Un bel endroit pour mentir \u00bb, la gouache d\u2019Anne Br\u00e9geaut (photo ci-dessus) est pr\u00e9sent\u00e9e Cour Carr\u00e9e sur le stand de la galerie <a href=\"http:\/\/www.semiose.com\" target=\"blank\" rel=\"noopener noreferrer\">Semiose<\/a>, jusqu&#8217;au 24 octobre. Avec cette \u0153uvre aux dimensions plus larges qu\u2019a son accoutum\u00e9e \u2013 80cm x 120cm -, elle donne une perspective nouvelle \u00e0 ses paysages imaginaires tout droit sortis de contes de f\u00e9es. Land Art, paysages fantasques, paysages improbables, nourris davantage par son imagination que par l\u2019observation de la nature\u2026 Avec humour, Anne Br\u00e9geaut op\u00e8re des confrontations ironiques et tendres de l\u2019enfance face \u00e0 l\u2019aridit\u00e9 de notre monde. <img decoding=\"async\" id=\"media-160762\" style=\"border-width: 0; float: left; margin: 0.2em 1.4em 0.7em 0;\" src=\"https:\/\/great-artmag.com\/wp-content\/uploads\/2019\/12\/02\/01\/351479148.jpg\" alt=\"letsdance_anne-bregeaut.jpg\" name=\"media-160762\" \/>A travers \u00ab Anniversaire \u00bb (2006) montrant un bouquet constitu\u00e9 d\u2019une cinquantaine de bougies d\u2019anniversaire, l\u2019artiste \u00e9voque notre \u00e2me d\u2019enfant malgr\u00e9 les ann\u00e9es qui passent. Cette pi\u00e8ce, minuscule cette fois-ci -6,5cm x 5,5cm-, fait partie de l\u2019exposition <b>\u00ab Let\u2019s dance \u00bb au Mac\/Val<\/b> \u00e0 Vitry-sur-Seine (du 22 octobre 2010 au 16 janvier 2011).<\/p>\n<p style=\"text-align: justify;\">Dipl\u00f4m\u00e9e des Beaux Arts de Clermont-Ferrand (Puy-de-D\u00f4me), Anne Br\u00e9geaut dessinait \u00e0 ses d\u00e9buts comme dans un journal intime : dessins enfantins, phrases apparemment anodines, dans laquelle elle exprimait les vacillements du couple, les crispations de la solitude, la po\u00e9sie de l\u2019attente\u2026 Anne Br\u00e9geaut aiguise alors notre curiosit\u00e9 en faisant appel \u00e0 nos exp\u00e9riences les plus intimes. Dans la s\u00e9rie de dessins intitul\u00e9e \u00ab <b>Est-ce que tu m\u2019aimerais encore ?<\/b> \u00bb (1995), l\u2019artiste efface, membre apr\u00e8s membre, le corps d\u2019une jeune femme jusqu\u2019\u00e0 la faire dispara\u00eetre compl\u00e8tement. Dans ce petit carnet rose, page apr\u00e8s page, Anne Br\u00e9geaut r\u00e9it\u00e8re cette m\u00eame question \u00ab Est-ce que tu m\u2019aimerais encore ? \u00bb, dans\u2026 L\u2019\u00e9vanescence du corps, la litanie de la locution \u00e9voquent tout \u00e0 la fois le souvenir, la peur d\u2019\u00eatre oubli\u00e9e par l\u2019Autre et la fragilit\u00e9 du rapport amoureux.<\/p>\n<p style=\"text-align: justify;\">Pour le jeune groupe de rock Twin Twin, en 2009, Anne Br\u00e9geaut r\u00e9alise le clip en dessins anim\u00e9s. \u00ab Je veux garder de toi l\u2019image des jours heureux\u2026 L\u2019amour est un serpent qui s\u2019enroule sur mon c\u0153ur serrant indiff\u00e9rent \u00e0 ma douleur\u2026 <b>J\u2019veux d&#8217;l\u2019amour<\/b> ! \u00bb J\u2019adore. A faire buzzer sur Facebook !<\/p>\n<p>[\/vc_column_text]<\/div><\/div><\/div><\/div>\n<\/div>","protected":false},"excerpt":{"rendered":"[vc_column_text css=\"\"] Anne Br\u00e9geaut, 39 ans, est l\u2019une des artistes fran\u00e7aises les plus prometteuses de sa g\u00e9n\u00e9ration. A la FIAC 2010, \u00ab Un bel endroit pour mentir \u00bb, la gouache d\u2019Anne Br\u00e9geaut (photo ci-dessus) est pr\u00e9sent\u00e9e Cour Carr\u00e9e sur le stand de la galerie Semiose, jusqu'au 24 octobre. Avec cette \u0153uvre aux dimensions plus larges [...]","protected":false},"author":1,"featured_media":978,"comment_status":"closed","ping_status":"closed","sticky":false,"template":"","format":"standard","meta":{"inline_featured_image":false,"tdm_status":"","tdm_grid_status":"","footnotes":""},"categories":[1163],"tags":[],"class_list":["post-282","post","type-post","status-publish","format-standard","has-post-thumbnail","hentry","category-exposition"],"yoast_head":"<!-- This site is optimized with the Yoast SEO plugin v27.5 - https:\/\/yoast.com\/product\/yoast-seo-wordpress\/ -->\n<title>La voli\u00e8re d&#039;Anne Br\u00e9geaut \u00e0 l&#039;honneur chez Semiose - GREAT-ARTMAG<\/title>\n<meta name=\"robots\" content=\"index, follow, max-snippet:-1, max-image-preview:large, max-video-preview:-1\" \/>\n<link rel=\"canonical\" href=\"https:\/\/great-artmag.com\/en\/fiac-2010-anne-bregeaut-a-lhonneur-chez-semiose\/\" \/>\n<meta property=\"og:locale\" content=\"en_US\" \/>\n<meta property=\"og:type\" content=\"article\" \/>\n<meta property=\"og:title\" content=\"La voli\u00e8re d&#039;Anne Br\u00e9geaut \u00e0 l&#039;honneur chez Semiose - GREAT-ARTMAG\" \/>\n<meta property=\"og:url\" content=\"https:\/\/great-artmag.com\/en\/fiac-2010-anne-bregeaut-a-lhonneur-chez-semiose\/\" \/>\n<meta property=\"og:site_name\" content=\"GREAT-ARTMAG\" \/>\n<meta property=\"article:published_time\" content=\"2010-10-20T15:34:00+00:00\" \/>\n<meta property=\"article:modified_time\" content=\"2026-04-20T16:30:04+00:00\" \/>\n<meta property=\"og:image\" content=\"https:\/\/great-artmag.com\/wp-content\/uploads\/2010\/10\/1513248135.jpg\" \/>\n\t<meta property=\"og:image:width\" content=\"500\" \/>\n\t<meta property=\"og:image:height\" content=\"338\" \/>\n\t<meta property=\"og:image:type\" content=\"image\/jpeg\" \/>\n<meta name=\"author\" content=\"Alexia Gugg\u00e9mos\" \/>\n<meta name=\"twitter:card\" content=\"summary_large_image\" \/>\n<meta name=\"twitter:label1\" content=\"Written by\" \/>\n\t<meta name=\"twitter:data1\" content=\"Alexia Gugg\u00e9mos\" \/>\n\t<meta name=\"twitter:label2\" content=\"Est. reading time\" \/>\n\t<meta name=\"twitter:data2\" content=\"3 minutes\" \/>\n<script type=\"application\/ld+json\" class=\"yoast-schema-graph\">{\"@context\":\"https:\\\/\\\/schema.org\",\"@graph\":[{\"@type\":\"Article\",\"@id\":\"https:\\\/\\\/great-artmag.com\\\/en\\\/fiac-2010-anne-bregeaut-a-lhonneur-chez-semiose\\\/#article\",\"isPartOf\":{\"@id\":\"https:\\\/\\\/great-artmag.com\\\/en\\\/fiac-2010-anne-bregeaut-a-lhonneur-chez-semiose\\\/\"},\"author\":{\"name\":\"Alexia Gugg\u00e9mos\",\"@id\":\"https:\\\/\\\/great-artmag.com\\\/en\\\/#\\\/schema\\\/person\\\/07a768635fe6f6d87951dc8ae985eeda\"},\"headline\":\"La voli\u00e8re d&#8217;Anne Br\u00e9geaut \u00e0 l&#8217;honneur chez Semiose\",\"datePublished\":\"2010-10-20T15:34:00+00:00\",\"dateModified\":\"2026-04-20T16:30:04+00:00\",\"mainEntityOfPage\":{\"@id\":\"https:\\\/\\\/great-artmag.com\\\/en\\\/fiac-2010-anne-bregeaut-a-lhonneur-chez-semiose\\\/\"},\"wordCount\":413,\"publisher\":{\"@id\":\"https:\\\/\\\/great-artmag.com\\\/en\\\/#organization\"},\"image\":{\"@id\":\"https:\\\/\\\/great-artmag.com\\\/en\\\/fiac-2010-anne-bregeaut-a-lhonneur-chez-semiose\\\/#primaryimage\"},\"thumbnailUrl\":\"https:\\\/\\\/great-artmag.com\\\/wp-content\\\/uploads\\\/2010\\\/10\\\/1513248135.jpg\",\"articleSection\":[\"EXPOSITIONS\"],\"inLanguage\":\"en-US\"},{\"@type\":\"WebPage\",\"@id\":\"https:\\\/\\\/great-artmag.com\\\/en\\\/fiac-2010-anne-bregeaut-a-lhonneur-chez-semiose\\\/\",\"url\":\"https:\\\/\\\/great-artmag.com\\\/en\\\/fiac-2010-anne-bregeaut-a-lhonneur-chez-semiose\\\/\",\"name\":\"La voli\u00e8re d'Anne Br\u00e9geaut \u00e0 l'honneur chez Semiose - GREAT-ARTMAG\",\"isPartOf\":{\"@id\":\"https:\\\/\\\/great-artmag.com\\\/en\\\/#website\"},\"primaryImageOfPage\":{\"@id\":\"https:\\\/\\\/great-artmag.com\\\/en\\\/fiac-2010-anne-bregeaut-a-lhonneur-chez-semiose\\\/#primaryimage\"},\"image\":{\"@id\":\"https:\\\/\\\/great-artmag.com\\\/en\\\/fiac-2010-anne-bregeaut-a-lhonneur-chez-semiose\\\/#primaryimage\"},\"thumbnailUrl\":\"https:\\\/\\\/great-artmag.com\\\/wp-content\\\/uploads\\\/2010\\\/10\\\/1513248135.jpg\",\"datePublished\":\"2010-10-20T15:34:00+00:00\",\"dateModified\":\"2026-04-20T16:30:04+00:00\",\"breadcrumb\":{\"@id\":\"https:\\\/\\\/great-artmag.com\\\/en\\\/fiac-2010-anne-bregeaut-a-lhonneur-chez-semiose\\\/#breadcrumb\"},\"inLanguage\":\"en-US\",\"potentialAction\":[{\"@type\":\"ReadAction\",\"target\":[\"https:\\\/\\\/great-artmag.com\\\/en\\\/fiac-2010-anne-bregeaut-a-lhonneur-chez-semiose\\\/\"]}]},{\"@type\":\"ImageObject\",\"inLanguage\":\"en-US\",\"@id\":\"https:\\\/\\\/great-artmag.com\\\/en\\\/fiac-2010-anne-bregeaut-a-lhonneur-chez-semiose\\\/#primaryimage\",\"url\":\"https:\\\/\\\/great-artmag.com\\\/wp-content\\\/uploads\\\/2010\\\/10\\\/1513248135.jpg\",\"contentUrl\":\"https:\\\/\\\/great-artmag.com\\\/wp-content\\\/uploads\\\/2010\\\/10\\\/1513248135.jpg\",\"width\":500,\"height\":338},{\"@type\":\"BreadcrumbList\",\"@id\":\"https:\\\/\\\/great-artmag.com\\\/en\\\/fiac-2010-anne-bregeaut-a-lhonneur-chez-semiose\\\/#breadcrumb\",\"itemListElement\":[{\"@type\":\"ListItem\",\"position\":1,\"name\":\"Accueil\",\"item\":\"https:\\\/\\\/great-artmag.com\\\/en\\\/\"},{\"@type\":\"ListItem\",\"position\":2,\"name\":\"La voli\u00e8re d&rsquo;Anne Br\u00e9geaut \u00e0 l&rsquo;honneur chez Semiose\"}]},{\"@type\":\"WebSite\",\"@id\":\"https:\\\/\\\/great-artmag.com\\\/en\\\/#website\",\"url\":\"https:\\\/\\\/great-artmag.com\\\/en\\\/\",\"name\":\"Great ArtMag\",\"description\":\"Le Magazine des H\u00e9donistes\",\"publisher\":{\"@id\":\"https:\\\/\\\/great-artmag.com\\\/en\\\/#organization\"},\"potentialAction\":[{\"@type\":\"SearchAction\",\"target\":{\"@type\":\"EntryPoint\",\"urlTemplate\":\"https:\\\/\\\/great-artmag.com\\\/en\\\/?s={search_term_string}\"},\"query-input\":{\"@type\":\"PropertyValueSpecification\",\"valueRequired\":true,\"valueName\":\"search_term_string\"}}],\"inLanguage\":\"en-US\"},{\"@type\":\"Organization\",\"@id\":\"https:\\\/\\\/great-artmag.com\\\/en\\\/#organization\",\"name\":\"GREAT ARTMAG\",\"url\":\"https:\\\/\\\/great-artmag.com\\\/en\\\/\",\"logo\":{\"@type\":\"ImageObject\",\"inLanguage\":\"en-US\",\"@id\":\"https:\\\/\\\/great-artmag.com\\\/en\\\/#\\\/schema\\\/logo\\\/image\\\/\",\"url\":\"https:\\\/\\\/great-artmag.com\\\/wp-content\\\/uploads\\\/2024\\\/07\\\/IMG_5403.jpg\",\"contentUrl\":\"https:\\\/\\\/great-artmag.com\\\/wp-content\\\/uploads\\\/2024\\\/07\\\/IMG_5403.jpg\",\"width\":860,\"height\":368,\"caption\":\"GREAT ARTMAG\"},\"image\":{\"@id\":\"https:\\\/\\\/great-artmag.com\\\/en\\\/#\\\/schema\\\/logo\\\/image\\\/\"},\"sameAs\":[\"https:\\\/\\\/www.instagram.com\\\/great_artmag\"]},{\"@type\":\"Person\",\"@id\":\"https:\\\/\\\/great-artmag.com\\\/en\\\/#\\\/schema\\\/person\\\/07a768635fe6f6d87951dc8ae985eeda\",\"name\":\"Alexia Gugg\u00e9mos\",\"url\":\"https:\\\/\\\/great-artmag.com\\\/en\\\/author\\\/admin5782\\\/\"}]}<\/script>\n<!-- \/ Yoast SEO plugin. -->","yoast_head_json":{"title":"La voli\u00e8re d'Anne Br\u00e9geaut \u00e0 l'honneur chez Semiose - GREAT-ARTMAG","robots":{"index":"index","follow":"follow","max-snippet":"max-snippet:-1","max-image-preview":"max-image-preview:large","max-video-preview":"max-video-preview:-1"},"canonical":"https:\/\/great-artmag.com\/en\/fiac-2010-anne-bregeaut-a-lhonneur-chez-semiose\/","og_locale":"en_US","og_type":"article","og_title":"La voli\u00e8re d'Anne Br\u00e9geaut \u00e0 l'honneur chez Semiose - GREAT-ARTMAG","og_url":"https:\/\/great-artmag.com\/en\/fiac-2010-anne-bregeaut-a-lhonneur-chez-semiose\/","og_site_name":"GREAT-ARTMAG","article_published_time":"2010-10-20T15:34:00+00:00","article_modified_time":"2026-04-20T16:30:04+00:00","og_image":[{"width":500,"height":338,"url":"https:\/\/great-artmag.com\/wp-content\/uploads\/2010\/10\/1513248135.jpg","type":"image\/jpeg"}],"author":"Alexia Gugg\u00e9mos","twitter_card":"summary_large_image","twitter_misc":{"Written by":"Alexia Gugg\u00e9mos","Est. reading time":"3 minutes"},"schema":{"@context":"https:\/\/schema.org","@graph":[{"@type":"Article","@id":"https:\/\/great-artmag.com\/en\/fiac-2010-anne-bregeaut-a-lhonneur-chez-semiose\/#article","isPartOf":{"@id":"https:\/\/great-artmag.com\/en\/fiac-2010-anne-bregeaut-a-lhonneur-chez-semiose\/"},"author":{"name":"Alexia Gugg\u00e9mos","@id":"https:\/\/great-artmag.com\/en\/#\/schema\/person\/07a768635fe6f6d87951dc8ae985eeda"},"headline":"La voli\u00e8re d&#8217;Anne Br\u00e9geaut \u00e0 l&#8217;honneur chez Semiose","datePublished":"2010-10-20T15:34:00+00:00","dateModified":"2026-04-20T16:30:04+00:00","mainEntityOfPage":{"@id":"https:\/\/great-artmag.com\/en\/fiac-2010-anne-bregeaut-a-lhonneur-chez-semiose\/"},"wordCount":413,"publisher":{"@id":"https:\/\/great-artmag.com\/en\/#organization"},"image":{"@id":"https:\/\/great-artmag.com\/en\/fiac-2010-anne-bregeaut-a-lhonneur-chez-semiose\/#primaryimage"},"thumbnailUrl":"https:\/\/great-artmag.com\/wp-content\/uploads\/2010\/10\/1513248135.jpg","articleSection":["EXPOSITIONS"],"inLanguage":"en-US"},{"@type":"WebPage","@id":"https:\/\/great-artmag.com\/en\/fiac-2010-anne-bregeaut-a-lhonneur-chez-semiose\/","url":"https:\/\/great-artmag.com\/en\/fiac-2010-anne-bregeaut-a-lhonneur-chez-semiose\/","name":"La voli\u00e8re d'Anne Br\u00e9geaut \u00e0 l'honneur chez Semiose - GREAT-ARTMAG","isPartOf":{"@id":"https:\/\/great-artmag.com\/en\/#website"},"primaryImageOfPage":{"@id":"https:\/\/great-artmag.com\/en\/fiac-2010-anne-bregeaut-a-lhonneur-chez-semiose\/#primaryimage"},"image":{"@id":"https:\/\/great-artmag.com\/en\/fiac-2010-anne-bregeaut-a-lhonneur-chez-semiose\/#primaryimage"},"thumbnailUrl":"https:\/\/great-artmag.com\/wp-content\/uploads\/2010\/10\/1513248135.jpg","datePublished":"2010-10-20T15:34:00+00:00","dateModified":"2026-04-20T16:30:04+00:00","breadcrumb":{"@id":"https:\/\/great-artmag.com\/en\/fiac-2010-anne-bregeaut-a-lhonneur-chez-semiose\/#breadcrumb"},"inLanguage":"en-US","potentialAction":[{"@type":"ReadAction","target":["https:\/\/great-artmag.com\/en\/fiac-2010-anne-bregeaut-a-lhonneur-chez-semiose\/"]}]},{"@type":"ImageObject","inLanguage":"en-US","@id":"https:\/\/great-artmag.com\/en\/fiac-2010-anne-bregeaut-a-lhonneur-chez-semiose\/#primaryimage","url":"https:\/\/great-artmag.com\/wp-content\/uploads\/2010\/10\/1513248135.jpg","contentUrl":"https:\/\/great-artmag.com\/wp-content\/uploads\/2010\/10\/1513248135.jpg","width":500,"height":338},{"@type":"BreadcrumbList","@id":"https:\/\/great-artmag.com\/en\/fiac-2010-anne-bregeaut-a-lhonneur-chez-semiose\/#breadcrumb","itemListElement":[{"@type":"ListItem","position":1,"name":"Accueil","item":"https:\/\/great-artmag.com\/en\/"},{"@type":"ListItem","position":2,"name":"La voli\u00e8re d&rsquo;Anne Br\u00e9geaut \u00e0 l&rsquo;honneur chez Semiose"}]},{"@type":"WebSite","@id":"https:\/\/great-artmag.com\/en\/#website","url":"https:\/\/great-artmag.com\/en\/","name":"Great ArtMag","description":"Le Magazine des H\u00e9donistes","publisher":{"@id":"https:\/\/great-artmag.com\/en\/#organization"},"potentialAction":[{"@type":"SearchAction","target":{"@type":"EntryPoint","urlTemplate":"https:\/\/great-artmag.com\/en\/?s={search_term_string}"},"query-input":{"@type":"PropertyValueSpecification","valueRequired":true,"valueName":"search_term_string"}}],"inLanguage":"en-US"},{"@type":"Organization","@id":"https:\/\/great-artmag.com\/en\/#organization","name":"GREAT ARTMAG","url":"https:\/\/great-artmag.com\/en\/","logo":{"@type":"ImageObject","inLanguage":"en-US","@id":"https:\/\/great-artmag.com\/en\/#\/schema\/logo\/image\/","url":"https:\/\/great-artmag.com\/wp-content\/uploads\/2024\/07\/IMG_5403.jpg","contentUrl":"https:\/\/great-artmag.com\/wp-content\/uploads\/2024\/07\/IMG_5403.jpg","width":860,"height":368,"caption":"GREAT ARTMAG"},"image":{"@id":"https:\/\/great-artmag.com\/en\/#\/schema\/logo\/image\/"},"sameAs":["https:\/\/www.instagram.com\/great_artmag"]},{"@type":"Person","@id":"https:\/\/great-artmag.com\/en\/#\/schema\/person\/07a768635fe6f6d87951dc8ae985eeda","name":"Alexia Gugg\u00e9mos","url":"https:\/\/great-artmag.com\/en\/author\/admin5782\/"}]}},"amp_enabled":true,"_links":{"self":[{"href":"https:\/\/great-artmag.com\/en\/wp-json\/wp\/v2\/posts\/282","targetHints":{"allow":["GET"]}}],"collection":[{"href":"https:\/\/great-artmag.com\/en\/wp-json\/wp\/v2\/posts"}],"about":[{"href":"https:\/\/great-artmag.com\/en\/wp-json\/wp\/v2\/types\/post"}],"author":[{"embeddable":true,"href":"https:\/\/great-artmag.com\/en\/wp-json\/wp\/v2\/users\/1"}],"replies":[{"embeddable":true,"href":"https:\/\/great-artmag.com\/en\/wp-json\/wp\/v2\/comments?post=282"}],"version-history":[{"count":0,"href":"https:\/\/great-artmag.com\/en\/wp-json\/wp\/v2\/posts\/282\/revisions"}],"wp:featuredmedia":[{"embeddable":true,"href":"https:\/\/great-artmag.com\/en\/wp-json\/wp\/v2\/media\/978"}],"wp:attachment":[{"href":"https:\/\/great-artmag.com\/en\/wp-json\/wp\/v2\/media?parent=282"}],"wp:term":[{"taxonomy":"category","embeddable":true,"href":"https:\/\/great-artmag.com\/en\/wp-json\/wp\/v2\/categories?post=282"},{"taxonomy":"post_tag","embeddable":true,"href":"https:\/\/great-artmag.com\/en\/wp-json\/wp\/v2\/tags?post=282"}],"curies":[{"name":"wp","href":"https:\/\/api.w.org\/{rel}","templated":true}]}}