{"id":3466,"date":"2021-07-05T10:08:56","date_gmt":"2021-07-05T08:08:56","guid":{"rendered":"https:\/\/unik-artmag.com\/?p=3466"},"modified":"2026-04-24T06:25:34","modified_gmt":"2026-04-24T04:25:34","slug":"drawing-factory-rencontre-avec-maxime-verdier","status":"publish","type":"post","link":"https:\/\/great-artmag.com\/en\/drawing-factory-rencontre-avec-maxime-verdier\/","title":{"rendered":"Drawing Factory : Rencontre avec Maxime Verdier"},"content":{"rendered":"<div class=\"wpb-content-wrapper\"><div id=\"tdi_1\" class=\"tdc-row\"><div class=\"vc_row tdi_2  wpb_row td-pb-row\" >\n<style scoped>\n\/* custom css - generated by TagDiv Composer *\/\n\n\/* custom css - generated by TagDiv Composer *\/\n.tdi_2,\r\n                .tdi_2 .tdc-columns{\r\n                    min-height: 0;\r\n                }.tdi_2,\r\n\t\t\t\t.tdi_2 .tdc-columns{\r\n\t\t\t\t    display: block;\r\n\t\t\t\t}.tdi_2 .tdc-columns{\r\n\t\t\t\t    width: 100%;\r\n\t\t\t\t}.tdi_2:before,\r\n\t\t\t\t.tdi_2:after{\r\n\t\t\t\t    display: table;\r\n\t\t\t\t}\n<\/style><div class=\"vc_column tdi_4  wpb_column vc_column_container tdc-column td-pb-span12\">\n<style scoped>\n\/* custom css - generated by TagDiv Composer *\/\n\n\/* custom css - generated by TagDiv Composer *\/\n.tdi_4{\r\n                    vertical-align: baseline;\r\n                }.tdi_4 > .wpb_wrapper,\r\n\t\t\t\t.tdi_4 > .wpb_wrapper > .tdc-elements{\r\n\t\t\t\t    display: block;\r\n\t\t\t\t}.tdi_4 > .wpb_wrapper > .tdc-elements{\r\n\t\t\t\t    width: 100%;\r\n\t\t\t\t}.tdi_4 > .wpb_wrapper > .vc_row_inner{\r\n\t\t\t\t    width: auto;\r\n\t\t\t\t}.tdi_4 > .wpb_wrapper{\r\n\t\t\t\t    width: auto;\r\n\t\t\t\t    height: auto;\r\n\t\t\t\t}\n<\/style><div class=\"wpb_wrapper\" >[vc_column_text css=&#8221;&#8221;]<\/p>\r\n<div class=\"wp-block-image\">\r\n<figure class=\"alignleft size-large is-resized\"><img decoding=\"async\" class=\"wp-image-3468\" src=\"https:\/\/great-artmag.com\/wp-content\/uploads\/2021\/07\/maxime-verdier-1024x1024.jpeg\" alt=\"\" width=\"366\" height=\"366\" srcset=\"https:\/\/great-artmag.com\/wp-content\/uploads\/2021\/07\/maxime-verdier-1024x1024.jpeg 1024w, https:\/\/great-artmag.com\/wp-content\/uploads\/2021\/07\/maxime-verdier-300x300.jpeg 300w, https:\/\/great-artmag.com\/wp-content\/uploads\/2021\/07\/maxime-verdier-200x200.jpeg 200w, https:\/\/great-artmag.com\/wp-content\/uploads\/2021\/07\/maxime-verdier-768x768.jpeg 768w, https:\/\/great-artmag.com\/wp-content\/uploads\/2021\/07\/maxime-verdier-1536x1536.jpeg 1536w, https:\/\/great-artmag.com\/wp-content\/uploads\/2021\/07\/maxime-verdier-696x696.jpeg 696w, https:\/\/great-artmag.com\/wp-content\/uploads\/2021\/07\/maxime-verdier-1068x1068.jpeg 1068w, https:\/\/great-artmag.com\/wp-content\/uploads\/2021\/07\/maxime-verdier-420x420.jpeg 420w, https:\/\/great-artmag.com\/wp-content\/uploads\/2021\/07\/maxime-verdier.jpeg 1920w\" sizes=\"(max-width: 366px) 100vw, 366px\" \/>\r\n<figcaption>Maxime Verdier dans son atelier \u00e0 Drawing Factory<\/figcaption>\r\n<\/figure>\r\n<\/div>\r\n<!-- \/wp:post-content -->\r\n<p><!-- wp:paragraph --><strong>Maxime Verdier fait partie des 30 artistes expos\u00e9s \u00e0 <a href=\"https:\/\/www.drawinglabparis.com\/artistes\/maxime-verdier\/\" target=\"_blank\" rel=\"noreferrer noopener\">Drawing Factory<\/a>, 11 avenue Mac Mahon \u00e0 Paris.<\/strong> <strong>Un ancien h\u00f4tel situ\u00e9 dans le 17e arrondissement : 5 \u00e9tages, 1500 m\u00b2 d\u2019espace de cr\u00e9ation, 30 ateliers et 6 mois de visibilit\u00e9 pour les artistes jusqu\u2019au 20 septembre 2021.<\/strong><\/p>\r\n<!-- \/wp:paragraph -->\r\n<p><!-- wp:paragraph -->La pratique du dessin a toujours \u00e9t\u00e9 fondamentale dans la production artistique de Maxime Verdier. Dessiner lui a permis d\u2019\u00e9tudier les multiples possibles qui jalonnent sa vie, en r\u00e9v\u00e9lant le potentiel cach\u00e9 de ses souvenirs et r\u00eaves, tout en donnant forme \u00e0 la nature insondable et \u00e9nigmatique des objets qui l\u2019entourent. Il voit le dessin comme un guide et un explorateur, il trace les cartes de ce qu\u2019il est et lui offre une multitude d\u2019espaces \u00e0 d\u00e9couvrir.<\/p>\r\n<!-- \/wp:paragraph -->\r\n<p><!-- wp:paragraph --><em>Propos recueillis par Cassandra Michel<\/em><\/p>\r\n<!-- \/wp:paragraph -->\r\n<p><!-- wp:paragraph --><strong>Quel a \u00e9t\u00e9 votre itin\u00e9raire jusqu&#8217;\u00e0 pr\u00e9sent, et jusqu&#8217;\u00e0 cet atelier \u00e0 Drawing Factory ?<\/strong><\/p>\r\n<p>N\u00e9 en Normandie, \u00e0 Dieppe, le 16 octobre 1991. Apr\u00e8s mon bac Litt\u00e9raire, j\u2019ai int\u00e9gr\u00e9 les Beaux-Arts de Rouen o\u00f9 j\u2019ai obtenu mon dipl\u00f4me pour ensuite int\u00e9grer en cours d\u2019\u00e9tudes les Beaux-Arts de Paris o\u00f9 j\u2019ai obtenu mon dipl\u00f4me national sup\u00e9rieur d&#8217;arts plastiques en 2017. Je suis professeur au sein de la Nouvelle Acad\u00e9mie des amateurs des Beaux-Arts de Paris o\u00f9 je dirige le cours \u00ab\u00a0Faire paysage au-del\u00e0 du d\u00e9cor\u00a0\u00bb. Dans ma pratique artistique, j\u2019ai toujours envisag\u00e9 le quotidien comme un portail vers le surnatu\u00adrel, un lieu o\u00f9 l\u2019impossible devenait possible et o\u00f9 le \u00ab pourquoi pas \u00bb avait sa place. Pour cela, je puise mes anecdotes, dans un r\u00e9servoir o\u00f9 s\u2019entrem\u00ealent r\u00eaves, cauchemars, sensations, ou encore souve\u00adnirs.<\/p>\r\n<!-- \/wp:paragraph -->\r\n<p><!-- wp:paragraph -->Ces fragments d\u2019histoires sont la mati\u00e8re premi\u00e8re de mon processus cr\u00e9atif, que je viens ensuite remodeler, reformater et d\u00e9ployer dans des dispositifs qui se proposent de donner \u00e0 voir l\u2019immanence magique du monde. \u00c0 travers la peinture, le dessin, la sculpture et l\u2019installation, je mets en forme un monde chim\u00e9rique et po\u00e9tique peupl\u00e9 de cr\u00e9atures oniriques, d\u2019objets banals qui prennent vie et de monstres cauchemardesques.<\/p>\r\n<!-- \/wp:paragraph -->\r\n<p>&nbsp;<\/p>\r\n<!-- wp:image {\"align\":\"left\",\"id\":3470,\"width\":413,\"height\":561,\"sizeSlug\":\"large\",\"linkDestination\":\"none\"} -->\r\n<div class=\"wp-block-image\">\r\n<figure class=\"alignleft size-large is-resized\"><img decoding=\"async\" class=\"wp-image-3470\" src=\"https:\/\/great-artmag.com\/wp-content\/uploads\/2021\/07\/Maxime-Verdier-La-conqu%C3%AAte-des-peines-crayons-de-couleur-sur-papier-40-x-30-cm-2019.png\" alt=\"\" width=\"413\" height=\"561\" \/>\r\n<figcaption>Maxime Verdier, La conqu\u00eate des peines, crayons de couleur sur papier, 40 x 30 cm, 2019<\/figcaption>\r\n<\/figure>\r\n<\/div>\r\n<!-- \/wp:image -->\r\n<p><!-- wp:paragraph --><strong>Quel est votre m\u00e9dium pr\u00e9f\u00e9r\u00e9 ? Le dessin ?<\/strong><\/p>\r\n<!-- \/wp:paragraph -->\r\n<p><!-- wp:paragraph -->Je pense qu\u2019il y a vraiment deux m\u00e9diums que je pr\u00e9f\u00e8re et chacun pour des raisons tr\u00e8s diff\u00e9rentes. Dans un premier temps, le medium sculptural m\u2019int\u00e9resse beaucoup car il m\u2019offre un r\u00e9servoir de possibilit\u00e9s extr\u00eamement diverses. Quand je fais de la sculpture, j\u2019ai vraiment cette impression d\u2019\u00eatre comme un savant-fou dans un laboratoire o\u00f9 je peux jouer avec le monde qui m\u2019entoure en lui offrant de nouvelles potentialit\u00e9s pour exprimer cet \u00ab\u00a0au-del\u00e0\u00a0\u00bb de mon quotidien. Ce que j\u2019aime aussi avec la sculpture, c\u2019est ce rapport tr\u00e8s physique \u00e0 l\u2019\u0153uvre, on tourne autour, on construit quelque chose sous tous les angles, on teste des mati\u00e8res entre-elles, on observe leurs r\u00e9sistances.<br \/>Dans un second temps, le medium du dessin a aussi une place tr\u00e8s importante. Dessiner m\u2019a permis d\u2019\u00e9tudier les multiples possibles qui jalonnent ma vie, en r\u00e9v\u00e9lant le potentiel cach\u00e9 de mes souvenirs et r\u00eaves, tout en donnant forme \u00e0 la nature insondable et \u00e9nigmatique des objets qui m\u2019entourent. Je vois le dessin comme un guide et un explorateur, il trace les cartes de ce que je suis et m\u2019offrent une multitude d\u2019espaces \u00e0 d\u00e9couvrir.<\/p>\r\n<!-- \/wp:paragraph -->\r\n<p><!-- wp:paragraph --><strong>Comment naissent vos projets ? Quel est votre\u00a0processus\u00a0cr\u00e9atif ?<\/strong><\/p>\r\n<!-- \/wp:paragraph -->\r\n<p><!-- wp:paragraph -->La gen\u00e8se de chacun de mes projets d\u00e9bute le plus souvent \u00e0 partir d\u2019une anecdote ou d\u2019un souvenir qui rapporte en lui son lot de sentiments, de contrari\u00e9t\u00e9s, de sensations, de doutes existentiels. Cette mati\u00e8re biographique devient ensuite un support que je viens m\u00e9tamorphoser, en grattant son vernis pour y faire apparaitre des images \u00e9tranges ou refoul\u00e9s \u00e0 travers des croquis ou des textes. Cette mani\u00e8re de pr\u00e9parer un projet, me permet d\u2019avoir une certaine libert\u00e9 pour pouvoir jouer avec les choses, en ins\u00e9rant de nouveaux \u00e9l\u00e9ments ou en en supprimant si besoin pendant l\u2019acte de cr\u00e9ation, il me permet aussi de ne pas avoir l\u2019impression de suivre une s\u00e9rie de t\u00e2ches mais plut\u00f4t de me laisser aller \u00e0 la surprise.<\/p>\r\n<!-- \/wp:paragraph -->\r\n<p>&nbsp;<\/p>\r\n<!-- wp:image {\"align\":\"right\",\"id\":3469,\"width\":433,\"height\":593,\"sizeSlug\":\"large\",\"linkDestination\":\"none\"} -->\r\n<div class=\"wp-block-image\">\r\n<figure class=\"alignright size-large is-resized\"><img decoding=\"async\" class=\"wp-image-3469\" src=\"https:\/\/great-artmag.com\/wp-content\/uploads\/2021\/07\/Maxime-Verdier-La-pri%C3%A8re-du-soir-crayons-de-couleur-sur-papier-40-x-30-cm-2019.png\" alt=\"\" width=\"433\" height=\"593\" \/>\r\n<figcaption>Maxime Verdier, La pri\u00e8re du soir, crayons de couleur sur papier, 40 x 30 cm, 2019<\/figcaption>\r\n<\/figure>\r\n<\/div>\r\n<!-- \/wp:image -->\r\n<p><!-- wp:paragraph --><strong>Le quotidien semble nourrir votre travail&#8230;<\/strong><\/p>\r\n<!-- \/wp:paragraph -->\r\n<p><!-- wp:paragraph -->Les choses qui m\u2019inspirent le plus dans mon travail sont des petits moments de tous les jours, des souvenirs, des instants. Avec ces \u00e9l\u00e9ments, j\u2019invente des histoires, j\u2019injecte de la fiction car c\u2019est une mani\u00e8re pour moi de faire \u00e9merger du magique dans le banal, d\u2019offrir \u00e0 ces petites histoires des potentialit\u00e9s nouvelles, quelque chose qui va plus loin que ce qu\u2019elles peuvent sembler offrir au premier regard. Je me sens tr\u00e8s proche de cette phrase de William Blake\u00a0qui dit : \u00ab\u00a0<em>Je voudrais voir le monde dans un grain de sable, Et le paradis dans une fleur sauvage. Tenir l&#8217;infini dans la paume de ma main Et voir l&#8217;\u00e9ternit\u00e9 durer une heure.<\/em>\u00a0\u00bb parce qu\u2019il exprime tr\u00e8s bien ce que je recherche dans mes images, ce qui peut \u00e9merger ou fleurir en arri\u00e8re-plan de quelque chose, gr\u00e2ce \u00e0 la pens\u00e9e et \u00e0 l\u2019imaginaire. \u00ab\u00a0<em>L\u2019art c\u2019est ce qui rend la vie plus int\u00e9ressante que l\u2019art<\/em>\u00a0\u00bb a dit Robert Filliou, et j\u2019aime beaucoup cette mani\u00e8re de concevoir les choses, c\u2019est-\u00e0-dire de ne pas voir l\u2019art comme une finalit\u00e9 mais plut\u00f4t comme un moyen de transformer \u00e0 travers lui notre rapport au monde, notre mani\u00e8re d\u2019interagir et de le concevoir<\/p>\r\n<!-- \/wp:paragraph -->\r\n<p><!-- wp:paragraph --><strong>Dans quelle mesure la Drawing Factory vous a-t-elle aid\u00e9 dans vos travaux ?<\/strong><\/p>\r\n<!-- \/wp:paragraph -->\r\n<p><!-- wp:paragraph -->Je travaille ici des dessins grand format \u00e0 la Drawing Factory sur le th\u00e8me de la for\u00eat car c\u2019est un lieu tr\u00e8s important pour moi qui m\u2019a toujours sembl\u00e9 empli de fabuleuses merveilles, mais duquel peut aussi jaillir en son sein des myst\u00e8res et des peurs abyssales. La Drawing Factory est ma premi\u00e8re r\u00e9sidence artistique, et j\u2019ai pu y rencontrer des artistes avec des pratiques tr\u00e8s diverses et fascinantes. C\u2019est une vraie chance pour moi d\u2019\u00e9voluer dans un cadre avec autant d\u2019\u00e9mulsion et de cr\u00e9ativit\u00e9, mais aussi de se sentir appuyer et pousser par les \u00e9quipes du Drawing Lab dans nos projets. Je pense que cette r\u00e9sidence m\u2019apporte beaucoup dans ma pratique du dessin, elle me permet de d\u00e9passer les limites que je pouvais avoir dans ce m\u00e9dium, \u00e0 la fois en terme technique, en termes de format mais aussi dans ma mani\u00e8re de penser le dessin et c\u2019est extr\u00eamement gratifiant.<\/p>\r\n<!-- \/wp:paragraph -->\r\n<p><!-- wp:paragraph --><strong>Et pour terminer, auriez-vous une anecdote concernant votre travail dont vous pourriez nous faire part ?<\/strong><\/p>\r\n<!-- \/wp:paragraph -->\r\n<p><!-- wp:paragraph -->Dans ma sculpture \u00ab\u00a0les dindes de l\u2019\u00e2mer\u00a0\u00bb, celle-ci \u00e9tait compos\u00e9e d\u2019une fontaine remplie de bi\u00e8re, sauf que je ne pensais pas que \u00e7a mousserait autant quand la bi\u00e8re s\u2019\u00e9coulerait. Du coup lors de mon dipl\u00f4me, des gros nuages de mousses tombaient litt\u00e9ralement par terre. C\u2019\u00e9tait encore mieux que ce que j\u2019avais pu esp\u00e9rer.<\/p>\r\n<!-- \/wp:paragraph -->\r\n<p>&nbsp;<\/p>\r\n<!-- wp:buttons {\"contentJustification\":\"center\"} -->\r\n<div class=\"wp-block-buttons is-content-justification-center\"><!-- wp:button {\"borderRadius\":2,\"style\":{\"color\":{\"background\":\"#ba0c49\",\"text\":\"#fffffa\"}}} -->\r\n<div class=\"wp-block-button\"><a class=\"wp-block-button__link has-text-color has-background\" style=\"border-radius: 2px; background-color: #ba0c49; color: #fffffa;\" href=\"https:\/\/www.maxime-verdier.com\/\" target=\"_blank\" rel=\"noreferrer noopener\">Acc\u00e9dez au site de l&#8217;artiste<\/a><\/div>\r\n<!-- \/wp:button -->\r\n\r\n<!-- wp:button {\"borderRadius\":2,\"style\":{\"color\":{\"text\":\"#ba0c49\"}},\"className\":\"is-style-outline\"} -->\r\n<div class=\"wp-block-button is-style-outline\"><a class=\"wp-block-button__link has-text-color\" style=\"border-radius: 2px; color: #ba0c49;\" href=\"https:\/\/www.iesa.fr\/\" target=\"_blank\" rel=\"noreferrer noopener\">Interview r\u00e9alis\u00e9 dans le cadre des ateliers d&#8217;\u00e9criture anim\u00e9s par Ana\u00efd Demir<br \/>pour IESA Arts &amp; Culture, Paris<\/a><\/div>\r\n<!-- \/wp:button --><\/div>\r\n<!-- \/wp:buttons -->\r\n<p><!-- wp:paragraph -->\u00a0<\/p>\r\n<!-- \/wp:paragraph -->\r\n<p>&nbsp;<\/p>\r\n<p>[\/vc_column_text]<\/div><\/div><\/div><\/div><\/div>","protected":false},"excerpt":{"rendered":"[vc_column_text css=\"\"] Maxime Verdier dans son atelier \u00e0 Drawing Factory Maxime Verdier fait partie des 30 artistes expos\u00e9s \u00e0 Drawing Factory, 11 avenue Mac Mahon \u00e0 Paris. Un ancien h\u00f4tel situ\u00e9 dans le 17e arrondissement : 5 \u00e9tages, 1500 m\u00b2 d\u2019espace de cr\u00e9ation, 30 ateliers et 6 mois de visibilit\u00e9 pour les artistes jusqu\u2019au 20 [...]","protected":false},"author":1,"featured_media":3467,"comment_status":"open","ping_status":"closed","sticky":false,"template":"","format":"standard","meta":{"inline_featured_image":false,"tdm_status":"","tdm_grid_status":"","footnotes":""},"categories":[1197],"tags":[],"class_list":["post-3466","post","type-post","status-publish","format-standard","has-post-thumbnail","hentry","category-portrait-artiste"],"yoast_head":"<!-- This site is optimized with the Yoast SEO plugin v27.5 - https:\/\/yoast.com\/product\/yoast-seo-wordpress\/ -->\n<title>Drawing Factory : Rencontre avec Maxime Verdier - GREAT-ARTMAG<\/title>\n<meta name=\"robots\" content=\"index, follow, max-snippet:-1, max-image-preview:large, max-video-preview:-1\" \/>\n<link rel=\"canonical\" href=\"https:\/\/great-artmag.com\/en\/drawing-factory-rencontre-avec-maxime-verdier\/\" \/>\n<meta property=\"og:locale\" content=\"en_US\" \/>\n<meta property=\"og:type\" content=\"article\" \/>\n<meta property=\"og:title\" content=\"Drawing Factory : Rencontre avec Maxime Verdier - GREAT-ARTMAG\" \/>\n<meta property=\"og:url\" content=\"https:\/\/great-artmag.com\/en\/drawing-factory-rencontre-avec-maxime-verdier\/\" \/>\n<meta property=\"og:site_name\" content=\"GREAT-ARTMAG\" \/>\n<meta property=\"article:published_time\" content=\"2021-07-05T08:08:56+00:00\" \/>\n<meta property=\"article:modified_time\" content=\"2026-04-24T04:25:34+00:00\" \/>\n<meta property=\"og:image\" content=\"https:\/\/great-artmag.com\/wp-content\/uploads\/2021\/07\/maxime-verdier.jpg\" \/>\n\t<meta property=\"og:image:width\" content=\"1572\" \/>\n\t<meta property=\"og:image:height\" content=\"1157\" \/>\n\t<meta property=\"og:image:type\" content=\"image\/jpeg\" \/>\n<meta name=\"author\" content=\"Alexia Gugg\u00e9mos\" \/>\n<meta name=\"twitter:card\" content=\"summary_large_image\" \/>\n<meta name=\"twitter:label1\" content=\"Written by\" \/>\n\t<meta name=\"twitter:data1\" content=\"Alexia Gugg\u00e9mos\" \/>\n\t<meta name=\"twitter:label2\" content=\"Est. reading time\" \/>\n\t<meta name=\"twitter:data2\" content=\"7 minutes\" \/>\n<script type=\"application\/ld+json\" class=\"yoast-schema-graph\">{\"@context\":\"https:\\\/\\\/schema.org\",\"@graph\":[{\"@type\":\"Article\",\"@id\":\"https:\\\/\\\/great-artmag.com\\\/en\\\/drawing-factory-rencontre-avec-maxime-verdier\\\/#article\",\"isPartOf\":{\"@id\":\"https:\\\/\\\/great-artmag.com\\\/en\\\/drawing-factory-rencontre-avec-maxime-verdier\\\/\"},\"author\":{\"name\":\"Alexia Gugg\u00e9mos\",\"@id\":\"https:\\\/\\\/great-artmag.com\\\/en\\\/#\\\/schema\\\/person\\\/07a768635fe6f6d87951dc8ae985eeda\"},\"headline\":\"Drawing Factory : Rencontre avec Maxime Verdier\",\"datePublished\":\"2021-07-05T08:08:56+00:00\",\"dateModified\":\"2026-04-24T04:25:34+00:00\",\"mainEntityOfPage\":{\"@id\":\"https:\\\/\\\/great-artmag.com\\\/en\\\/drawing-factory-rencontre-avec-maxime-verdier\\\/\"},\"wordCount\":1300,\"commentCount\":0,\"publisher\":{\"@id\":\"https:\\\/\\\/great-artmag.com\\\/en\\\/#organization\"},\"image\":{\"@id\":\"https:\\\/\\\/great-artmag.com\\\/en\\\/drawing-factory-rencontre-avec-maxime-verdier\\\/#primaryimage\"},\"thumbnailUrl\":\"https:\\\/\\\/great-artmag.com\\\/wp-content\\\/uploads\\\/2021\\\/07\\\/maxime-verdier.jpg\",\"articleSection\":[\"PORTRAIT D'ARTISTE\"],\"inLanguage\":\"en-US\",\"potentialAction\":[{\"@type\":\"CommentAction\",\"name\":\"Comment\",\"target\":[\"https:\\\/\\\/great-artmag.com\\\/en\\\/drawing-factory-rencontre-avec-maxime-verdier\\\/#respond\"]}]},{\"@type\":\"WebPage\",\"@id\":\"https:\\\/\\\/great-artmag.com\\\/en\\\/drawing-factory-rencontre-avec-maxime-verdier\\\/\",\"url\":\"https:\\\/\\\/great-artmag.com\\\/en\\\/drawing-factory-rencontre-avec-maxime-verdier\\\/\",\"name\":\"Drawing Factory : Rencontre avec Maxime Verdier - GREAT-ARTMAG\",\"isPartOf\":{\"@id\":\"https:\\\/\\\/great-artmag.com\\\/en\\\/#website\"},\"primaryImageOfPage\":{\"@id\":\"https:\\\/\\\/great-artmag.com\\\/en\\\/drawing-factory-rencontre-avec-maxime-verdier\\\/#primaryimage\"},\"image\":{\"@id\":\"https:\\\/\\\/great-artmag.com\\\/en\\\/drawing-factory-rencontre-avec-maxime-verdier\\\/#primaryimage\"},\"thumbnailUrl\":\"https:\\\/\\\/great-artmag.com\\\/wp-content\\\/uploads\\\/2021\\\/07\\\/maxime-verdier.jpg\",\"datePublished\":\"2021-07-05T08:08:56+00:00\",\"dateModified\":\"2026-04-24T04:25:34+00:00\",\"breadcrumb\":{\"@id\":\"https:\\\/\\\/great-artmag.com\\\/en\\\/drawing-factory-rencontre-avec-maxime-verdier\\\/#breadcrumb\"},\"inLanguage\":\"en-US\",\"potentialAction\":[{\"@type\":\"ReadAction\",\"target\":[\"https:\\\/\\\/great-artmag.com\\\/en\\\/drawing-factory-rencontre-avec-maxime-verdier\\\/\"]}]},{\"@type\":\"ImageObject\",\"inLanguage\":\"en-US\",\"@id\":\"https:\\\/\\\/great-artmag.com\\\/en\\\/drawing-factory-rencontre-avec-maxime-verdier\\\/#primaryimage\",\"url\":\"https:\\\/\\\/great-artmag.com\\\/wp-content\\\/uploads\\\/2021\\\/07\\\/maxime-verdier.jpg\",\"contentUrl\":\"https:\\\/\\\/great-artmag.com\\\/wp-content\\\/uploads\\\/2021\\\/07\\\/maxime-verdier.jpg\",\"width\":1572,\"height\":1157},{\"@type\":\"BreadcrumbList\",\"@id\":\"https:\\\/\\\/great-artmag.com\\\/en\\\/drawing-factory-rencontre-avec-maxime-verdier\\\/#breadcrumb\",\"itemListElement\":[{\"@type\":\"ListItem\",\"position\":1,\"name\":\"Accueil\",\"item\":\"https:\\\/\\\/great-artmag.com\\\/en\\\/\"},{\"@type\":\"ListItem\",\"position\":2,\"name\":\"Drawing Factory : Rencontre avec Maxime Verdier\"}]},{\"@type\":\"WebSite\",\"@id\":\"https:\\\/\\\/great-artmag.com\\\/en\\\/#website\",\"url\":\"https:\\\/\\\/great-artmag.com\\\/en\\\/\",\"name\":\"Great ArtMag\",\"description\":\"Le Magazine des H\u00e9donistes\",\"publisher\":{\"@id\":\"https:\\\/\\\/great-artmag.com\\\/en\\\/#organization\"},\"potentialAction\":[{\"@type\":\"SearchAction\",\"target\":{\"@type\":\"EntryPoint\",\"urlTemplate\":\"https:\\\/\\\/great-artmag.com\\\/en\\\/?s={search_term_string}\"},\"query-input\":{\"@type\":\"PropertyValueSpecification\",\"valueRequired\":true,\"valueName\":\"search_term_string\"}}],\"inLanguage\":\"en-US\"},{\"@type\":\"Organization\",\"@id\":\"https:\\\/\\\/great-artmag.com\\\/en\\\/#organization\",\"name\":\"GREAT ARTMAG\",\"url\":\"https:\\\/\\\/great-artmag.com\\\/en\\\/\",\"logo\":{\"@type\":\"ImageObject\",\"inLanguage\":\"en-US\",\"@id\":\"https:\\\/\\\/great-artmag.com\\\/en\\\/#\\\/schema\\\/logo\\\/image\\\/\",\"url\":\"https:\\\/\\\/great-artmag.com\\\/wp-content\\\/uploads\\\/2024\\\/07\\\/IMG_5403.jpg\",\"contentUrl\":\"https:\\\/\\\/great-artmag.com\\\/wp-content\\\/uploads\\\/2024\\\/07\\\/IMG_5403.jpg\",\"width\":860,\"height\":368,\"caption\":\"GREAT ARTMAG\"},\"image\":{\"@id\":\"https:\\\/\\\/great-artmag.com\\\/en\\\/#\\\/schema\\\/logo\\\/image\\\/\"},\"sameAs\":[\"https:\\\/\\\/www.instagram.com\\\/great_artmag\"]},{\"@type\":\"Person\",\"@id\":\"https:\\\/\\\/great-artmag.com\\\/en\\\/#\\\/schema\\\/person\\\/07a768635fe6f6d87951dc8ae985eeda\",\"name\":\"Alexia Gugg\u00e9mos\",\"url\":\"https:\\\/\\\/great-artmag.com\\\/en\\\/author\\\/admin5782\\\/\"}]}<\/script>\n<!-- \/ Yoast SEO plugin. -->","yoast_head_json":{"title":"Drawing Factory : Rencontre avec Maxime Verdier - GREAT-ARTMAG","robots":{"index":"index","follow":"follow","max-snippet":"max-snippet:-1","max-image-preview":"max-image-preview:large","max-video-preview":"max-video-preview:-1"},"canonical":"https:\/\/great-artmag.com\/en\/drawing-factory-rencontre-avec-maxime-verdier\/","og_locale":"en_US","og_type":"article","og_title":"Drawing Factory : Rencontre avec Maxime Verdier - GREAT-ARTMAG","og_url":"https:\/\/great-artmag.com\/en\/drawing-factory-rencontre-avec-maxime-verdier\/","og_site_name":"GREAT-ARTMAG","article_published_time":"2021-07-05T08:08:56+00:00","article_modified_time":"2026-04-24T04:25:34+00:00","og_image":[{"width":1572,"height":1157,"url":"https:\/\/great-artmag.com\/wp-content\/uploads\/2021\/07\/maxime-verdier.jpg","type":"image\/jpeg"}],"author":"Alexia Gugg\u00e9mos","twitter_card":"summary_large_image","twitter_misc":{"Written by":"Alexia Gugg\u00e9mos","Est. reading time":"7 minutes"},"schema":{"@context":"https:\/\/schema.org","@graph":[{"@type":"Article","@id":"https:\/\/great-artmag.com\/en\/drawing-factory-rencontre-avec-maxime-verdier\/#article","isPartOf":{"@id":"https:\/\/great-artmag.com\/en\/drawing-factory-rencontre-avec-maxime-verdier\/"},"author":{"name":"Alexia Gugg\u00e9mos","@id":"https:\/\/great-artmag.com\/en\/#\/schema\/person\/07a768635fe6f6d87951dc8ae985eeda"},"headline":"Drawing Factory : Rencontre avec Maxime Verdier","datePublished":"2021-07-05T08:08:56+00:00","dateModified":"2026-04-24T04:25:34+00:00","mainEntityOfPage":{"@id":"https:\/\/great-artmag.com\/en\/drawing-factory-rencontre-avec-maxime-verdier\/"},"wordCount":1300,"commentCount":0,"publisher":{"@id":"https:\/\/great-artmag.com\/en\/#organization"},"image":{"@id":"https:\/\/great-artmag.com\/en\/drawing-factory-rencontre-avec-maxime-verdier\/#primaryimage"},"thumbnailUrl":"https:\/\/great-artmag.com\/wp-content\/uploads\/2021\/07\/maxime-verdier.jpg","articleSection":["PORTRAIT D'ARTISTE"],"inLanguage":"en-US","potentialAction":[{"@type":"CommentAction","name":"Comment","target":["https:\/\/great-artmag.com\/en\/drawing-factory-rencontre-avec-maxime-verdier\/#respond"]}]},{"@type":"WebPage","@id":"https:\/\/great-artmag.com\/en\/drawing-factory-rencontre-avec-maxime-verdier\/","url":"https:\/\/great-artmag.com\/en\/drawing-factory-rencontre-avec-maxime-verdier\/","name":"Drawing Factory : Rencontre avec Maxime Verdier - GREAT-ARTMAG","isPartOf":{"@id":"https:\/\/great-artmag.com\/en\/#website"},"primaryImageOfPage":{"@id":"https:\/\/great-artmag.com\/en\/drawing-factory-rencontre-avec-maxime-verdier\/#primaryimage"},"image":{"@id":"https:\/\/great-artmag.com\/en\/drawing-factory-rencontre-avec-maxime-verdier\/#primaryimage"},"thumbnailUrl":"https:\/\/great-artmag.com\/wp-content\/uploads\/2021\/07\/maxime-verdier.jpg","datePublished":"2021-07-05T08:08:56+00:00","dateModified":"2026-04-24T04:25:34+00:00","breadcrumb":{"@id":"https:\/\/great-artmag.com\/en\/drawing-factory-rencontre-avec-maxime-verdier\/#breadcrumb"},"inLanguage":"en-US","potentialAction":[{"@type":"ReadAction","target":["https:\/\/great-artmag.com\/en\/drawing-factory-rencontre-avec-maxime-verdier\/"]}]},{"@type":"ImageObject","inLanguage":"en-US","@id":"https:\/\/great-artmag.com\/en\/drawing-factory-rencontre-avec-maxime-verdier\/#primaryimage","url":"https:\/\/great-artmag.com\/wp-content\/uploads\/2021\/07\/maxime-verdier.jpg","contentUrl":"https:\/\/great-artmag.com\/wp-content\/uploads\/2021\/07\/maxime-verdier.jpg","width":1572,"height":1157},{"@type":"BreadcrumbList","@id":"https:\/\/great-artmag.com\/en\/drawing-factory-rencontre-avec-maxime-verdier\/#breadcrumb","itemListElement":[{"@type":"ListItem","position":1,"name":"Accueil","item":"https:\/\/great-artmag.com\/en\/"},{"@type":"ListItem","position":2,"name":"Drawing Factory : Rencontre avec Maxime Verdier"}]},{"@type":"WebSite","@id":"https:\/\/great-artmag.com\/en\/#website","url":"https:\/\/great-artmag.com\/en\/","name":"Great ArtMag","description":"Le Magazine des H\u00e9donistes","publisher":{"@id":"https:\/\/great-artmag.com\/en\/#organization"},"potentialAction":[{"@type":"SearchAction","target":{"@type":"EntryPoint","urlTemplate":"https:\/\/great-artmag.com\/en\/?s={search_term_string}"},"query-input":{"@type":"PropertyValueSpecification","valueRequired":true,"valueName":"search_term_string"}}],"inLanguage":"en-US"},{"@type":"Organization","@id":"https:\/\/great-artmag.com\/en\/#organization","name":"GREAT ARTMAG","url":"https:\/\/great-artmag.com\/en\/","logo":{"@type":"ImageObject","inLanguage":"en-US","@id":"https:\/\/great-artmag.com\/en\/#\/schema\/logo\/image\/","url":"https:\/\/great-artmag.com\/wp-content\/uploads\/2024\/07\/IMG_5403.jpg","contentUrl":"https:\/\/great-artmag.com\/wp-content\/uploads\/2024\/07\/IMG_5403.jpg","width":860,"height":368,"caption":"GREAT ARTMAG"},"image":{"@id":"https:\/\/great-artmag.com\/en\/#\/schema\/logo\/image\/"},"sameAs":["https:\/\/www.instagram.com\/great_artmag"]},{"@type":"Person","@id":"https:\/\/great-artmag.com\/en\/#\/schema\/person\/07a768635fe6f6d87951dc8ae985eeda","name":"Alexia Gugg\u00e9mos","url":"https:\/\/great-artmag.com\/en\/author\/admin5782\/"}]}},"amp_enabled":true,"_links":{"self":[{"href":"https:\/\/great-artmag.com\/en\/wp-json\/wp\/v2\/posts\/3466","targetHints":{"allow":["GET"]}}],"collection":[{"href":"https:\/\/great-artmag.com\/en\/wp-json\/wp\/v2\/posts"}],"about":[{"href":"https:\/\/great-artmag.com\/en\/wp-json\/wp\/v2\/types\/post"}],"author":[{"embeddable":true,"href":"https:\/\/great-artmag.com\/en\/wp-json\/wp\/v2\/users\/1"}],"replies":[{"embeddable":true,"href":"https:\/\/great-artmag.com\/en\/wp-json\/wp\/v2\/comments?post=3466"}],"version-history":[{"count":0,"href":"https:\/\/great-artmag.com\/en\/wp-json\/wp\/v2\/posts\/3466\/revisions"}],"wp:featuredmedia":[{"embeddable":true,"href":"https:\/\/great-artmag.com\/en\/wp-json\/wp\/v2\/media\/3467"}],"wp:attachment":[{"href":"https:\/\/great-artmag.com\/en\/wp-json\/wp\/v2\/media?parent=3466"}],"wp:term":[{"taxonomy":"category","embeddable":true,"href":"https:\/\/great-artmag.com\/en\/wp-json\/wp\/v2\/categories?post=3466"},{"taxonomy":"post_tag","embeddable":true,"href":"https:\/\/great-artmag.com\/en\/wp-json\/wp\/v2\/tags?post=3466"}],"curies":[{"name":"wp","href":"https:\/\/api.w.org\/{rel}","templated":true}]}}