{"id":357,"date":"2012-01-21T21:39:00","date_gmt":"2012-01-21T20:39:00","guid":{"rendered":"http:\/\/unik-mag.com:7888\/2012\/01\/21\/guillaume-renou-les-bordelais-ont-eu-la-peau-du-croco\/"},"modified":"2012-01-21T21:39:00","modified_gmt":"2012-01-21T20:39:00","slug":"guillaume-renou-les-bordelais-ont-eu-la-peau-du-croco","status":"publish","type":"post","link":"https:\/\/great-artmag.com\/en\/guillaume-renou-les-bordelais-ont-eu-la-peau-du-croco\/","title":{"rendered":"Guillaume Renou : les Bordelais ont eu la peau du croco"},"content":{"rendered":"<p style=\"text-align: justify;\"><img decoding=\"async\" id=\"media-211907\" style=\"float: left; margin: 0.2em 1.4em 0.7em 0;\" title=\"\" src=\"https:\/\/great-artmag.com\/wp-content\/uploads\/2019\/12\/01\/02\/3359975490.jpg\" alt=\"P1030366.jpg\"><strong>Depuis le 2 janvier, les Bordelais sont d\u00e9sormais priv\u00e9s des &#8220;Dents de Jupp\u00e9&#8221;<\/strong> comme ils avaient finis par appeler le crocodile de <a href=\"http:\/\/deliredelart.20minutes-blogs.fr\/archive\/2010\/04\/02\/le-crocodile-de-philippe-renou-a-les-crocs.html\" target=\"_self\" rel=\"noopener noreferrer\">Guillaume Renou<\/a> situ\u00e9 dans les jardins de la mairie depuis deux ans.<\/p>\n<p style=\"text-align: justify;\">L&#8217;artiste bordelais de 34 ans attendait une d\u00e9lib\u00e9ration du conseil municipal de Bordeaux pour faire enlever sa sculpture enlis\u00e9e dans un marigot juridique. En cause : un diff\u00e9rend financier opposant l\u2019artiste \u00e0 la ville sur le co\u00fbt de l\u2019\u0153uvre et sur des d\u00e9g\u00e2ts qui lui auraient \u00e9t\u00e9 inflig\u00e9s. Ayant rejet\u00e9 la transaction de d\u00e9dommagement propos\u00e9e par la municipalit\u00e9, le sculpteur a \u00e9t\u00e9 somm\u00e9 d&#8217;\u00e9vacuer le crocodile sous astreinte de 200 euros par jour de retard.&nbsp;<\/p>\n<p style=\"text-align: center;\"><img decoding=\"async\" id=\"media-211909\" style=\"margin: 0.7em 0;\" title=\"\" src=\"https:\/\/great-artmag.com\/wp-content\/uploads\/2019\/12\/00\/01\/718360793.jpg\" alt=\"guillaume-renou-croco.jpg\"><\/p>\n<p>H\u00e9l\u00e8ne, fid\u00e8le correspondante de Deliredelart \u00e0 Bordeaux, que je remercie au passage, \u00e9tait pr\u00e9sente pour immortaliser l&#8217;instant. Que les fans du croco se rassurent ! La b\u00eate reste dans la r\u00e9gion. Elle a rejoint les jardins du restaurant de La Maison du fleuve, \u00e0 Camblanes et Meynac.<\/p>\n","protected":false},"excerpt":{"rendered":"<p>Depuis le 2 janvier, les Bordelais sont d\u00e9sormais priv\u00e9s des &#8220;Dents de Jupp\u00e9&#8221; comme ils avaient finis par appeler le crocodile de Guillaume Renou situ\u00e9 dans les jardins de la mairie depuis deux ans. L&#8217;artiste bordelais de 34 ans attendait une d\u00e9lib\u00e9ration du conseil municipal de Bordeaux pour faire enlever sa sculpture enlis\u00e9e dans un [&hellip;]<\/p>\n","protected":false},"author":1,"featured_media":553,"comment_status":"closed","ping_status":"closed","sticky":false,"template":"","format":"standard","meta":{"inline_featured_image":false,"footnotes":""},"categories":[1162],"tags":[],"class_list":["post-357","post","type-post","status-publish","format-standard","has-post-thumbnail","hentry","category-arts-culture"],"yoast_head":"<!-- This site is optimized with the Yoast SEO plugin v27.5 - https:\/\/yoast.com\/product\/yoast-seo-wordpress\/ -->\n<title>Guillaume Renou : les Bordelais ont eu la peau du croco - GREAT-ARTMAG<\/title>\n<meta name=\"robots\" content=\"index, follow, max-snippet:-1, max-image-preview:large, max-video-preview:-1\" \/>\n<link rel=\"canonical\" href=\"https:\/\/great-artmag.com\/en\/guillaume-renou-les-bordelais-ont-eu-la-peau-du-croco\/\" \/>\n<meta property=\"og:locale\" content=\"en_US\" \/>\n<meta property=\"og:type\" content=\"article\" \/>\n<meta property=\"og:title\" content=\"Guillaume Renou : les Bordelais ont eu la peau du croco - GREAT-ARTMAG\" \/>\n<meta property=\"og:description\" content=\"Depuis le 2 janvier, les Bordelais sont d\u00e9sormais priv\u00e9s des &#8220;Dents de Jupp\u00e9&#8221; comme ils avaient finis par appeler le crocodile de Guillaume Renou situ\u00e9 dans les jardins de la mairie depuis deux ans. L&#8217;artiste bordelais de 34 ans attendait une d\u00e9lib\u00e9ration du conseil municipal de Bordeaux pour faire enlever sa sculpture enlis\u00e9e dans un [&hellip;]\" \/>\n<meta property=\"og:url\" content=\"https:\/\/great-artmag.com\/en\/guillaume-renou-les-bordelais-ont-eu-la-peau-du-croco\/\" \/>\n<meta property=\"og:site_name\" content=\"GREAT-ARTMAG\" \/>\n<meta property=\"article:published_time\" content=\"2012-01-21T20:39:00+00:00\" \/>\n<meta property=\"og:image\" content=\"https:\/\/great-artmag.com\/wp-content\/uploads\/2012\/01\/718360793.jpg\" \/>\n\t<meta property=\"og:image:width\" content=\"500\" \/>\n\t<meta property=\"og:image:height\" content=\"375\" \/>\n\t<meta property=\"og:image:type\" content=\"image\/jpeg\" \/>\n<meta name=\"author\" content=\"Alexia Gugg\u00e9mos\" \/>\n<meta name=\"twitter:card\" content=\"summary_large_image\" \/>\n<meta name=\"twitter:label1\" content=\"Written by\" \/>\n\t<meta name=\"twitter:data1\" content=\"Alexia Gugg\u00e9mos\" \/>\n\t<meta name=\"twitter:label2\" content=\"Est. reading time\" \/>\n\t<meta name=\"twitter:data2\" content=\"1 minute\" \/>\n<script type=\"application\/ld+json\" class=\"yoast-schema-graph\">{\"@context\":\"https:\\\/\\\/schema.org\",\"@graph\":[{\"@type\":\"Article\",\"@id\":\"https:\\\/\\\/great-artmag.com\\\/en\\\/guillaume-renou-les-bordelais-ont-eu-la-peau-du-croco\\\/#article\",\"isPartOf\":{\"@id\":\"https:\\\/\\\/great-artmag.com\\\/en\\\/guillaume-renou-les-bordelais-ont-eu-la-peau-du-croco\\\/\"},\"author\":{\"name\":\"Alexia Gugg\u00e9mos\",\"@id\":\"https:\\\/\\\/great-artmag.com\\\/en\\\/#\\\/schema\\\/person\\\/07a768635fe6f6d87951dc8ae985eeda\"},\"headline\":\"Guillaume Renou : les Bordelais ont eu la peau du croco\",\"datePublished\":\"2012-01-21T20:39:00+00:00\",\"mainEntityOfPage\":{\"@id\":\"https:\\\/\\\/great-artmag.com\\\/en\\\/guillaume-renou-les-bordelais-ont-eu-la-peau-du-croco\\\/\"},\"wordCount\":182,\"publisher\":{\"@id\":\"https:\\\/\\\/great-artmag.com\\\/en\\\/#organization\"},\"image\":{\"@id\":\"https:\\\/\\\/great-artmag.com\\\/en\\\/guillaume-renou-les-bordelais-ont-eu-la-peau-du-croco\\\/#primaryimage\"},\"thumbnailUrl\":\"https:\\\/\\\/great-artmag.com\\\/wp-content\\\/uploads\\\/2012\\\/01\\\/718360793.jpg\",\"articleSection\":[\"EXP\u00c9RIENCES\"],\"inLanguage\":\"en-US\"},{\"@type\":\"WebPage\",\"@id\":\"https:\\\/\\\/great-artmag.com\\\/en\\\/guillaume-renou-les-bordelais-ont-eu-la-peau-du-croco\\\/\",\"url\":\"https:\\\/\\\/great-artmag.com\\\/en\\\/guillaume-renou-les-bordelais-ont-eu-la-peau-du-croco\\\/\",\"name\":\"Guillaume Renou : les Bordelais ont eu la peau du croco - GREAT-ARTMAG\",\"isPartOf\":{\"@id\":\"https:\\\/\\\/great-artmag.com\\\/en\\\/#website\"},\"primaryImageOfPage\":{\"@id\":\"https:\\\/\\\/great-artmag.com\\\/en\\\/guillaume-renou-les-bordelais-ont-eu-la-peau-du-croco\\\/#primaryimage\"},\"image\":{\"@id\":\"https:\\\/\\\/great-artmag.com\\\/en\\\/guillaume-renou-les-bordelais-ont-eu-la-peau-du-croco\\\/#primaryimage\"},\"thumbnailUrl\":\"https:\\\/\\\/great-artmag.com\\\/wp-content\\\/uploads\\\/2012\\\/01\\\/718360793.jpg\",\"datePublished\":\"2012-01-21T20:39:00+00:00\",\"breadcrumb\":{\"@id\":\"https:\\\/\\\/great-artmag.com\\\/en\\\/guillaume-renou-les-bordelais-ont-eu-la-peau-du-croco\\\/#breadcrumb\"},\"inLanguage\":\"en-US\",\"potentialAction\":[{\"@type\":\"ReadAction\",\"target\":[\"https:\\\/\\\/great-artmag.com\\\/en\\\/guillaume-renou-les-bordelais-ont-eu-la-peau-du-croco\\\/\"]}]},{\"@type\":\"ImageObject\",\"inLanguage\":\"en-US\",\"@id\":\"https:\\\/\\\/great-artmag.com\\\/en\\\/guillaume-renou-les-bordelais-ont-eu-la-peau-du-croco\\\/#primaryimage\",\"url\":\"https:\\\/\\\/great-artmag.com\\\/wp-content\\\/uploads\\\/2012\\\/01\\\/718360793.jpg\",\"contentUrl\":\"https:\\\/\\\/great-artmag.com\\\/wp-content\\\/uploads\\\/2012\\\/01\\\/718360793.jpg\",\"width\":500,\"height\":375},{\"@type\":\"BreadcrumbList\",\"@id\":\"https:\\\/\\\/great-artmag.com\\\/en\\\/guillaume-renou-les-bordelais-ont-eu-la-peau-du-croco\\\/#breadcrumb\",\"itemListElement\":[{\"@type\":\"ListItem\",\"position\":1,\"name\":\"Accueil\",\"item\":\"https:\\\/\\\/great-artmag.com\\\/en\\\/\"},{\"@type\":\"ListItem\",\"position\":2,\"name\":\"Guillaume Renou : les Bordelais ont eu la peau du croco\"}]},{\"@type\":\"WebSite\",\"@id\":\"https:\\\/\\\/great-artmag.com\\\/en\\\/#website\",\"url\":\"https:\\\/\\\/great-artmag.com\\\/en\\\/\",\"name\":\"Great ArtMag\",\"description\":\"Le Magazine des H\u00e9donistes\",\"publisher\":{\"@id\":\"https:\\\/\\\/great-artmag.com\\\/en\\\/#organization\"},\"potentialAction\":[{\"@type\":\"SearchAction\",\"target\":{\"@type\":\"EntryPoint\",\"urlTemplate\":\"https:\\\/\\\/great-artmag.com\\\/en\\\/?s={search_term_string}\"},\"query-input\":{\"@type\":\"PropertyValueSpecification\",\"valueRequired\":true,\"valueName\":\"search_term_string\"}}],\"inLanguage\":\"en-US\"},{\"@type\":\"Organization\",\"@id\":\"https:\\\/\\\/great-artmag.com\\\/en\\\/#organization\",\"name\":\"GREAT ARTMAG\",\"url\":\"https:\\\/\\\/great-artmag.com\\\/en\\\/\",\"logo\":{\"@type\":\"ImageObject\",\"inLanguage\":\"en-US\",\"@id\":\"https:\\\/\\\/great-artmag.com\\\/en\\\/#\\\/schema\\\/logo\\\/image\\\/\",\"url\":\"https:\\\/\\\/great-artmag.com\\\/wp-content\\\/uploads\\\/2024\\\/07\\\/IMG_5403.jpg\",\"contentUrl\":\"https:\\\/\\\/great-artmag.com\\\/wp-content\\\/uploads\\\/2024\\\/07\\\/IMG_5403.jpg\",\"width\":860,\"height\":368,\"caption\":\"GREAT ARTMAG\"},\"image\":{\"@id\":\"https:\\\/\\\/great-artmag.com\\\/en\\\/#\\\/schema\\\/logo\\\/image\\\/\"},\"sameAs\":[\"https:\\\/\\\/www.instagram.com\\\/great_artmag\"]},{\"@type\":\"Person\",\"@id\":\"https:\\\/\\\/great-artmag.com\\\/en\\\/#\\\/schema\\\/person\\\/07a768635fe6f6d87951dc8ae985eeda\",\"name\":\"Alexia Gugg\u00e9mos\",\"url\":\"https:\\\/\\\/great-artmag.com\\\/en\\\/author\\\/admin5782\\\/\"}]}<\/script>\n<!-- \/ Yoast SEO plugin. -->","yoast_head_json":{"title":"Guillaume Renou : les Bordelais ont eu la peau du croco - GREAT-ARTMAG","robots":{"index":"index","follow":"follow","max-snippet":"max-snippet:-1","max-image-preview":"max-image-preview:large","max-video-preview":"max-video-preview:-1"},"canonical":"https:\/\/great-artmag.com\/en\/guillaume-renou-les-bordelais-ont-eu-la-peau-du-croco\/","og_locale":"en_US","og_type":"article","og_title":"Guillaume Renou : les Bordelais ont eu la peau du croco - GREAT-ARTMAG","og_description":"Depuis le 2 janvier, les Bordelais sont d\u00e9sormais priv\u00e9s des &#8220;Dents de Jupp\u00e9&#8221; comme ils avaient finis par appeler le crocodile de Guillaume Renou situ\u00e9 dans les jardins de la mairie depuis deux ans. L&#8217;artiste bordelais de 34 ans attendait une d\u00e9lib\u00e9ration du conseil municipal de Bordeaux pour faire enlever sa sculpture enlis\u00e9e dans un [&hellip;]","og_url":"https:\/\/great-artmag.com\/en\/guillaume-renou-les-bordelais-ont-eu-la-peau-du-croco\/","og_site_name":"GREAT-ARTMAG","article_published_time":"2012-01-21T20:39:00+00:00","og_image":[{"width":500,"height":375,"url":"https:\/\/great-artmag.com\/wp-content\/uploads\/2012\/01\/718360793.jpg","type":"image\/jpeg"}],"author":"Alexia Gugg\u00e9mos","twitter_card":"summary_large_image","twitter_misc":{"Written by":"Alexia Gugg\u00e9mos","Est. reading time":"1 minute"},"schema":{"@context":"https:\/\/schema.org","@graph":[{"@type":"Article","@id":"https:\/\/great-artmag.com\/en\/guillaume-renou-les-bordelais-ont-eu-la-peau-du-croco\/#article","isPartOf":{"@id":"https:\/\/great-artmag.com\/en\/guillaume-renou-les-bordelais-ont-eu-la-peau-du-croco\/"},"author":{"name":"Alexia Gugg\u00e9mos","@id":"https:\/\/great-artmag.com\/en\/#\/schema\/person\/07a768635fe6f6d87951dc8ae985eeda"},"headline":"Guillaume Renou : les Bordelais ont eu la peau du croco","datePublished":"2012-01-21T20:39:00+00:00","mainEntityOfPage":{"@id":"https:\/\/great-artmag.com\/en\/guillaume-renou-les-bordelais-ont-eu-la-peau-du-croco\/"},"wordCount":182,"publisher":{"@id":"https:\/\/great-artmag.com\/en\/#organization"},"image":{"@id":"https:\/\/great-artmag.com\/en\/guillaume-renou-les-bordelais-ont-eu-la-peau-du-croco\/#primaryimage"},"thumbnailUrl":"https:\/\/great-artmag.com\/wp-content\/uploads\/2012\/01\/718360793.jpg","articleSection":["EXP\u00c9RIENCES"],"inLanguage":"en-US"},{"@type":"WebPage","@id":"https:\/\/great-artmag.com\/en\/guillaume-renou-les-bordelais-ont-eu-la-peau-du-croco\/","url":"https:\/\/great-artmag.com\/en\/guillaume-renou-les-bordelais-ont-eu-la-peau-du-croco\/","name":"Guillaume Renou : les Bordelais ont eu la peau du croco - GREAT-ARTMAG","isPartOf":{"@id":"https:\/\/great-artmag.com\/en\/#website"},"primaryImageOfPage":{"@id":"https:\/\/great-artmag.com\/en\/guillaume-renou-les-bordelais-ont-eu-la-peau-du-croco\/#primaryimage"},"image":{"@id":"https:\/\/great-artmag.com\/en\/guillaume-renou-les-bordelais-ont-eu-la-peau-du-croco\/#primaryimage"},"thumbnailUrl":"https:\/\/great-artmag.com\/wp-content\/uploads\/2012\/01\/718360793.jpg","datePublished":"2012-01-21T20:39:00+00:00","breadcrumb":{"@id":"https:\/\/great-artmag.com\/en\/guillaume-renou-les-bordelais-ont-eu-la-peau-du-croco\/#breadcrumb"},"inLanguage":"en-US","potentialAction":[{"@type":"ReadAction","target":["https:\/\/great-artmag.com\/en\/guillaume-renou-les-bordelais-ont-eu-la-peau-du-croco\/"]}]},{"@type":"ImageObject","inLanguage":"en-US","@id":"https:\/\/great-artmag.com\/en\/guillaume-renou-les-bordelais-ont-eu-la-peau-du-croco\/#primaryimage","url":"https:\/\/great-artmag.com\/wp-content\/uploads\/2012\/01\/718360793.jpg","contentUrl":"https:\/\/great-artmag.com\/wp-content\/uploads\/2012\/01\/718360793.jpg","width":500,"height":375},{"@type":"BreadcrumbList","@id":"https:\/\/great-artmag.com\/en\/guillaume-renou-les-bordelais-ont-eu-la-peau-du-croco\/#breadcrumb","itemListElement":[{"@type":"ListItem","position":1,"name":"Accueil","item":"https:\/\/great-artmag.com\/en\/"},{"@type":"ListItem","position":2,"name":"Guillaume Renou : les Bordelais ont eu la peau du croco"}]},{"@type":"WebSite","@id":"https:\/\/great-artmag.com\/en\/#website","url":"https:\/\/great-artmag.com\/en\/","name":"Great ArtMag","description":"Le Magazine des H\u00e9donistes","publisher":{"@id":"https:\/\/great-artmag.com\/en\/#organization"},"potentialAction":[{"@type":"SearchAction","target":{"@type":"EntryPoint","urlTemplate":"https:\/\/great-artmag.com\/en\/?s={search_term_string}"},"query-input":{"@type":"PropertyValueSpecification","valueRequired":true,"valueName":"search_term_string"}}],"inLanguage":"en-US"},{"@type":"Organization","@id":"https:\/\/great-artmag.com\/en\/#organization","name":"GREAT ARTMAG","url":"https:\/\/great-artmag.com\/en\/","logo":{"@type":"ImageObject","inLanguage":"en-US","@id":"https:\/\/great-artmag.com\/en\/#\/schema\/logo\/image\/","url":"https:\/\/great-artmag.com\/wp-content\/uploads\/2024\/07\/IMG_5403.jpg","contentUrl":"https:\/\/great-artmag.com\/wp-content\/uploads\/2024\/07\/IMG_5403.jpg","width":860,"height":368,"caption":"GREAT ARTMAG"},"image":{"@id":"https:\/\/great-artmag.com\/en\/#\/schema\/logo\/image\/"},"sameAs":["https:\/\/www.instagram.com\/great_artmag"]},{"@type":"Person","@id":"https:\/\/great-artmag.com\/en\/#\/schema\/person\/07a768635fe6f6d87951dc8ae985eeda","name":"Alexia Gugg\u00e9mos","url":"https:\/\/great-artmag.com\/en\/author\/admin5782\/"}]}},"amp_enabled":true,"_links":{"self":[{"href":"https:\/\/great-artmag.com\/en\/wp-json\/wp\/v2\/posts\/357","targetHints":{"allow":["GET"]}}],"collection":[{"href":"https:\/\/great-artmag.com\/en\/wp-json\/wp\/v2\/posts"}],"about":[{"href":"https:\/\/great-artmag.com\/en\/wp-json\/wp\/v2\/types\/post"}],"author":[{"embeddable":true,"href":"https:\/\/great-artmag.com\/en\/wp-json\/wp\/v2\/users\/1"}],"replies":[{"embeddable":true,"href":"https:\/\/great-artmag.com\/en\/wp-json\/wp\/v2\/comments?post=357"}],"version-history":[{"count":0,"href":"https:\/\/great-artmag.com\/en\/wp-json\/wp\/v2\/posts\/357\/revisions"}],"wp:featuredmedia":[{"embeddable":true,"href":"https:\/\/great-artmag.com\/en\/wp-json\/wp\/v2\/media\/553"}],"wp:attachment":[{"href":"https:\/\/great-artmag.com\/en\/wp-json\/wp\/v2\/media?parent=357"}],"wp:term":[{"taxonomy":"category","embeddable":true,"href":"https:\/\/great-artmag.com\/en\/wp-json\/wp\/v2\/categories?post=357"},{"taxonomy":"post_tag","embeddable":true,"href":"https:\/\/great-artmag.com\/en\/wp-json\/wp\/v2\/tags?post=357"}],"curies":[{"name":"wp","href":"https:\/\/api.w.org\/{rel}","templated":true}]}}