{"id":4339,"date":"2024-07-29T15:03:31","date_gmt":"2024-07-29T13:03:31","guid":{"rendered":"https:\/\/www.alexia-guggemos.com\/?p=4339"},"modified":"2026-03-22T19:10:30","modified_gmt":"2026-03-22T18:10:30","slug":"olympiade-culturelle-paris-2024-artistes-francais","status":"publish","type":"post","link":"https:\/\/great-artmag.com\/en\/olympiade-culturelle-paris-2024-artistes-francais\/","title":{"rendered":"Mathieu Lehanneur, Laurent Perbos,  Bernar Venet&#8230; ces autres h\u00e9rauts des JO Paris 2024"},"content":{"rendered":"<div class=\"wpb-content-wrapper\"><div id=\"tdi_1\" class=\"tdc-row\"><div class=\"vc_row tdi_2  wpb_row td-pb-row\" >\n<style scoped>\n\/* custom css - generated by TagDiv Composer *\/\n\n\/* custom css - generated by TagDiv Composer *\/\n.tdi_2,\r\n                .tdi_2 .tdc-columns{\r\n                    min-height: 0;\r\n                }.tdi_2,\r\n\t\t\t\t.tdi_2 .tdc-columns{\r\n\t\t\t\t    display: block;\r\n\t\t\t\t}.tdi_2 .tdc-columns{\r\n\t\t\t\t    width: 100%;\r\n\t\t\t\t}.tdi_2:before,\r\n\t\t\t\t.tdi_2:after{\r\n\t\t\t\t    display: table;\r\n\t\t\t\t}\n<\/style><div class=\"vc_column tdi_4  wpb_column vc_column_container tdc-column td-pb-span12\">\n<style scoped>\n\/* custom css - generated by TagDiv Composer *\/\n\n\/* custom css - generated by TagDiv Composer *\/\n.tdi_4{\r\n                    vertical-align: baseline;\r\n                }.tdi_4 > .wpb_wrapper,\r\n\t\t\t\t.tdi_4 > .wpb_wrapper > .tdc-elements{\r\n\t\t\t\t    display: block;\r\n\t\t\t\t}.tdi_4 > .wpb_wrapper > .tdc-elements{\r\n\t\t\t\t    width: 100%;\r\n\t\t\t\t}.tdi_4 > .wpb_wrapper > .vc_row_inner{\r\n\t\t\t\t    width: auto;\r\n\t\t\t\t}.tdi_4 > .wpb_wrapper{\r\n\t\t\t\t    width: auto;\r\n\t\t\t\t    height: auto;\r\n\t\t\t\t}\n<\/style><div class=\"wpb_wrapper\" >[vc_column_text css=&#8221;&#8221;]\u00c9lu designer de l\u2019ann\u00e9e 2024 par le salon Maison &amp; Objet, le talentueux <strong>Mathieu Lehanneur<\/strong> a \u00e9t\u00e9 choisi par le Comit\u00e9 d\u2019organisation des Jeux Olympiques et Paralympiques Paris 2024 pour concevoir la torche produite a\u0300 2000 exemplaires et la vasque olympique visible au c\u0153ur des jardins des Tuileries jusque fin septembre. <a href=\"https:\/\/lavasque.paris2024.org\/\">R\u00e9servation obligatoire.<\/a>[\/vc_column_text]<\/div><\/div><\/div><\/div><div id=\"tdi_5\" class=\"tdc-row\"><div class=\"vc_row tdi_6  wpb_row td-pb-row\" >\n<style scoped>\n\/* custom css - generated by TagDiv Composer *\/\n\n\/* custom css - generated by TagDiv Composer *\/\n.tdi_6,\r\n                .tdi_6 .tdc-columns{\r\n                    min-height: 0;\r\n                }.tdi_6,\r\n\t\t\t\t.tdi_6 .tdc-columns{\r\n\t\t\t\t    display: block;\r\n\t\t\t\t}.tdi_6 .tdc-columns{\r\n\t\t\t\t    width: 100%;\r\n\t\t\t\t}.tdi_6:before,\r\n\t\t\t\t.tdi_6:after{\r\n\t\t\t\t    display: table;\r\n\t\t\t\t}\n<\/style><div class=\"vc_column tdi_8  wpb_column vc_column_container tdc-column td-pb-span12\">\n<style scoped>\n\/* custom css - generated by TagDiv Composer *\/\n\n\/* custom css - generated by TagDiv Composer *\/\n.tdi_8{\r\n                    vertical-align: baseline;\r\n                }.tdi_8 > .wpb_wrapper,\r\n\t\t\t\t.tdi_8 > .wpb_wrapper > .tdc-elements{\r\n\t\t\t\t    display: block;\r\n\t\t\t\t}.tdi_8 > .wpb_wrapper > .tdc-elements{\r\n\t\t\t\t    width: 100%;\r\n\t\t\t\t}.tdi_8 > .wpb_wrapper > .vc_row_inner{\r\n\t\t\t\t    width: auto;\r\n\t\t\t\t}.tdi_8 > .wpb_wrapper{\r\n\t\t\t\t    width: auto;\r\n\t\t\t\t    height: auto;\r\n\t\t\t\t}\n<\/style><div class=\"wpb_wrapper\" >[vc_column_text css=&#8221;&#8221;]Tiss\u00e9e pendant trois ans par les Manufactures des Gobelins et de Beauvais, la tapisserie de l&#8217;artiste franco-iranienne<strong> Marjane Satrapi<\/strong> mesure 9 m\u00e8tres par 3. Elle a \u00e9t\u00e9 install\u00e9e sur la fa\u00e7ade de l&#8217;H\u00f4tel de la Marine, place de la Concorde. Une r\u00e9alisation hors normes qui a n\u00e9cessit\u00e9 l&#8217;utilisation de 60kg de laine, teinte d&#8217;un magnifique Bleu France.<\/p>\n<figure id=\"attachment_4343\" aria-describedby=\"caption-attachment-4343\" style=\"width: 2560px\" class=\"wp-caption alignnone\"><img decoding=\"async\" class=\"size-full wp-image-4343\" src=\"https:\/\/great-artmag.com\/wp-content\/uploads\/2024\/07\/Marjane-Satrapi_Hotel-de-la-Marine-\u00a9-Thibaut-Chapotot-scaled.jpg\" alt=\"\" width=\"2560\" height=\"1707\" srcset=\"https:\/\/great-artmag.com\/wp-content\/uploads\/2024\/07\/Marjane-Satrapi_Hotel-de-la-Marine-\u00a9-Thibaut-Chapotot-scaled.jpg 2560w, https:\/\/great-artmag.com\/wp-content\/uploads\/2024\/07\/Marjane-Satrapi_Hotel-de-la-Marine-\u00a9-Thibaut-Chapotot-300x200.jpg 300w, https:\/\/great-artmag.com\/wp-content\/uploads\/2024\/07\/Marjane-Satrapi_Hotel-de-la-Marine-\u00a9-Thibaut-Chapotot-1024x683.jpg 1024w, https:\/\/great-artmag.com\/wp-content\/uploads\/2024\/07\/Marjane-Satrapi_Hotel-de-la-Marine-\u00a9-Thibaut-Chapotot-768x512.jpg 768w, https:\/\/great-artmag.com\/wp-content\/uploads\/2024\/07\/Marjane-Satrapi_Hotel-de-la-Marine-\u00a9-Thibaut-Chapotot-1536x1024.jpg 1536w, https:\/\/great-artmag.com\/wp-content\/uploads\/2024\/07\/Marjane-Satrapi_Hotel-de-la-Marine-\u00a9-Thibaut-Chapotot-2048x1365.jpg 2048w, https:\/\/great-artmag.com\/wp-content\/uploads\/2024\/07\/Marjane-Satrapi_Hotel-de-la-Marine-\u00a9-Thibaut-Chapotot-696x464.jpg 696w, https:\/\/great-artmag.com\/wp-content\/uploads\/2024\/07\/Marjane-Satrapi_Hotel-de-la-Marine-\u00a9-Thibaut-Chapotot-1068x712.jpg 1068w, https:\/\/great-artmag.com\/wp-content\/uploads\/2024\/07\/Marjane-Satrapi_Hotel-de-la-Marine-\u00a9-Thibaut-Chapotot-630x420.jpg 630w\" sizes=\"(max-width: 2560px) 100vw, 2560px\" \/><figcaption id=\"caption-attachment-4343\" class=\"wp-caption-text\">T.CHAPOTOT<\/figcaption><\/figure>\n<p>[\/vc_column_text]<\/div><\/div><\/div><\/div><div id=\"tdi_9\" class=\"tdc-row\"><div class=\"vc_row tdi_10  wpb_row td-pb-row\" >\n<style scoped>\n\/* custom css - generated by TagDiv Composer *\/\n\n\/* custom css - generated by TagDiv Composer *\/\n.tdi_10,\r\n                .tdi_10 .tdc-columns{\r\n                    min-height: 0;\r\n                }.tdi_10,\r\n\t\t\t\t.tdi_10 .tdc-columns{\r\n\t\t\t\t    display: block;\r\n\t\t\t\t}.tdi_10 .tdc-columns{\r\n\t\t\t\t    width: 100%;\r\n\t\t\t\t}.tdi_10:before,\r\n\t\t\t\t.tdi_10:after{\r\n\t\t\t\t    display: table;\r\n\t\t\t\t}\n<\/style><div class=\"vc_column tdi_12  wpb_column vc_column_container tdc-column td-pb-span12\">\n<style scoped>\n\/* custom css - generated by TagDiv Composer *\/\n\n\/* custom css - generated by TagDiv Composer *\/\n.tdi_12{\r\n                    vertical-align: baseline;\r\n                }.tdi_12 > .wpb_wrapper,\r\n\t\t\t\t.tdi_12 > .wpb_wrapper > .tdc-elements{\r\n\t\t\t\t    display: block;\r\n\t\t\t\t}.tdi_12 > .wpb_wrapper > .tdc-elements{\r\n\t\t\t\t    width: 100%;\r\n\t\t\t\t}.tdi_12 > .wpb_wrapper > .vc_row_inner{\r\n\t\t\t\t    width: auto;\r\n\t\t\t\t}.tdi_12 > .wpb_wrapper{\r\n\t\t\t\t    width: auto;\r\n\t\t\t\t    height: auto;\r\n\t\t\t\t}\n<\/style><div class=\"wpb_wrapper\" >[vc_column_text css=&#8221;&#8221;]Les 6 V\u00e9nus de Milo m\u00e9tamorphos\u00e9es par le plasticien <strong>Laurent Perbos<\/strong> dominent l&#8217;Assembl\u00e9e nationale. \u0152uvre universellement connue, la V\u00e9nus qui est conserv\u00e9e au Louvre retrouve ici ses bras et se voit dot\u00e9e des attributs de six disciplines sportives : le tennis, le surf, le tir \u00e0 l\u2019arc, le basketball, la boxe et le lancer du javelot. H\u00e9ro\u00efque ! <em>Photo: Alex Penfornis<\/em><\/p>\n<p><img decoding=\"async\" class=\"alignnone size-full wp-image-4345\" src=\"https:\/\/great-artmag.com\/wp-content\/uploads\/2024\/07\/Laurent-Perbos-\u00a9Alex-Penfornis-.jpg\" alt=\"\" width=\"7898\" height=\"4936\" \/>[\/vc_column_text]<\/div><\/div><\/div><\/div><div id=\"tdi_13\" class=\"tdc-row\"><div class=\"vc_row tdi_14  wpb_row td-pb-row\" >\n<style scoped>\n\/* custom css - generated by TagDiv Composer *\/\n\n\/* custom css - generated by TagDiv Composer *\/\n.tdi_14,\r\n                .tdi_14 .tdc-columns{\r\n                    min-height: 0;\r\n                }.tdi_14,\r\n\t\t\t\t.tdi_14 .tdc-columns{\r\n\t\t\t\t    display: block;\r\n\t\t\t\t}.tdi_14 .tdc-columns{\r\n\t\t\t\t    width: 100%;\r\n\t\t\t\t}.tdi_14:before,\r\n\t\t\t\t.tdi_14:after{\r\n\t\t\t\t    display: table;\r\n\t\t\t\t}\n<\/style><div class=\"vc_column tdi_16  wpb_column vc_column_container tdc-column td-pb-span12\">\n<style scoped>\n\/* custom css - generated by TagDiv Composer *\/\n\n\/* custom css - generated by TagDiv Composer *\/\n.tdi_16{\r\n                    vertical-align: baseline;\r\n                }.tdi_16 > .wpb_wrapper,\r\n\t\t\t\t.tdi_16 > .wpb_wrapper > .tdc-elements{\r\n\t\t\t\t    display: block;\r\n\t\t\t\t}.tdi_16 > .wpb_wrapper > .tdc-elements{\r\n\t\t\t\t    width: 100%;\r\n\t\t\t\t}.tdi_16 > .wpb_wrapper > .vc_row_inner{\r\n\t\t\t\t    width: auto;\r\n\t\t\t\t}.tdi_16 > .wpb_wrapper{\r\n\t\t\t\t    width: auto;\r\n\t\t\t\t    height: auto;\r\n\t\t\t\t}\n<\/style><div class=\"wpb_wrapper\" >[vc_column_text css=&#8221;&#8221;]<em>&#8220;<\/em>La Bouteille<em>&#8220;<\/em>, r\u00e9alisation de l&#8217;artiste <strong>Abraham Poincheval<\/strong>, r\u00e9put\u00e9 pour ses performances spectaculaires, s\u2019\u00e9tend sur 580 centim\u00e8tres de long et 190 centim\u00e8tres de diam\u00e8tre. Pour la premi\u00e8re fois, tel un vaisseau, l&#8217;\u0153uvre habit\u00e9e par l\u2019artiste est mise \u00e0 flot sur le Canal Saint-Denis pendant toute la dur\u00e9e des Jeux Olympiques et Paralympiques de Paris 2024.<\/p>\n<p><img decoding=\"async\" class=\"size-full wp-image-4346\" src=\"https:\/\/great-artmag.com\/wp-content\/uploads\/2024\/07\/Abraham-Poincheval.jpg\" alt=\"\" width=\"1754\" height=\"1174\" srcset=\"https:\/\/great-artmag.com\/wp-content\/uploads\/2024\/07\/Abraham-Poincheval.jpg 1754w, https:\/\/great-artmag.com\/wp-content\/uploads\/2024\/07\/Abraham-Poincheval-300x201.jpg 300w, https:\/\/great-artmag.com\/wp-content\/uploads\/2024\/07\/Abraham-Poincheval-1024x685.jpg 1024w, https:\/\/great-artmag.com\/wp-content\/uploads\/2024\/07\/Abraham-Poincheval-768x514.jpg 768w, https:\/\/great-artmag.com\/wp-content\/uploads\/2024\/07\/Abraham-Poincheval-1536x1028.jpg 1536w, https:\/\/great-artmag.com\/wp-content\/uploads\/2024\/07\/Abraham-Poincheval-696x466.jpg 696w, https:\/\/great-artmag.com\/wp-content\/uploads\/2024\/07\/Abraham-Poincheval-1068x715.jpg 1068w, https:\/\/great-artmag.com\/wp-content\/uploads\/2024\/07\/Abraham-Poincheval-627x420.jpg 627w\" sizes=\"(max-width: 1754px) 100vw, 1754px\" \/>[\/vc_column_text]<\/div><\/div><\/div><\/div><div id=\"tdi_17\" class=\"tdc-row\"><div class=\"vc_row tdi_18  wpb_row td-pb-row\" >\n<style scoped>\n\/* custom css - generated by TagDiv Composer *\/\n\n\/* custom css - generated by TagDiv Composer *\/\n.tdi_18,\r\n                .tdi_18 .tdc-columns{\r\n                    min-height: 0;\r\n                }.tdi_18,\r\n\t\t\t\t.tdi_18 .tdc-columns{\r\n\t\t\t\t    display: block;\r\n\t\t\t\t}.tdi_18 .tdc-columns{\r\n\t\t\t\t    width: 100%;\r\n\t\t\t\t}.tdi_18:before,\r\n\t\t\t\t.tdi_18:after{\r\n\t\t\t\t    display: table;\r\n\t\t\t\t}\n<\/style><div class=\"vc_column tdi_20  wpb_column vc_column_container tdc-column td-pb-span12\">\n<style scoped>\n\/* custom css - generated by TagDiv Composer *\/\n\n\/* custom css - generated by TagDiv Composer *\/\n.tdi_20{\r\n                    vertical-align: baseline;\r\n                }.tdi_20 > .wpb_wrapper,\r\n\t\t\t\t.tdi_20 > .wpb_wrapper > .tdc-elements{\r\n\t\t\t\t    display: block;\r\n\t\t\t\t}.tdi_20 > .wpb_wrapper > .tdc-elements{\r\n\t\t\t\t    width: 100%;\r\n\t\t\t\t}.tdi_20 > .wpb_wrapper > .vc_row_inner{\r\n\t\t\t\t    width: auto;\r\n\t\t\t\t}.tdi_20 > .wpb_wrapper{\r\n\t\t\t\t    width: auto;\r\n\t\t\t\t    height: auto;\r\n\t\t\t\t}\n<\/style><div class=\"wpb_wrapper\" >[vc_column_text css=&#8221;&#8221;]<\/p>\n<p class=\"p1\">L\u2019\u0153uvre lumineuse, intitul\u00e9e &#8220;Le moment magn\u00e9tique&#8221; de l&#8217;artiste <strong>Nathalie Junod-Ponsard<\/strong>, est visible d\u00e8s le cr\u00e9puscule sur la fa\u00e7ade ouest de la Halle Maxwell, ancienne centrale \u00e9lectrique, au Village des athl\u00e8tes \u00e0 Saint-Denis. &#8220;La d\u00e9termination et la cr\u00e9ation des longueurs d\u2019onde (couleurs) est soumise \u00e0 des variations en fonction des modifications de deux param\u00e8tres, chromatique et \u00e9lectrique, qui permettent de franchir des seuils d&#8217;intensit\u00e9 et d&#8217;injecter, dans le site, l\u2019architecture et l&#8217;environnement, de nouvelles \u00e9nergies&#8221;, explique l&#8217;artiste. L&#8217;\u0153uvre aux multiples variations est l&#8217;une des rares cr\u00e9ations \u00e0 s&#8217;inscrire durablement apr\u00e8s les Jeux, elle marque une \u00e9dition d&#8217;exception.<\/p>\n<figure id=\"attachment_4344\" aria-describedby=\"caption-attachment-4344\" style=\"width: 2560px\" class=\"wp-caption alignnone\"><img decoding=\"async\" class=\"size-full wp-image-4344\" src=\"https:\/\/great-artmag.com\/wp-content\/uploads\/2024\/07\/Nathalie-Junod_Ponsard-\u00a9Sennse-cbadet-scaled.jpg\" alt=\"\" width=\"2560\" height=\"1703\" srcset=\"https:\/\/great-artmag.com\/wp-content\/uploads\/2024\/07\/Nathalie-Junod_Ponsard-\u00a9Sennse-cbadet-scaled.jpg 2560w, https:\/\/great-artmag.com\/wp-content\/uploads\/2024\/07\/Nathalie-Junod_Ponsard-\u00a9Sennse-cbadet-300x200.jpg 300w, https:\/\/great-artmag.com\/wp-content\/uploads\/2024\/07\/Nathalie-Junod_Ponsard-\u00a9Sennse-cbadet-1024x681.jpg 1024w, https:\/\/great-artmag.com\/wp-content\/uploads\/2024\/07\/Nathalie-Junod_Ponsard-\u00a9Sennse-cbadet-768x511.jpg 768w, https:\/\/great-artmag.com\/wp-content\/uploads\/2024\/07\/Nathalie-Junod_Ponsard-\u00a9Sennse-cbadet-1536x1022.jpg 1536w, https:\/\/great-artmag.com\/wp-content\/uploads\/2024\/07\/Nathalie-Junod_Ponsard-\u00a9Sennse-cbadet-2048x1363.jpg 2048w, https:\/\/great-artmag.com\/wp-content\/uploads\/2024\/07\/Nathalie-Junod_Ponsard-\u00a9Sennse-cbadet-696x463.jpg 696w, https:\/\/great-artmag.com\/wp-content\/uploads\/2024\/07\/Nathalie-Junod_Ponsard-\u00a9Sennse-cbadet-1068x711.jpg 1068w, https:\/\/great-artmag.com\/wp-content\/uploads\/2024\/07\/Nathalie-Junod_Ponsard-\u00a9Sennse-cbadet-631x420.jpg 631w\" sizes=\"(max-width: 2560px) 100vw, 2560px\" \/><figcaption id=\"caption-attachment-4344\" class=\"wp-caption-text\">\u0153uvre SPIN sur la fa\u00e7ade de la Halle Maxwell sur le chantier du village olympique \u00e0 Saint-Denis (93)<\/figcaption><\/figure>\n<p>[\/vc_column_text]<\/div><\/div><\/div><\/div><div id=\"tdi_21\" class=\"tdc-row\"><div class=\"vc_row tdi_22  wpb_row td-pb-row\" >\n<style scoped>\n\/* custom css - generated by TagDiv Composer *\/\n\n\/* custom css - generated by TagDiv Composer *\/\n.tdi_22,\r\n                .tdi_22 .tdc-columns{\r\n                    min-height: 0;\r\n                }.tdi_22,\r\n\t\t\t\t.tdi_22 .tdc-columns{\r\n\t\t\t\t    display: block;\r\n\t\t\t\t}.tdi_22 .tdc-columns{\r\n\t\t\t\t    width: 100%;\r\n\t\t\t\t}.tdi_22:before,\r\n\t\t\t\t.tdi_22:after{\r\n\t\t\t\t    display: table;\r\n\t\t\t\t}\n<\/style><div class=\"vc_column tdi_24  wpb_column vc_column_container tdc-column td-pb-span12\">\n<style scoped>\n\/* custom css - generated by TagDiv Composer *\/\n\n\/* custom css - generated by TagDiv Composer *\/\n.tdi_24{\r\n                    vertical-align: baseline;\r\n                }.tdi_24 > .wpb_wrapper,\r\n\t\t\t\t.tdi_24 > .wpb_wrapper > .tdc-elements{\r\n\t\t\t\t    display: block;\r\n\t\t\t\t}.tdi_24 > .wpb_wrapper > .tdc-elements{\r\n\t\t\t\t    width: 100%;\r\n\t\t\t\t}.tdi_24 > .wpb_wrapper > .vc_row_inner{\r\n\t\t\t\t    width: auto;\r\n\t\t\t\t}.tdi_24 > .wpb_wrapper{\r\n\t\t\t\t    width: auto;\r\n\t\t\t\t    height: auto;\r\n\t\t\t\t}\n<\/style><div class=\"wpb_wrapper\" >[vc_column_text css=&#8221;&#8221;]L\u2019\u0153uvre monumentale de <strong>Bernar Venet<\/strong>, intitul\u00e9e &#8220;Convergence : 54.5\u00b0 Arc x 14&#8221; est \u00e9rig\u00e9e sur la ZAC Plaine Saulnier, \u00e0 proximit\u00e9 imm\u00e9diate de l\u2019embl\u00e9matique piscine olympique \u00e0 Saint-Denis. &#8220;<em>Ma sculpture offre au regard un ensemble d\u2019arcs verticaux qui s\u2019affirment au premier coup d\u2019\u0153il comme un geste symbolique, compos\u00e9 de rencontres asym\u00e9triques mais \u00e9quilibr\u00e9es&#8221;, <\/em>confie l&#8217;artiste. Elle mesure 18 m\u00e8tres de haut et p\u00e8se environ 40 tonnes. Un exploit qui entre en r\u00e9sonance avec la performance de L\u00e9on Marchand, multim\u00e9daill\u00e9 fran\u00e7ais. <em>Photo: M\u00e9tropole du Grand Paris<\/em><\/p>\n<p><img decoding=\"async\" class=\" wp-image-4347 alignleft\" src=\"https:\/\/great-artmag.com\/wp-content\/uploads\/2024\/07\/Bernar-VENET-\u00a9-Metropole-du-Grand-Paris-scaled.jpg\" alt=\"\" width=\"362\" height=\"483\" srcset=\"https:\/\/great-artmag.com\/wp-content\/uploads\/2024\/07\/Bernar-VENET-\u00a9-Metropole-du-Grand-Paris-scaled.jpg 1920w, https:\/\/great-artmag.com\/wp-content\/uploads\/2024\/07\/Bernar-VENET-\u00a9-Metropole-du-Grand-Paris-225x300.jpg 225w, https:\/\/great-artmag.com\/wp-content\/uploads\/2024\/07\/Bernar-VENET-\u00a9-Metropole-du-Grand-Paris-768x1024.jpg 768w, https:\/\/great-artmag.com\/wp-content\/uploads\/2024\/07\/Bernar-VENET-\u00a9-Metropole-du-Grand-Paris-1152x1536.jpg 1152w, https:\/\/great-artmag.com\/wp-content\/uploads\/2024\/07\/Bernar-VENET-\u00a9-Metropole-du-Grand-Paris-1536x2048.jpg 1536w, https:\/\/great-artmag.com\/wp-content\/uploads\/2024\/07\/Bernar-VENET-\u00a9-Metropole-du-Grand-Paris-696x928.jpg 696w, https:\/\/great-artmag.com\/wp-content\/uploads\/2024\/07\/Bernar-VENET-\u00a9-Metropole-du-Grand-Paris-1068x1424.jpg 1068w, https:\/\/great-artmag.com\/wp-content\/uploads\/2024\/07\/Bernar-VENET-\u00a9-Metropole-du-Grand-Paris-315x420.jpg 315w\" sizes=\"(max-width: 362px) 100vw, 362px\" \/>[\/vc_column_text]<\/div><\/div><\/div><\/div>\n<\/div>","protected":false},"excerpt":{"rendered":"[vc_column_text css=\"\"]\u00c9lu designer de l\u2019ann\u00e9e 2024 par le salon Maison &amp; Objet, le talentueux Mathieu Lehanneur a \u00e9t\u00e9 choisi par le Comit\u00e9 d\u2019organisation des Jeux Olympiques et Paralympiques Paris 2024 pour concevoir la torche produite a\u0300 2000 exemplaires et la vasque olympique visible au c\u0153ur des jardins des Tuileries jusque fin septembre. R\u00e9servation obligatoire.[\/vc_column_text] [vc_column_text [...]","protected":false},"author":1,"featured_media":4341,"comment_status":"open","ping_status":"closed","sticky":false,"template":"","format":"standard","meta":{"inline_featured_image":false,"tdm_status":"","tdm_grid_status":"","footnotes":""},"categories":[1196],"tags":[1259],"class_list":["post-4339","post","type-post","status-publish","format-standard","has-post-thumbnail","hentry","category-parcours-dart","tag-paris2024"],"yoast_head":"<!-- This site is optimized with the Yoast SEO plugin v27.5 - https:\/\/yoast.com\/product\/yoast-seo-wordpress\/ -->\n<title>Mathieu Lehanneur, Laurent Perbos, Bernar Venet... ces autres h\u00e9rauts des JO Paris 2024 - GREAT-ARTMAG<\/title>\n<meta name=\"description\" content=\"Quelles sont les artistes fran\u00e7ais mis \u00e0 l&#039;honneur lors des Jeux Olympiques Paris 2024 ? Mathieu Lenhanneur, en figure de proue.\" \/>\n<meta name=\"robots\" content=\"index, follow, max-snippet:-1, max-image-preview:large, max-video-preview:-1\" \/>\n<link rel=\"canonical\" href=\"https:\/\/great-artmag.com\/en\/olympiade-culturelle-paris-2024-artistes-francais\/\" \/>\n<meta property=\"og:locale\" content=\"en_US\" \/>\n<meta property=\"og:type\" content=\"article\" \/>\n<meta property=\"og:title\" content=\"Mathieu Lehanneur, Laurent Perbos, Bernar Venet... ces autres h\u00e9rauts des JO Paris 2024 - GREAT-ARTMAG\" \/>\n<meta property=\"og:description\" content=\"Quelles sont les artistes fran\u00e7ais mis \u00e0 l&#039;honneur lors des Jeux Olympiques Paris 2024 ? Mathieu Lenhanneur, en figure de proue.\" \/>\n<meta property=\"og:url\" content=\"https:\/\/great-artmag.com\/en\/olympiade-culturelle-paris-2024-artistes-francais\/\" \/>\n<meta property=\"og:site_name\" content=\"GREAT-ARTMAG\" \/>\n<meta property=\"article:published_time\" content=\"2024-07-29T13:03:31+00:00\" \/>\n<meta property=\"article:modified_time\" content=\"2026-03-22T18:10:30+00:00\" \/>\n<meta property=\"og:image\" content=\"https:\/\/great-artmag.com\/wp-content\/uploads\/2024\/07\/PARIS-2024-TORCHE-MATHIEU-LEHANNEUR-T-ORCHES-\u00a9-Felipe-Ribon-scaled.jpg\" \/>\n\t<meta property=\"og:image:width\" content=\"2560\" \/>\n\t<meta property=\"og:image:height\" content=\"2037\" \/>\n\t<meta property=\"og:image:type\" content=\"image\/jpeg\" \/>\n<meta name=\"author\" content=\"Alexia Gugg\u00e9mos\" \/>\n<meta name=\"twitter:card\" content=\"summary_large_image\" \/>\n<meta name=\"twitter:label1\" content=\"Written by\" \/>\n\t<meta name=\"twitter:data1\" content=\"Alexia Gugg\u00e9mos\" \/>\n\t<meta name=\"twitter:label2\" content=\"Est. reading time\" \/>\n\t<meta name=\"twitter:data2\" content=\"4 minutes\" \/>\n<script type=\"application\/ld+json\" class=\"yoast-schema-graph\">{\"@context\":\"https:\\\/\\\/schema.org\",\"@graph\":[{\"@type\":\"Article\",\"@id\":\"https:\\\/\\\/great-artmag.com\\\/en\\\/olympiade-culturelle-paris-2024-artistes-francais\\\/#article\",\"isPartOf\":{\"@id\":\"https:\\\/\\\/great-artmag.com\\\/en\\\/olympiade-culturelle-paris-2024-artistes-francais\\\/\"},\"author\":{\"name\":\"Alexia Gugg\u00e9mos\",\"@id\":\"https:\\\/\\\/great-artmag.com\\\/en\\\/#\\\/schema\\\/person\\\/07a768635fe6f6d87951dc8ae985eeda\"},\"headline\":\"Mathieu Lehanneur, Laurent Perbos, Bernar Venet&#8230; ces autres h\u00e9rauts des JO Paris 2024\",\"datePublished\":\"2024-07-29T13:03:31+00:00\",\"dateModified\":\"2026-03-22T18:10:30+00:00\",\"mainEntityOfPage\":{\"@id\":\"https:\\\/\\\/great-artmag.com\\\/en\\\/olympiade-culturelle-paris-2024-artistes-francais\\\/\"},\"wordCount\":600,\"commentCount\":0,\"publisher\":{\"@id\":\"https:\\\/\\\/great-artmag.com\\\/en\\\/#organization\"},\"image\":{\"@id\":\"https:\\\/\\\/great-artmag.com\\\/en\\\/olympiade-culturelle-paris-2024-artistes-francais\\\/#primaryimage\"},\"thumbnailUrl\":\"https:\\\/\\\/great-artmag.com\\\/wp-content\\\/uploads\\\/2024\\\/07\\\/PARIS-2024-TORCHE-MATHIEU-LEHANNEUR-T-ORCHES-\u00a9-Felipe-Ribon-scaled.jpg\",\"keywords\":[\"Paris2024\"],\"articleSection\":[\"PATRIMOINE &amp; HISTOIRE\"],\"inLanguage\":\"en-US\",\"potentialAction\":[{\"@type\":\"CommentAction\",\"name\":\"Comment\",\"target\":[\"https:\\\/\\\/great-artmag.com\\\/en\\\/olympiade-culturelle-paris-2024-artistes-francais\\\/#respond\"]}]},{\"@type\":\"WebPage\",\"@id\":\"https:\\\/\\\/great-artmag.com\\\/en\\\/olympiade-culturelle-paris-2024-artistes-francais\\\/\",\"url\":\"https:\\\/\\\/great-artmag.com\\\/en\\\/olympiade-culturelle-paris-2024-artistes-francais\\\/\",\"name\":\"Mathieu Lehanneur, Laurent Perbos, Bernar Venet... ces autres h\u00e9rauts des JO Paris 2024 - GREAT-ARTMAG\",\"isPartOf\":{\"@id\":\"https:\\\/\\\/great-artmag.com\\\/en\\\/#website\"},\"primaryImageOfPage\":{\"@id\":\"https:\\\/\\\/great-artmag.com\\\/en\\\/olympiade-culturelle-paris-2024-artistes-francais\\\/#primaryimage\"},\"image\":{\"@id\":\"https:\\\/\\\/great-artmag.com\\\/en\\\/olympiade-culturelle-paris-2024-artistes-francais\\\/#primaryimage\"},\"thumbnailUrl\":\"https:\\\/\\\/great-artmag.com\\\/wp-content\\\/uploads\\\/2024\\\/07\\\/PARIS-2024-TORCHE-MATHIEU-LEHANNEUR-T-ORCHES-\u00a9-Felipe-Ribon-scaled.jpg\",\"datePublished\":\"2024-07-29T13:03:31+00:00\",\"dateModified\":\"2026-03-22T18:10:30+00:00\",\"description\":\"Quelles sont les artistes fran\u00e7ais mis \u00e0 l'honneur lors des Jeux Olympiques Paris 2024 ? Mathieu Lenhanneur, en figure de proue.\",\"breadcrumb\":{\"@id\":\"https:\\\/\\\/great-artmag.com\\\/en\\\/olympiade-culturelle-paris-2024-artistes-francais\\\/#breadcrumb\"},\"inLanguage\":\"en-US\",\"potentialAction\":[{\"@type\":\"ReadAction\",\"target\":[\"https:\\\/\\\/great-artmag.com\\\/en\\\/olympiade-culturelle-paris-2024-artistes-francais\\\/\"]}]},{\"@type\":\"ImageObject\",\"inLanguage\":\"en-US\",\"@id\":\"https:\\\/\\\/great-artmag.com\\\/en\\\/olympiade-culturelle-paris-2024-artistes-francais\\\/#primaryimage\",\"url\":\"https:\\\/\\\/great-artmag.com\\\/wp-content\\\/uploads\\\/2024\\\/07\\\/PARIS-2024-TORCHE-MATHIEU-LEHANNEUR-T-ORCHES-\u00a9-Felipe-Ribon-scaled.jpg\",\"contentUrl\":\"https:\\\/\\\/great-artmag.com\\\/wp-content\\\/uploads\\\/2024\\\/07\\\/PARIS-2024-TORCHE-MATHIEU-LEHANNEUR-T-ORCHES-\u00a9-Felipe-Ribon-scaled.jpg\",\"width\":2560,\"height\":2037},{\"@type\":\"BreadcrumbList\",\"@id\":\"https:\\\/\\\/great-artmag.com\\\/en\\\/olympiade-culturelle-paris-2024-artistes-francais\\\/#breadcrumb\",\"itemListElement\":[{\"@type\":\"ListItem\",\"position\":1,\"name\":\"Accueil\",\"item\":\"https:\\\/\\\/great-artmag.com\\\/en\\\/\"},{\"@type\":\"ListItem\",\"position\":2,\"name\":\"Mathieu Lehanneur, Laurent Perbos, Bernar Venet&#8230; ces autres h\u00e9rauts des JO Paris 2024\"}]},{\"@type\":\"WebSite\",\"@id\":\"https:\\\/\\\/great-artmag.com\\\/en\\\/#website\",\"url\":\"https:\\\/\\\/great-artmag.com\\\/en\\\/\",\"name\":\"Great ArtMag\",\"description\":\"Le Magazine des H\u00e9donistes\",\"publisher\":{\"@id\":\"https:\\\/\\\/great-artmag.com\\\/en\\\/#organization\"},\"potentialAction\":[{\"@type\":\"SearchAction\",\"target\":{\"@type\":\"EntryPoint\",\"urlTemplate\":\"https:\\\/\\\/great-artmag.com\\\/en\\\/?s={search_term_string}\"},\"query-input\":{\"@type\":\"PropertyValueSpecification\",\"valueRequired\":true,\"valueName\":\"search_term_string\"}}],\"inLanguage\":\"en-US\"},{\"@type\":\"Organization\",\"@id\":\"https:\\\/\\\/great-artmag.com\\\/en\\\/#organization\",\"name\":\"GREAT ARTMAG\",\"url\":\"https:\\\/\\\/great-artmag.com\\\/en\\\/\",\"logo\":{\"@type\":\"ImageObject\",\"inLanguage\":\"en-US\",\"@id\":\"https:\\\/\\\/great-artmag.com\\\/en\\\/#\\\/schema\\\/logo\\\/image\\\/\",\"url\":\"https:\\\/\\\/great-artmag.com\\\/wp-content\\\/uploads\\\/2024\\\/07\\\/IMG_5403.jpg\",\"contentUrl\":\"https:\\\/\\\/great-artmag.com\\\/wp-content\\\/uploads\\\/2024\\\/07\\\/IMG_5403.jpg\",\"width\":860,\"height\":368,\"caption\":\"GREAT ARTMAG\"},\"image\":{\"@id\":\"https:\\\/\\\/great-artmag.com\\\/en\\\/#\\\/schema\\\/logo\\\/image\\\/\"},\"sameAs\":[\"https:\\\/\\\/www.instagram.com\\\/great_artmag\"]},{\"@type\":\"Person\",\"@id\":\"https:\\\/\\\/great-artmag.com\\\/en\\\/#\\\/schema\\\/person\\\/07a768635fe6f6d87951dc8ae985eeda\",\"name\":\"Alexia Gugg\u00e9mos\",\"url\":\"https:\\\/\\\/great-artmag.com\\\/en\\\/author\\\/admin5782\\\/\"}]}<\/script>\n<!-- \/ Yoast SEO plugin. -->","yoast_head_json":{"title":"Mathieu Lehanneur, Laurent Perbos, Bernar Venet... ces autres h\u00e9rauts des JO Paris 2024 - GREAT-ARTMAG","description":"Quelles sont les artistes fran\u00e7ais mis \u00e0 l'honneur lors des Jeux Olympiques Paris 2024 ? Mathieu Lenhanneur, en figure de proue.","robots":{"index":"index","follow":"follow","max-snippet":"max-snippet:-1","max-image-preview":"max-image-preview:large","max-video-preview":"max-video-preview:-1"},"canonical":"https:\/\/great-artmag.com\/en\/olympiade-culturelle-paris-2024-artistes-francais\/","og_locale":"en_US","og_type":"article","og_title":"Mathieu Lehanneur, Laurent Perbos, Bernar Venet... ces autres h\u00e9rauts des JO Paris 2024 - GREAT-ARTMAG","og_description":"Quelles sont les artistes fran\u00e7ais mis \u00e0 l'honneur lors des Jeux Olympiques Paris 2024 ? Mathieu Lenhanneur, en figure de proue.","og_url":"https:\/\/great-artmag.com\/en\/olympiade-culturelle-paris-2024-artistes-francais\/","og_site_name":"GREAT-ARTMAG","article_published_time":"2024-07-29T13:03:31+00:00","article_modified_time":"2026-03-22T18:10:30+00:00","og_image":[{"width":2560,"height":2037,"url":"https:\/\/great-artmag.com\/wp-content\/uploads\/2024\/07\/PARIS-2024-TORCHE-MATHIEU-LEHANNEUR-T-ORCHES-\u00a9-Felipe-Ribon-scaled.jpg","type":"image\/jpeg"}],"author":"Alexia Gugg\u00e9mos","twitter_card":"summary_large_image","twitter_misc":{"Written by":"Alexia Gugg\u00e9mos","Est. reading time":"4 minutes"},"schema":{"@context":"https:\/\/schema.org","@graph":[{"@type":"Article","@id":"https:\/\/great-artmag.com\/en\/olympiade-culturelle-paris-2024-artistes-francais\/#article","isPartOf":{"@id":"https:\/\/great-artmag.com\/en\/olympiade-culturelle-paris-2024-artistes-francais\/"},"author":{"name":"Alexia Gugg\u00e9mos","@id":"https:\/\/great-artmag.com\/en\/#\/schema\/person\/07a768635fe6f6d87951dc8ae985eeda"},"headline":"Mathieu Lehanneur, Laurent Perbos, Bernar Venet&#8230; ces autres h\u00e9rauts des JO Paris 2024","datePublished":"2024-07-29T13:03:31+00:00","dateModified":"2026-03-22T18:10:30+00:00","mainEntityOfPage":{"@id":"https:\/\/great-artmag.com\/en\/olympiade-culturelle-paris-2024-artistes-francais\/"},"wordCount":600,"commentCount":0,"publisher":{"@id":"https:\/\/great-artmag.com\/en\/#organization"},"image":{"@id":"https:\/\/great-artmag.com\/en\/olympiade-culturelle-paris-2024-artistes-francais\/#primaryimage"},"thumbnailUrl":"https:\/\/great-artmag.com\/wp-content\/uploads\/2024\/07\/PARIS-2024-TORCHE-MATHIEU-LEHANNEUR-T-ORCHES-\u00a9-Felipe-Ribon-scaled.jpg","keywords":["Paris2024"],"articleSection":["PATRIMOINE &amp; HISTOIRE"],"inLanguage":"en-US","potentialAction":[{"@type":"CommentAction","name":"Comment","target":["https:\/\/great-artmag.com\/en\/olympiade-culturelle-paris-2024-artistes-francais\/#respond"]}]},{"@type":"WebPage","@id":"https:\/\/great-artmag.com\/en\/olympiade-culturelle-paris-2024-artistes-francais\/","url":"https:\/\/great-artmag.com\/en\/olympiade-culturelle-paris-2024-artistes-francais\/","name":"Mathieu Lehanneur, Laurent Perbos, Bernar Venet... ces autres h\u00e9rauts des JO Paris 2024 - GREAT-ARTMAG","isPartOf":{"@id":"https:\/\/great-artmag.com\/en\/#website"},"primaryImageOfPage":{"@id":"https:\/\/great-artmag.com\/en\/olympiade-culturelle-paris-2024-artistes-francais\/#primaryimage"},"image":{"@id":"https:\/\/great-artmag.com\/en\/olympiade-culturelle-paris-2024-artistes-francais\/#primaryimage"},"thumbnailUrl":"https:\/\/great-artmag.com\/wp-content\/uploads\/2024\/07\/PARIS-2024-TORCHE-MATHIEU-LEHANNEUR-T-ORCHES-\u00a9-Felipe-Ribon-scaled.jpg","datePublished":"2024-07-29T13:03:31+00:00","dateModified":"2026-03-22T18:10:30+00:00","description":"Quelles sont les artistes fran\u00e7ais mis \u00e0 l'honneur lors des Jeux Olympiques Paris 2024 ? Mathieu Lenhanneur, en figure de proue.","breadcrumb":{"@id":"https:\/\/great-artmag.com\/en\/olympiade-culturelle-paris-2024-artistes-francais\/#breadcrumb"},"inLanguage":"en-US","potentialAction":[{"@type":"ReadAction","target":["https:\/\/great-artmag.com\/en\/olympiade-culturelle-paris-2024-artistes-francais\/"]}]},{"@type":"ImageObject","inLanguage":"en-US","@id":"https:\/\/great-artmag.com\/en\/olympiade-culturelle-paris-2024-artistes-francais\/#primaryimage","url":"https:\/\/great-artmag.com\/wp-content\/uploads\/2024\/07\/PARIS-2024-TORCHE-MATHIEU-LEHANNEUR-T-ORCHES-\u00a9-Felipe-Ribon-scaled.jpg","contentUrl":"https:\/\/great-artmag.com\/wp-content\/uploads\/2024\/07\/PARIS-2024-TORCHE-MATHIEU-LEHANNEUR-T-ORCHES-\u00a9-Felipe-Ribon-scaled.jpg","width":2560,"height":2037},{"@type":"BreadcrumbList","@id":"https:\/\/great-artmag.com\/en\/olympiade-culturelle-paris-2024-artistes-francais\/#breadcrumb","itemListElement":[{"@type":"ListItem","position":1,"name":"Accueil","item":"https:\/\/great-artmag.com\/en\/"},{"@type":"ListItem","position":2,"name":"Mathieu Lehanneur, Laurent Perbos, Bernar Venet&#8230; ces autres h\u00e9rauts des JO Paris 2024"}]},{"@type":"WebSite","@id":"https:\/\/great-artmag.com\/en\/#website","url":"https:\/\/great-artmag.com\/en\/","name":"Great ArtMag","description":"Le Magazine des H\u00e9donistes","publisher":{"@id":"https:\/\/great-artmag.com\/en\/#organization"},"potentialAction":[{"@type":"SearchAction","target":{"@type":"EntryPoint","urlTemplate":"https:\/\/great-artmag.com\/en\/?s={search_term_string}"},"query-input":{"@type":"PropertyValueSpecification","valueRequired":true,"valueName":"search_term_string"}}],"inLanguage":"en-US"},{"@type":"Organization","@id":"https:\/\/great-artmag.com\/en\/#organization","name":"GREAT ARTMAG","url":"https:\/\/great-artmag.com\/en\/","logo":{"@type":"ImageObject","inLanguage":"en-US","@id":"https:\/\/great-artmag.com\/en\/#\/schema\/logo\/image\/","url":"https:\/\/great-artmag.com\/wp-content\/uploads\/2024\/07\/IMG_5403.jpg","contentUrl":"https:\/\/great-artmag.com\/wp-content\/uploads\/2024\/07\/IMG_5403.jpg","width":860,"height":368,"caption":"GREAT ARTMAG"},"image":{"@id":"https:\/\/great-artmag.com\/en\/#\/schema\/logo\/image\/"},"sameAs":["https:\/\/www.instagram.com\/great_artmag"]},{"@type":"Person","@id":"https:\/\/great-artmag.com\/en\/#\/schema\/person\/07a768635fe6f6d87951dc8ae985eeda","name":"Alexia Gugg\u00e9mos","url":"https:\/\/great-artmag.com\/en\/author\/admin5782\/"}]}},"amp_enabled":true,"_links":{"self":[{"href":"https:\/\/great-artmag.com\/en\/wp-json\/wp\/v2\/posts\/4339","targetHints":{"allow":["GET"]}}],"collection":[{"href":"https:\/\/great-artmag.com\/en\/wp-json\/wp\/v2\/posts"}],"about":[{"href":"https:\/\/great-artmag.com\/en\/wp-json\/wp\/v2\/types\/post"}],"author":[{"embeddable":true,"href":"https:\/\/great-artmag.com\/en\/wp-json\/wp\/v2\/users\/1"}],"replies":[{"embeddable":true,"href":"https:\/\/great-artmag.com\/en\/wp-json\/wp\/v2\/comments?post=4339"}],"version-history":[{"count":0,"href":"https:\/\/great-artmag.com\/en\/wp-json\/wp\/v2\/posts\/4339\/revisions"}],"wp:featuredmedia":[{"embeddable":true,"href":"https:\/\/great-artmag.com\/en\/wp-json\/wp\/v2\/media\/4341"}],"wp:attachment":[{"href":"https:\/\/great-artmag.com\/en\/wp-json\/wp\/v2\/media?parent=4339"}],"wp:term":[{"taxonomy":"category","embeddable":true,"href":"https:\/\/great-artmag.com\/en\/wp-json\/wp\/v2\/categories?post=4339"},{"taxonomy":"post_tag","embeddable":true,"href":"https:\/\/great-artmag.com\/en\/wp-json\/wp\/v2\/tags?post=4339"}],"curies":[{"name":"wp","href":"https:\/\/api.w.org\/{rel}","templated":true}]}}