{"id":4420,"date":"2024-12-18T16:51:44","date_gmt":"2024-12-18T15:51:44","guid":{"rendered":"https:\/\/great-artmag.com\/?p=4420"},"modified":"2024-12-18T16:51:44","modified_gmt":"2024-12-18T15:51:44","slug":"cite-des-sacres-parcours-culinaire-et-patrimonial-a-reims","status":"publish","type":"post","link":"https:\/\/great-artmag.com\/en\/cite-des-sacres-parcours-culinaire-et-patrimonial-a-reims\/","title":{"rendered":"Cit\u00e9 des Sacres : parcours culinaire et patrimonial \u00e0 Reims"},"content":{"rendered":"<p style=\"font-weight: 400;\">Ville d\u2019Art et d\u2019histoire, Reims, situ\u00e9e dans la r\u00e9gion Grand Est, est une destination pris\u00e9e des amateurs de patrimoine, d\u2019histoire et de vin. Surnomm\u00e9e la \u00ab Cit\u00e9 des Sacres \u00bb, Reims est renomm\u00e9e pour la cath\u00e9drale Notre-Dame, un chef-d&#8217;\u0153uvre de l&#8217;architecture gothique o\u00f9 furent couronn\u00e9s les rois de France. La ville abrite plusieurs monuments historiques, tels que le Palais du Tau, l&#8217;abbaye Saint-Remi, et la Basilique Saint-Remi, class\u00e9s au patrimoine mondial de l&#8217;UNESCO.<\/p>\n<p style=\"font-weight: 400;\"><strong>La cath\u00e9drale Notre-Dame de Reims<\/strong><\/p>\n<p style=\"font-weight: 400;\">Du haut de ses 813 ans, inscrite sur la liste du patrimoine mondial de l\u2019UNESCO, en 1991, Notre Dame de Reims est l\u2019une des r\u00e9alisations majeures de l\u2019art gothique en Europe. C\u00e9l\u00e8bre pour son imposante fa\u00e7ade, ses vitraux color\u00e9s et sa galerie des rois, qui pr\u00e9sente des statues de souverains fran\u00e7ais. Elle est un lieu historique majeur, ayant \u00e9t\u00e9 le site de l&#8217;incarnation des rois de France, qui y furent couronn\u00e9s. La cath\u00e9drale a vu le couronnement de Clovis en 496 et de Charles VII en 1429, apr\u00e8s l&#8217;intervention de Jeanne d&#8217;Arc. La cath\u00e9drale a subi d&#8217;importants dommages pendant la Premi\u00e8re Guerre mondiale, sa restauration a permis de pr\u00e9server cet h\u00e9ritage. Aujourd&#8217;hui, elle reste un symbole fort de l&#8217;histoire et de la culture fran\u00e7aise.<\/p>\n<p style=\"font-weight: 400;\"><strong>Reims, ville art-d\u00e9co<\/strong><\/p>\n<p style=\"font-weight: 400;\">D\u00e9truite \u00e0 80% lors de la Premi\u00e8re Guerre mondiale, Reims conna\u00eet une phase intense de reconstruction pendant les ann\u00e9es 1920. Elle est reconstruite avec une tr\u00e8s grande diversit\u00e9 architecturale dans le style art-d\u00e9co. Le centre-ville de Reims, particuli\u00e8rement bombard\u00e9, comme ses faubourgs offrent ainsi un panorama des principaux courants architecturaux des ann\u00e9es 1920 en France. La reconstruction de la ville a donn\u00e9 lieu \u00e0 des b\u00e2timents aux lignes g\u00e9om\u00e9triques \u00e9pur\u00e9es, aux d\u00e9cors floraux et abstraits typiques du mouvement Art D\u00e9co. Ces \u0153uvres architecturales, qui m\u00ealent modernit\u00e9 et \u00e9l\u00e9gance, se retrouvent dans les h\u00f4tels particuliers, les immeubles de bureaux, et les espaces publics de Reims. Citons par exemple, parmi les plus embl\u00e9matiques de la ville : Cit\u00e9-jardin de la Neuvillette, mais aussi l\u2019h\u00f4tel Les Cray\u00e8res, un exemple de luxe et de raffinement. Ces constructions t\u00e9moignent de la prosp\u00e9rit\u00e9 de Reims dans l&#8217;entre-deux-guerres, tout en symbolisant la volont\u00e9 de modernit\u00e9 et d&#8217;innovation des architectes de l&#8217;\u00e9poque. Inaugur\u00e9e en 1928, un plafond de la biblioth\u00e8que Carnegie, \u00e0 deux pas de la cath\u00e9drale dont l&#8217;architecture est due \u00e0 Max Sainsaulieu (1870-1953).<\/p>\n<p style=\"font-weight: 400;\"><strong>Reims, ville gastronomique<\/strong><\/p>\n<p style=\"font-weight: 400;\">Reims est aussi une destination pour les amateurs de gastronomie et de vin. A ce jour cinq chefs \u00e9toil\u00e9s font rayonner la Ville et le Grand Reims sur la sc\u00e8ne culinaire nationale et internationale :<\/p>\n<p style=\"font-weight: 400;\">&#8211; Arnaud Lallement, chef de L\u2019Assiette Champenoise (trois \u00e9toiles)<br \/>\n&#8211; Philippe Mille, chef du parc des Cray\u00e8res (deux \u00e9toiles)<br \/>\n&#8211; Kazuyuki Tanaka, chef du Racine (deux \u00e9toiles)<br \/>\n&#8211; Dominique Giraudeau, chef du Grand Cerf (une \u00e9toile)<br \/>\n&#8211; Jacky Louaz\u00e9, chef du Foch (une \u00e9toile)<\/p>\n<p>Brigitte Valade-Lecuyer<\/p>\n<blockquote>\n<p style=\"font-weight: 400;\">Le saviez-vous ? La rue de Mars, situ\u00e9e en plein c\u0153ur de la ville, abrite la concentration la plus importante des meilleurs ouvriers de France. Boulanger, charcutier, \u00e9picerie, primeur, chocolatier-patissier.<\/p>\n<\/blockquote>\n","protected":false},"excerpt":{"rendered":"<p>Ville d\u2019Art et d\u2019histoire, Reims, situ\u00e9e dans la r\u00e9gion Grand Est, est une destination pris\u00e9e des amateurs de patrimoine, d\u2019histoire et de vin. Surnomm\u00e9e la \u00ab Cit\u00e9 des Sacres \u00bb, Reims est renomm\u00e9e pour la cath\u00e9drale Notre-Dame, un chef-d&#8217;\u0153uvre de l&#8217;architecture gothique o\u00f9 furent couronn\u00e9s les rois de France. La ville abrite plusieurs monuments historiques, [&hellip;]<\/p>\n","protected":false},"author":1,"featured_media":4421,"comment_status":"open","ping_status":"closed","sticky":false,"template":"","format":"standard","meta":{"inline_featured_image":false,"tdm_status":"","tdm_grid_status":"","footnotes":""},"categories":[1196],"tags":[1270,1269,1268,1267],"class_list":["post-4420","post","type-post","status-publish","format-standard","has-post-thumbnail","hentry","category-parcours-dart","tag-architecture","tag-art-deco","tag-chef-etoile","tag-reims"],"yoast_head":"<!-- This site is optimized with the Yoast SEO plugin v27.5 - https:\/\/yoast.com\/product\/yoast-seo-wordpress\/ -->\n<title>Cit\u00e9 des Sacres : parcours culinaire et patrimonial \u00e0 Reims - GREAT-ARTMAG<\/title>\n<meta name=\"robots\" content=\"index, follow, max-snippet:-1, max-image-preview:large, max-video-preview:-1\" \/>\n<link rel=\"canonical\" href=\"https:\/\/great-artmag.com\/en\/cite-des-sacres-parcours-culinaire-et-patrimonial-a-reims\/\" \/>\n<meta property=\"og:locale\" content=\"en_US\" \/>\n<meta property=\"og:type\" content=\"article\" \/>\n<meta property=\"og:title\" content=\"Cit\u00e9 des Sacres : parcours culinaire et patrimonial \u00e0 Reims - GREAT-ARTMAG\" \/>\n<meta property=\"og:description\" content=\"Ville d\u2019Art et d\u2019histoire, Reims, situ\u00e9e dans la r\u00e9gion Grand Est, est une destination pris\u00e9e des amateurs de patrimoine, d\u2019histoire et de vin. Surnomm\u00e9e la \u00ab Cit\u00e9 des Sacres \u00bb, Reims est renomm\u00e9e pour la cath\u00e9drale Notre-Dame, un chef-d&#8217;\u0153uvre de l&#8217;architecture gothique o\u00f9 furent couronn\u00e9s les rois de France. La ville abrite plusieurs monuments historiques, [&hellip;]\" \/>\n<meta property=\"og:url\" content=\"https:\/\/great-artmag.com\/en\/cite-des-sacres-parcours-culinaire-et-patrimonial-a-reims\/\" \/>\n<meta property=\"og:site_name\" content=\"GREAT-ARTMAG\" \/>\n<meta property=\"article:published_time\" content=\"2024-12-18T15:51:44+00:00\" \/>\n<meta property=\"og:image\" content=\"https:\/\/great-artmag.com\/wp-content\/uploads\/2024\/12\/kodak-reims.jpg\" \/>\n\t<meta property=\"og:image:width\" content=\"560\" \/>\n\t<meta property=\"og:image:height\" content=\"373\" \/>\n\t<meta property=\"og:image:type\" content=\"image\/jpeg\" \/>\n<meta name=\"author\" content=\"Alexia Gugg\u00e9mos\" \/>\n<meta name=\"twitter:card\" content=\"summary_large_image\" \/>\n<meta name=\"twitter:label1\" content=\"Written by\" \/>\n\t<meta name=\"twitter:data1\" content=\"Alexia Gugg\u00e9mos\" \/>\n\t<meta name=\"twitter:label2\" content=\"Est. reading time\" \/>\n\t<meta name=\"twitter:data2\" content=\"3 minutes\" \/>\n<script type=\"application\/ld+json\" class=\"yoast-schema-graph\">{\"@context\":\"https:\\\/\\\/schema.org\",\"@graph\":[{\"@type\":\"Article\",\"@id\":\"https:\\\/\\\/great-artmag.com\\\/en\\\/cite-des-sacres-parcours-culinaire-et-patrimonial-a-reims\\\/#article\",\"isPartOf\":{\"@id\":\"https:\\\/\\\/great-artmag.com\\\/en\\\/cite-des-sacres-parcours-culinaire-et-patrimonial-a-reims\\\/\"},\"author\":{\"name\":\"Alexia Gugg\u00e9mos\",\"@id\":\"https:\\\/\\\/great-artmag.com\\\/en\\\/#\\\/schema\\\/person\\\/07a768635fe6f6d87951dc8ae985eeda\"},\"headline\":\"Cit\u00e9 des Sacres : parcours culinaire et patrimonial \u00e0 Reims\",\"datePublished\":\"2024-12-18T15:51:44+00:00\",\"mainEntityOfPage\":{\"@id\":\"https:\\\/\\\/great-artmag.com\\\/en\\\/cite-des-sacres-parcours-culinaire-et-patrimonial-a-reims\\\/\"},\"wordCount\":565,\"commentCount\":0,\"publisher\":{\"@id\":\"https:\\\/\\\/great-artmag.com\\\/en\\\/#organization\"},\"image\":{\"@id\":\"https:\\\/\\\/great-artmag.com\\\/en\\\/cite-des-sacres-parcours-culinaire-et-patrimonial-a-reims\\\/#primaryimage\"},\"thumbnailUrl\":\"https:\\\/\\\/great-artmag.com\\\/wp-content\\\/uploads\\\/2024\\\/12\\\/kodak-reims.jpg\",\"keywords\":[\"architecture\",\"art-d\u00e9co\",\"chef \u00e9toil\u00e9\",\"reims\"],\"articleSection\":[\"PATRIMOINE &amp; HISTOIRE\"],\"inLanguage\":\"en-US\",\"potentialAction\":[{\"@type\":\"CommentAction\",\"name\":\"Comment\",\"target\":[\"https:\\\/\\\/great-artmag.com\\\/en\\\/cite-des-sacres-parcours-culinaire-et-patrimonial-a-reims\\\/#respond\"]}]},{\"@type\":\"WebPage\",\"@id\":\"https:\\\/\\\/great-artmag.com\\\/en\\\/cite-des-sacres-parcours-culinaire-et-patrimonial-a-reims\\\/\",\"url\":\"https:\\\/\\\/great-artmag.com\\\/en\\\/cite-des-sacres-parcours-culinaire-et-patrimonial-a-reims\\\/\",\"name\":\"Cit\u00e9 des Sacres : parcours culinaire et patrimonial \u00e0 Reims - GREAT-ARTMAG\",\"isPartOf\":{\"@id\":\"https:\\\/\\\/great-artmag.com\\\/en\\\/#website\"},\"primaryImageOfPage\":{\"@id\":\"https:\\\/\\\/great-artmag.com\\\/en\\\/cite-des-sacres-parcours-culinaire-et-patrimonial-a-reims\\\/#primaryimage\"},\"image\":{\"@id\":\"https:\\\/\\\/great-artmag.com\\\/en\\\/cite-des-sacres-parcours-culinaire-et-patrimonial-a-reims\\\/#primaryimage\"},\"thumbnailUrl\":\"https:\\\/\\\/great-artmag.com\\\/wp-content\\\/uploads\\\/2024\\\/12\\\/kodak-reims.jpg\",\"datePublished\":\"2024-12-18T15:51:44+00:00\",\"breadcrumb\":{\"@id\":\"https:\\\/\\\/great-artmag.com\\\/en\\\/cite-des-sacres-parcours-culinaire-et-patrimonial-a-reims\\\/#breadcrumb\"},\"inLanguage\":\"en-US\",\"potentialAction\":[{\"@type\":\"ReadAction\",\"target\":[\"https:\\\/\\\/great-artmag.com\\\/en\\\/cite-des-sacres-parcours-culinaire-et-patrimonial-a-reims\\\/\"]}]},{\"@type\":\"ImageObject\",\"inLanguage\":\"en-US\",\"@id\":\"https:\\\/\\\/great-artmag.com\\\/en\\\/cite-des-sacres-parcours-culinaire-et-patrimonial-a-reims\\\/#primaryimage\",\"url\":\"https:\\\/\\\/great-artmag.com\\\/wp-content\\\/uploads\\\/2024\\\/12\\\/kodak-reims.jpg\",\"contentUrl\":\"https:\\\/\\\/great-artmag.com\\\/wp-content\\\/uploads\\\/2024\\\/12\\\/kodak-reims.jpg\",\"width\":560,\"height\":373},{\"@type\":\"BreadcrumbList\",\"@id\":\"https:\\\/\\\/great-artmag.com\\\/en\\\/cite-des-sacres-parcours-culinaire-et-patrimonial-a-reims\\\/#breadcrumb\",\"itemListElement\":[{\"@type\":\"ListItem\",\"position\":1,\"name\":\"Accueil\",\"item\":\"https:\\\/\\\/great-artmag.com\\\/en\\\/\"},{\"@type\":\"ListItem\",\"position\":2,\"name\":\"Cit\u00e9 des Sacres : parcours culinaire et patrimonial \u00e0 Reims\"}]},{\"@type\":\"WebSite\",\"@id\":\"https:\\\/\\\/great-artmag.com\\\/en\\\/#website\",\"url\":\"https:\\\/\\\/great-artmag.com\\\/en\\\/\",\"name\":\"Great ArtMag\",\"description\":\"Le Magazine des H\u00e9donistes\",\"publisher\":{\"@id\":\"https:\\\/\\\/great-artmag.com\\\/en\\\/#organization\"},\"potentialAction\":[{\"@type\":\"SearchAction\",\"target\":{\"@type\":\"EntryPoint\",\"urlTemplate\":\"https:\\\/\\\/great-artmag.com\\\/en\\\/?s={search_term_string}\"},\"query-input\":{\"@type\":\"PropertyValueSpecification\",\"valueRequired\":true,\"valueName\":\"search_term_string\"}}],\"inLanguage\":\"en-US\"},{\"@type\":\"Organization\",\"@id\":\"https:\\\/\\\/great-artmag.com\\\/en\\\/#organization\",\"name\":\"GREAT ARTMAG\",\"url\":\"https:\\\/\\\/great-artmag.com\\\/en\\\/\",\"logo\":{\"@type\":\"ImageObject\",\"inLanguage\":\"en-US\",\"@id\":\"https:\\\/\\\/great-artmag.com\\\/en\\\/#\\\/schema\\\/logo\\\/image\\\/\",\"url\":\"https:\\\/\\\/great-artmag.com\\\/wp-content\\\/uploads\\\/2024\\\/07\\\/IMG_5403.jpg\",\"contentUrl\":\"https:\\\/\\\/great-artmag.com\\\/wp-content\\\/uploads\\\/2024\\\/07\\\/IMG_5403.jpg\",\"width\":860,\"height\":368,\"caption\":\"GREAT ARTMAG\"},\"image\":{\"@id\":\"https:\\\/\\\/great-artmag.com\\\/en\\\/#\\\/schema\\\/logo\\\/image\\\/\"},\"sameAs\":[\"https:\\\/\\\/www.instagram.com\\\/great_artmag\"]},{\"@type\":\"Person\",\"@id\":\"https:\\\/\\\/great-artmag.com\\\/en\\\/#\\\/schema\\\/person\\\/07a768635fe6f6d87951dc8ae985eeda\",\"name\":\"Alexia Gugg\u00e9mos\",\"url\":\"https:\\\/\\\/great-artmag.com\\\/en\\\/author\\\/admin5782\\\/\"}]}<\/script>\n<!-- \/ Yoast SEO plugin. -->","yoast_head_json":{"title":"Cit\u00e9 des Sacres : parcours culinaire et patrimonial \u00e0 Reims - GREAT-ARTMAG","robots":{"index":"index","follow":"follow","max-snippet":"max-snippet:-1","max-image-preview":"max-image-preview:large","max-video-preview":"max-video-preview:-1"},"canonical":"https:\/\/great-artmag.com\/en\/cite-des-sacres-parcours-culinaire-et-patrimonial-a-reims\/","og_locale":"en_US","og_type":"article","og_title":"Cit\u00e9 des Sacres : parcours culinaire et patrimonial \u00e0 Reims - GREAT-ARTMAG","og_description":"Ville d\u2019Art et d\u2019histoire, Reims, situ\u00e9e dans la r\u00e9gion Grand Est, est une destination pris\u00e9e des amateurs de patrimoine, d\u2019histoire et de vin. Surnomm\u00e9e la \u00ab Cit\u00e9 des Sacres \u00bb, Reims est renomm\u00e9e pour la cath\u00e9drale Notre-Dame, un chef-d&#8217;\u0153uvre de l&#8217;architecture gothique o\u00f9 furent couronn\u00e9s les rois de France. La ville abrite plusieurs monuments historiques, [&hellip;]","og_url":"https:\/\/great-artmag.com\/en\/cite-des-sacres-parcours-culinaire-et-patrimonial-a-reims\/","og_site_name":"GREAT-ARTMAG","article_published_time":"2024-12-18T15:51:44+00:00","og_image":[{"width":560,"height":373,"url":"https:\/\/great-artmag.com\/wp-content\/uploads\/2024\/12\/kodak-reims.jpg","type":"image\/jpeg"}],"author":"Alexia Gugg\u00e9mos","twitter_card":"summary_large_image","twitter_misc":{"Written by":"Alexia Gugg\u00e9mos","Est. reading time":"3 minutes"},"schema":{"@context":"https:\/\/schema.org","@graph":[{"@type":"Article","@id":"https:\/\/great-artmag.com\/en\/cite-des-sacres-parcours-culinaire-et-patrimonial-a-reims\/#article","isPartOf":{"@id":"https:\/\/great-artmag.com\/en\/cite-des-sacres-parcours-culinaire-et-patrimonial-a-reims\/"},"author":{"name":"Alexia Gugg\u00e9mos","@id":"https:\/\/great-artmag.com\/en\/#\/schema\/person\/07a768635fe6f6d87951dc8ae985eeda"},"headline":"Cit\u00e9 des Sacres : parcours culinaire et patrimonial \u00e0 Reims","datePublished":"2024-12-18T15:51:44+00:00","mainEntityOfPage":{"@id":"https:\/\/great-artmag.com\/en\/cite-des-sacres-parcours-culinaire-et-patrimonial-a-reims\/"},"wordCount":565,"commentCount":0,"publisher":{"@id":"https:\/\/great-artmag.com\/en\/#organization"},"image":{"@id":"https:\/\/great-artmag.com\/en\/cite-des-sacres-parcours-culinaire-et-patrimonial-a-reims\/#primaryimage"},"thumbnailUrl":"https:\/\/great-artmag.com\/wp-content\/uploads\/2024\/12\/kodak-reims.jpg","keywords":["architecture","art-d\u00e9co","chef \u00e9toil\u00e9","reims"],"articleSection":["PATRIMOINE &amp; HISTOIRE"],"inLanguage":"en-US","potentialAction":[{"@type":"CommentAction","name":"Comment","target":["https:\/\/great-artmag.com\/en\/cite-des-sacres-parcours-culinaire-et-patrimonial-a-reims\/#respond"]}]},{"@type":"WebPage","@id":"https:\/\/great-artmag.com\/en\/cite-des-sacres-parcours-culinaire-et-patrimonial-a-reims\/","url":"https:\/\/great-artmag.com\/en\/cite-des-sacres-parcours-culinaire-et-patrimonial-a-reims\/","name":"Cit\u00e9 des Sacres : parcours culinaire et patrimonial \u00e0 Reims - GREAT-ARTMAG","isPartOf":{"@id":"https:\/\/great-artmag.com\/en\/#website"},"primaryImageOfPage":{"@id":"https:\/\/great-artmag.com\/en\/cite-des-sacres-parcours-culinaire-et-patrimonial-a-reims\/#primaryimage"},"image":{"@id":"https:\/\/great-artmag.com\/en\/cite-des-sacres-parcours-culinaire-et-patrimonial-a-reims\/#primaryimage"},"thumbnailUrl":"https:\/\/great-artmag.com\/wp-content\/uploads\/2024\/12\/kodak-reims.jpg","datePublished":"2024-12-18T15:51:44+00:00","breadcrumb":{"@id":"https:\/\/great-artmag.com\/en\/cite-des-sacres-parcours-culinaire-et-patrimonial-a-reims\/#breadcrumb"},"inLanguage":"en-US","potentialAction":[{"@type":"ReadAction","target":["https:\/\/great-artmag.com\/en\/cite-des-sacres-parcours-culinaire-et-patrimonial-a-reims\/"]}]},{"@type":"ImageObject","inLanguage":"en-US","@id":"https:\/\/great-artmag.com\/en\/cite-des-sacres-parcours-culinaire-et-patrimonial-a-reims\/#primaryimage","url":"https:\/\/great-artmag.com\/wp-content\/uploads\/2024\/12\/kodak-reims.jpg","contentUrl":"https:\/\/great-artmag.com\/wp-content\/uploads\/2024\/12\/kodak-reims.jpg","width":560,"height":373},{"@type":"BreadcrumbList","@id":"https:\/\/great-artmag.com\/en\/cite-des-sacres-parcours-culinaire-et-patrimonial-a-reims\/#breadcrumb","itemListElement":[{"@type":"ListItem","position":1,"name":"Accueil","item":"https:\/\/great-artmag.com\/en\/"},{"@type":"ListItem","position":2,"name":"Cit\u00e9 des Sacres : parcours culinaire et patrimonial \u00e0 Reims"}]},{"@type":"WebSite","@id":"https:\/\/great-artmag.com\/en\/#website","url":"https:\/\/great-artmag.com\/en\/","name":"Great ArtMag","description":"Le Magazine des H\u00e9donistes","publisher":{"@id":"https:\/\/great-artmag.com\/en\/#organization"},"potentialAction":[{"@type":"SearchAction","target":{"@type":"EntryPoint","urlTemplate":"https:\/\/great-artmag.com\/en\/?s={search_term_string}"},"query-input":{"@type":"PropertyValueSpecification","valueRequired":true,"valueName":"search_term_string"}}],"inLanguage":"en-US"},{"@type":"Organization","@id":"https:\/\/great-artmag.com\/en\/#organization","name":"GREAT ARTMAG","url":"https:\/\/great-artmag.com\/en\/","logo":{"@type":"ImageObject","inLanguage":"en-US","@id":"https:\/\/great-artmag.com\/en\/#\/schema\/logo\/image\/","url":"https:\/\/great-artmag.com\/wp-content\/uploads\/2024\/07\/IMG_5403.jpg","contentUrl":"https:\/\/great-artmag.com\/wp-content\/uploads\/2024\/07\/IMG_5403.jpg","width":860,"height":368,"caption":"GREAT ARTMAG"},"image":{"@id":"https:\/\/great-artmag.com\/en\/#\/schema\/logo\/image\/"},"sameAs":["https:\/\/www.instagram.com\/great_artmag"]},{"@type":"Person","@id":"https:\/\/great-artmag.com\/en\/#\/schema\/person\/07a768635fe6f6d87951dc8ae985eeda","name":"Alexia Gugg\u00e9mos","url":"https:\/\/great-artmag.com\/en\/author\/admin5782\/"}]}},"amp_enabled":true,"_links":{"self":[{"href":"https:\/\/great-artmag.com\/en\/wp-json\/wp\/v2\/posts\/4420","targetHints":{"allow":["GET"]}}],"collection":[{"href":"https:\/\/great-artmag.com\/en\/wp-json\/wp\/v2\/posts"}],"about":[{"href":"https:\/\/great-artmag.com\/en\/wp-json\/wp\/v2\/types\/post"}],"author":[{"embeddable":true,"href":"https:\/\/great-artmag.com\/en\/wp-json\/wp\/v2\/users\/1"}],"replies":[{"embeddable":true,"href":"https:\/\/great-artmag.com\/en\/wp-json\/wp\/v2\/comments?post=4420"}],"version-history":[{"count":0,"href":"https:\/\/great-artmag.com\/en\/wp-json\/wp\/v2\/posts\/4420\/revisions"}],"wp:featuredmedia":[{"embeddable":true,"href":"https:\/\/great-artmag.com\/en\/wp-json\/wp\/v2\/media\/4421"}],"wp:attachment":[{"href":"https:\/\/great-artmag.com\/en\/wp-json\/wp\/v2\/media?parent=4420"}],"wp:term":[{"taxonomy":"category","embeddable":true,"href":"https:\/\/great-artmag.com\/en\/wp-json\/wp\/v2\/categories?post=4420"},{"taxonomy":"post_tag","embeddable":true,"href":"https:\/\/great-artmag.com\/en\/wp-json\/wp\/v2\/tags?post=4420"}],"curies":[{"name":"wp","href":"https:\/\/api.w.org\/{rel}","templated":true}]}}