{"id":4673,"date":"2025-02-12T10:56:14","date_gmt":"2025-02-12T09:56:14","guid":{"rendered":"https:\/\/great-artmag.com\/?p=4673"},"modified":"2025-02-12T12:09:21","modified_gmt":"2025-02-12T11:09:21","slug":"masque-exposition-mascarades-fondation-du-doute-2025","status":"publish","type":"post","link":"https:\/\/great-artmag.com\/en\/masque-exposition-mascarades-fondation-du-doute-2025\/","title":{"rendered":"Le masque et l\u2019autre : L\u2019exposition Mascara.des \u00e0 la Fondation du doute"},"content":{"rendered":"<p><strong>L\u2019exposition Mascara.des, pr\u00e9sent\u00e9e \u00e0 la Fondation du Doute \u00e0 Blois, s\u2019attaque \u00e0 une question ancestrale et pourtant toujours d\u2019actualit\u00e9 : qu\u2019est-ce qu\u2019un masque ? Simple artifice de dissimulation, r\u00e9v\u00e9lateur d\u2019une identit\u00e9 cach\u00e9e ou construction sociale de soi ? Les six artistes rassembl\u00e9s ici explorent la pluralit\u00e9 du masque sous toutes ses formes, interrogeant ce qui se joue entre l\u2019apparence et l\u2019\u00eatre, entre le collectif et l\u2019individuel. Jusqu\u2019au 31 mai.<\/strong><\/p>\n<p>\u00ab <em>On nous intime souvent l&#8217;ordre d&#8217;\u00eatre authentique. Qu&#8217;est-ce que le vrai aujourd&#8217;hui ?<\/em> \u00bb, s&#8217;interroge Gilles Rion, directeur de la fondation du doute \u00e0 l&#8217;origine de l&#8217;exposition. Le masque est au c\u0153ur de l\u2019anthropologie et de la philosophie. Il est cet objet paradoxal qui, tout en recouvrant un visage, en r\u00e9v\u00e8le une v\u00e9rit\u00e9 autrement inaccessible. Comme l\u2019\u00e9crivait Claude L\u00e9vi-Strauss : \u00ab <em>Le masque ne cache pas, il r\u00e9v\u00e8le.<\/em> \u00bb L\u2019exposition Mascara.des propose une immersion dans cette dialectique \u00e0 travers des \u0153uvres qui, loin de s\u2019en tenir \u00e0 une simple iconographie du masque, s\u2019attachent \u00e0 montrer son r\u00f4le fondamental dans nos existences.<\/p>\n<h4>Le corps social et la m\u00e9tamorphose<\/h4>\n<p>St\u00e9phane Goldrajch envisage la cr\u00e9ation comme un corps social. Son \u0153uvre participative mat\u00e9rialise cette vision : constitu\u00e9 de morceaux de crochets noir et blanc, un bonhomme en costume accueille le visiteur. Derri\u00e8re lui, un paysage fait d&#8217;aquarelles et de visages tiss\u00e9s au crochet. \u00ab<em> Lors de mon voyage<\/em> a<em>u Japon, au fur et \u00e0 mesure que je me d\u00e9pla\u00e7ais et rencontrais des gens, une identit\u00e9 s&#8217;est cr\u00e9\u00e9 autour de ce personnage<\/em> \u00bb, raconte l&#8217;artiste. Aux passants, il leur demande : Quel est votre Y\u014dkai pr\u00e9f\u00e9r\u00e9 ? Dans l&#8217;imaginaire japonais, les Y\u014dkai sont des esprits ou des cr\u00e9atures hybrides dot\u00e9es de pouvoirs surnaturels. Goldrajch construit ainsi une l\u00e9gende. Ici, le masque n\u2019est pas un simple objet pos\u00e9 sur un visage, mais une construction collective qui donne corps \u00e0 une identit\u00e9 mouvante. Il rappelle que le masque est toujours le produit d\u2019un \u00e9change, d\u2019un dialogue, d\u2019un rite social. Cette id\u00e9e rejoint celle du philosophe Ernst Cassirer, pour qui \u00ab <em>l\u2019homme est un animal symbolique<\/em> \u00bb, cr\u00e9ant sans cesse des formes pour exprimer son rapport au monde. Le masque, en tant que m\u00e9diateur entre l\u2019individu et le groupe, est une de ces formes fondamentales.<\/p>\n<h5><span style=\"color: var(--td_text_color, #111111); font-family: var(--td_default_google_font_2, 'Roboto', sans-serif);\"><img decoding=\"async\" class=\" wp-image-4681 alignleft\" src=\"https:\/\/great-artmag.com\/wp-content\/uploads\/2025\/02\/mascarades-messieurs-delmotte.jpg\" alt=\"\" width=\"350\" height=\"465\" srcset=\"https:\/\/great-artmag.com\/wp-content\/uploads\/2025\/02\/mascarades-messieurs-delmotte.jpg 954w, https:\/\/great-artmag.com\/wp-content\/uploads\/2025\/02\/mascarades-messieurs-delmotte-226x300.jpg 226w, https:\/\/great-artmag.com\/wp-content\/uploads\/2025\/02\/mascarades-messieurs-delmotte-770x1024.jpg 770w, https:\/\/great-artmag.com\/wp-content\/uploads\/2025\/02\/mascarades-messieurs-delmotte-768x1021.jpg 768w, https:\/\/great-artmag.com\/wp-content\/uploads\/2025\/02\/mascarades-messieurs-delmotte-316x420.jpg 316w, https:\/\/great-artmag.com\/wp-content\/uploads\/2025\/02\/mascarades-messieurs-delmotte-696x925.jpg 696w\" sizes=\"(max-width: 350px) 100vw, 350px\" \/>L\u2019alt\u00e9rit\u00e9 et le jeu de l\u2019identit\u00e9<\/span><\/h5>\n<p>Avec ses autoportraits, Messieurs Delmotte se place dans une interrogation directe sur le rapport entre identit\u00e9 et alt\u00e9rit\u00e9. Son visage bard\u00e9 de tranches de lard ou grim\u00e9 en clone d\u2019Andy Warhol exprime un questionnement fondamental : si nous sommes constamment en train de performer notre identit\u00e9, qui sommes-nous vraiment ? L\u2019artiste semble mettre en sc\u00e8ne la c\u00e9l\u00e8bre formule de Rimbaud : \u00ab <em>Je est un autre.<\/em> \u00bb Derri\u00e8re chaque masque, il y a un autre masque. Une autre version de soi. Une multiplicit\u00e9 de facettes qui, loin de brouiller l\u2019identit\u00e9, en r\u00e9v\u00e8lent la complexit\u00e9. Le masque n\u2019est plus ici un simple objet de dissimulation, mais un instrument d\u2019exploration, un r\u00e9v\u00e9lateur du soi par l\u2019alt\u00e9rit\u00e9. Sommes-nous la somme monstrueuse de tous nos personnages ? En nous multipliant, nous diffractons-nous au point de perdre toute unit\u00e9 ? Dans le corpus de Dominique Th\u00e9ate, le catcheur, figure masqu\u00e9e par excellence, incarne cette tension entre le r\u00f4le social et l\u2019\u00eatre int\u00e9rieur. Il n\u2019existe qu\u2019\u00e0 travers une mise en sc\u00e8ne, un personnage, une identit\u00e9 performative.<\/p>\n<h4><img decoding=\"async\" class=\" wp-image-4683 alignleft\" src=\"https:\/\/great-artmag.com\/wp-content\/uploads\/2025\/02\/mascarades-freger.jpg\" alt=\"\" width=\"350\" height=\"459\" srcset=\"https:\/\/great-artmag.com\/wp-content\/uploads\/2025\/02\/mascarades-freger.jpg 680w, https:\/\/great-artmag.com\/wp-content\/uploads\/2025\/02\/mascarades-freger-229x300.jpg 229w, https:\/\/great-artmag.com\/wp-content\/uploads\/2025\/02\/mascarades-freger-320x420.jpg 320w\" sizes=\"(max-width: 350px) 100vw, 350px\" \/>Mascarades et m\u00e9moires collectives<\/h4>\n<p>Charles Fr\u00e9ger, avec sa s\u00e9rie <em>Cimarron<\/em>, met en lumi\u00e8re les mascarades des descendants d\u2019esclaves africains. Ici, le masque devient porteur de m\u00e9moire. Entre maquillage, parures et dissimulations, il est un vecteur d\u2019identit\u00e9 collective. Il ne s\u2019agit plus seulement d\u2019un jeu d\u2019individualit\u00e9, mais d\u2019une inscription dans l\u2019histoire, dans le rituel, dans la transmission. Cette dimension rituelle du masque rejoint la pens\u00e9e de Roger Caillois : \u00ab <em>Le masque n\u2019est jamais neutre ; il est toujours sacr\u00e9.<\/em> \u00bb Qu\u2019il soit carnavalesque, th\u00e9\u00e2tral ou religieux, il engage celui qui le porte dans une transformation qui le d\u00e9passe. En endossant le masque, l\u2019individu acc\u00e8de \u00e0 une autre r\u00e9alit\u00e9, il incarne une autre existence, un autre temps. Issu d&#8217;une famille de cirque, Romuald Jandolo, de son c\u00f4t\u00e9, d\u00e9tourne cette sacralit\u00e9 par une inversion carnavalesque. En s\u2019inspirant des figures embl\u00e9matiques Ku Klux Klan, l&#8217;artiste met en tension l\u2019histoire du masque comme outil de domination et son pouvoir de subversion. L\u2019ambivalence du masque est ici pleinement assum\u00e9e : il peut \u00eatre un instrument de lib\u00e9ration autant qu\u2019un moyen d\u2019oppression.<\/p>\n<h4>L\u2019image du r\u00e9el et son double<\/h4>\n<p>Enfin, Aurore-Caroline Marty joue avec l\u2019id\u00e9e du double en puisant dans sa &#8220;kitschotech&#8221;. Sa pantoufle de verre, fa\u00e7onn\u00e9e artisanalement, n\u2019est pas qu\u2019un simple objet f\u00e9erique : elle cr\u00e9e un d\u00e9cor et questionne la mani\u00e8re dont nous construisons nos repr\u00e9sentations du merveilleux et de l\u2019identit\u00e9. Qu\u2019est-ce qu\u2019un masque sinon une construction imaginaire qui nous donne acc\u00e8s \u00e0 une autre version de nous-m\u00eames ? Comme le disait Carl Gustav Jung : \u00ab <em>L\u2019homme porte tant de masques qu\u2019il risque d\u2019oublier lequel est le sien.<\/em> \u00bb L\u2019exposition Mascara.des ne propose pas seulement une r\u00e9flexion sur l\u2019art du masque, elle interroge notre rapport au monde, aux autres et \u00e0 nous-m\u00eames. L&#8217;exposition Mascara.des est une travers\u00e9e de l\u2019identit\u00e9 \u00e0 travers ses multiples jeux de reflets. Loin d\u2019\u00eatre un simple accessoire, le masque appara\u00eet ici comme un \u00e9l\u00e9ment fondamental de notre rapport au monde : il est un espace de transformation, un seuil entre l\u2019individu et le collectif, un outil de m\u00e9moire et d\u2019exploration. L&#8217;exposition rappelle, avec justesse et pertinence, que nous sommes tous des \u00eatres masqu\u00e9s, en perp\u00e9tuelle construction, naviguant entre notre image sociale et nos identit\u00e9s int\u00e9rieures. Le masque n\u2019est pas un mensonge ; il est une v\u00e9rit\u00e9 en mouvement. Un moyen de se perdre pour mieux se retrouver.<\/p>\n<p><a href=\"https:\/\/www.fondationdudoute.fr\/exposition\/35\/1637-les-expositions-temporaires.htm\">fondationdudoute.fr<\/a><\/p>\n","protected":false},"excerpt":{"rendered":"<p>L\u2019exposition Mascara.des, pr\u00e9sent\u00e9e \u00e0 la Fondation du Doute \u00e0 Blois, s\u2019attaque \u00e0 une question ancestrale et pourtant toujours d\u2019actualit\u00e9 : qu\u2019est-ce qu\u2019un masque ? Simple artifice de dissimulation, r\u00e9v\u00e9lateur d\u2019une identit\u00e9 cach\u00e9e ou construction sociale de soi ? Les six artistes rassembl\u00e9s ici explorent la pluralit\u00e9 du masque sous toutes ses formes, interrogeant ce qui [&hellip;]<\/p>\n","protected":false},"author":1,"featured_media":4675,"comment_status":"open","ping_status":"closed","sticky":false,"template":"","format":"standard","meta":{"inline_featured_image":false,"tdm_status":"","tdm_grid_status":"","footnotes":""},"categories":[1163],"tags":[],"class_list":{"0":"post-4673","1":"post","2":"type-post","3":"status-publish","4":"format-standard","5":"has-post-thumbnail","7":"category-exposition"},"yoast_head":"<!-- This site is optimized with the Yoast SEO plugin v27.5 - https:\/\/yoast.com\/product\/yoast-seo-wordpress\/ -->\n<title>Le masque et l\u2019autre : L\u2019exposition Mascara.des \u00e0 la Fondation du doute - GREAT-ARTMAG<\/title>\n<meta name=\"description\" content=\"L\u2019exposition Mascara.des, pr\u00e9sent\u00e9e \u00e0 la Fondation du Doute \u00e0 Blois, s\u2019attaque \u00e0 une question ancestrale et pourtant toujours d\u2019actualit\u00e9 : qu\u2019est-ce qu\u2019un masque ? Simple artifice de dissimulation, r\u00e9v\u00e9lateur d\u2019une identit\u00e9 cach\u00e9e ou construction sociale de soi ? Les six artistes rassembl\u00e9s ici explorent la pluralit\u00e9 du masque sous toutes ses formes, interrogeant ce qui se joue entre l\u2019apparence et l\u2019\u00eatre, entre le collectif et l\u2019individuel.\" \/>\n<meta name=\"robots\" content=\"index, follow, max-snippet:-1, max-image-preview:large, max-video-preview:-1\" \/>\n<link rel=\"canonical\" href=\"https:\/\/great-artmag.com\/en\/masque-exposition-mascarades-fondation-du-doute-2025\/\" \/>\n<meta property=\"og:locale\" content=\"en_US\" \/>\n<meta property=\"og:type\" content=\"article\" \/>\n<meta property=\"og:title\" content=\"Le masque et l\u2019autre : L\u2019exposition Mascara.des \u00e0 la Fondation du doute - GREAT-ARTMAG\" \/>\n<meta property=\"og:description\" content=\"L\u2019exposition Mascara.des, pr\u00e9sent\u00e9e \u00e0 la Fondation du Doute \u00e0 Blois, s\u2019attaque \u00e0 une question ancestrale et pourtant toujours d\u2019actualit\u00e9 : qu\u2019est-ce qu\u2019un masque ? Simple artifice de dissimulation, r\u00e9v\u00e9lateur d\u2019une identit\u00e9 cach\u00e9e ou construction sociale de soi ? Les six artistes rassembl\u00e9s ici explorent la pluralit\u00e9 du masque sous toutes ses formes, interrogeant ce qui se joue entre l\u2019apparence et l\u2019\u00eatre, entre le collectif et l\u2019individuel.\" \/>\n<meta property=\"og:url\" content=\"https:\/\/great-artmag.com\/en\/masque-exposition-mascarades-fondation-du-doute-2025\/\" \/>\n<meta property=\"og:site_name\" content=\"GREAT-ARTMAG\" \/>\n<meta property=\"article:published_time\" content=\"2025-02-12T09:56:14+00:00\" \/>\n<meta property=\"article:modified_time\" content=\"2025-02-12T11:09:21+00:00\" \/>\n<meta property=\"og:image\" content=\"https:\/\/great-artmag.com\/wp-content\/uploads\/2025\/02\/mascarades-goldrajch.jpg\" \/>\n\t<meta property=\"og:image:width\" content=\"2008\" \/>\n\t<meta property=\"og:image:height\" content=\"1340\" \/>\n\t<meta property=\"og:image:type\" content=\"image\/jpeg\" \/>\n<meta name=\"author\" content=\"Alexia Gugg\u00e9mos\" \/>\n<meta name=\"twitter:card\" content=\"summary_large_image\" \/>\n<meta name=\"twitter:label1\" content=\"Written by\" \/>\n\t<meta name=\"twitter:data1\" content=\"Alexia Gugg\u00e9mos\" \/>\n\t<meta name=\"twitter:label2\" content=\"Est. reading time\" \/>\n\t<meta name=\"twitter:data2\" content=\"6 minutes\" \/>\n<script type=\"application\/ld+json\" class=\"yoast-schema-graph\">{\"@context\":\"https:\\\/\\\/schema.org\",\"@graph\":[{\"@type\":\"Article\",\"@id\":\"https:\\\/\\\/great-artmag.com\\\/en\\\/masque-exposition-mascarades-fondation-du-doute-2025\\\/#article\",\"isPartOf\":{\"@id\":\"https:\\\/\\\/great-artmag.com\\\/en\\\/masque-exposition-mascarades-fondation-du-doute-2025\\\/\"},\"author\":{\"name\":\"Alexia Gugg\u00e9mos\",\"@id\":\"https:\\\/\\\/great-artmag.com\\\/en\\\/#\\\/schema\\\/person\\\/07a768635fe6f6d87951dc8ae985eeda\"},\"headline\":\"Le masque et l\u2019autre : L\u2019exposition Mascara.des \u00e0 la Fondation du doute\",\"datePublished\":\"2025-02-12T09:56:14+00:00\",\"dateModified\":\"2025-02-12T11:09:21+00:00\",\"mainEntityOfPage\":{\"@id\":\"https:\\\/\\\/great-artmag.com\\\/en\\\/masque-exposition-mascarades-fondation-du-doute-2025\\\/\"},\"wordCount\":1064,\"commentCount\":0,\"publisher\":{\"@id\":\"https:\\\/\\\/great-artmag.com\\\/en\\\/#organization\"},\"image\":{\"@id\":\"https:\\\/\\\/great-artmag.com\\\/en\\\/masque-exposition-mascarades-fondation-du-doute-2025\\\/#primaryimage\"},\"thumbnailUrl\":\"https:\\\/\\\/great-artmag.com\\\/wp-content\\\/uploads\\\/2025\\\/02\\\/mascarades-goldrajch.jpg\",\"articleSection\":[\"EXPOSITIONS\"],\"inLanguage\":\"en-US\",\"potentialAction\":[{\"@type\":\"CommentAction\",\"name\":\"Comment\",\"target\":[\"https:\\\/\\\/great-artmag.com\\\/en\\\/masque-exposition-mascarades-fondation-du-doute-2025\\\/#respond\"]}]},{\"@type\":\"WebPage\",\"@id\":\"https:\\\/\\\/great-artmag.com\\\/en\\\/masque-exposition-mascarades-fondation-du-doute-2025\\\/\",\"url\":\"https:\\\/\\\/great-artmag.com\\\/en\\\/masque-exposition-mascarades-fondation-du-doute-2025\\\/\",\"name\":\"Le masque et l\u2019autre : L\u2019exposition Mascara.des \u00e0 la Fondation du doute - GREAT-ARTMAG\",\"isPartOf\":{\"@id\":\"https:\\\/\\\/great-artmag.com\\\/en\\\/#website\"},\"primaryImageOfPage\":{\"@id\":\"https:\\\/\\\/great-artmag.com\\\/en\\\/masque-exposition-mascarades-fondation-du-doute-2025\\\/#primaryimage\"},\"image\":{\"@id\":\"https:\\\/\\\/great-artmag.com\\\/en\\\/masque-exposition-mascarades-fondation-du-doute-2025\\\/#primaryimage\"},\"thumbnailUrl\":\"https:\\\/\\\/great-artmag.com\\\/wp-content\\\/uploads\\\/2025\\\/02\\\/mascarades-goldrajch.jpg\",\"datePublished\":\"2025-02-12T09:56:14+00:00\",\"dateModified\":\"2025-02-12T11:09:21+00:00\",\"description\":\"L\u2019exposition Mascara.des, pr\u00e9sent\u00e9e \u00e0 la Fondation du Doute \u00e0 Blois, s\u2019attaque \u00e0 une question ancestrale et pourtant toujours d\u2019actualit\u00e9 : qu\u2019est-ce qu\u2019un masque ? Simple artifice de dissimulation, r\u00e9v\u00e9lateur d\u2019une identit\u00e9 cach\u00e9e ou construction sociale de soi ? Les six artistes rassembl\u00e9s ici explorent la pluralit\u00e9 du masque sous toutes ses formes, interrogeant ce qui se joue entre l\u2019apparence et l\u2019\u00eatre, entre le collectif et l\u2019individuel.\",\"breadcrumb\":{\"@id\":\"https:\\\/\\\/great-artmag.com\\\/en\\\/masque-exposition-mascarades-fondation-du-doute-2025\\\/#breadcrumb\"},\"inLanguage\":\"en-US\",\"potentialAction\":[{\"@type\":\"ReadAction\",\"target\":[\"https:\\\/\\\/great-artmag.com\\\/en\\\/masque-exposition-mascarades-fondation-du-doute-2025\\\/\"]}]},{\"@type\":\"ImageObject\",\"inLanguage\":\"en-US\",\"@id\":\"https:\\\/\\\/great-artmag.com\\\/en\\\/masque-exposition-mascarades-fondation-du-doute-2025\\\/#primaryimage\",\"url\":\"https:\\\/\\\/great-artmag.com\\\/wp-content\\\/uploads\\\/2025\\\/02\\\/mascarades-goldrajch.jpg\",\"contentUrl\":\"https:\\\/\\\/great-artmag.com\\\/wp-content\\\/uploads\\\/2025\\\/02\\\/mascarades-goldrajch.jpg\",\"width\":2008,\"height\":1340},{\"@type\":\"BreadcrumbList\",\"@id\":\"https:\\\/\\\/great-artmag.com\\\/en\\\/masque-exposition-mascarades-fondation-du-doute-2025\\\/#breadcrumb\",\"itemListElement\":[{\"@type\":\"ListItem\",\"position\":1,\"name\":\"Accueil\",\"item\":\"https:\\\/\\\/great-artmag.com\\\/en\\\/\"},{\"@type\":\"ListItem\",\"position\":2,\"name\":\"Le masque et l\u2019autre : L\u2019exposition Mascara.des \u00e0 la Fondation du doute\"}]},{\"@type\":\"WebSite\",\"@id\":\"https:\\\/\\\/great-artmag.com\\\/en\\\/#website\",\"url\":\"https:\\\/\\\/great-artmag.com\\\/en\\\/\",\"name\":\"Great ArtMag\",\"description\":\"Le Magazine des H\u00e9donistes\",\"publisher\":{\"@id\":\"https:\\\/\\\/great-artmag.com\\\/en\\\/#organization\"},\"potentialAction\":[{\"@type\":\"SearchAction\",\"target\":{\"@type\":\"EntryPoint\",\"urlTemplate\":\"https:\\\/\\\/great-artmag.com\\\/en\\\/?s={search_term_string}\"},\"query-input\":{\"@type\":\"PropertyValueSpecification\",\"valueRequired\":true,\"valueName\":\"search_term_string\"}}],\"inLanguage\":\"en-US\"},{\"@type\":\"Organization\",\"@id\":\"https:\\\/\\\/great-artmag.com\\\/en\\\/#organization\",\"name\":\"GREAT ARTMAG\",\"url\":\"https:\\\/\\\/great-artmag.com\\\/en\\\/\",\"logo\":{\"@type\":\"ImageObject\",\"inLanguage\":\"en-US\",\"@id\":\"https:\\\/\\\/great-artmag.com\\\/en\\\/#\\\/schema\\\/logo\\\/image\\\/\",\"url\":\"https:\\\/\\\/great-artmag.com\\\/wp-content\\\/uploads\\\/2024\\\/07\\\/IMG_5403.jpg\",\"contentUrl\":\"https:\\\/\\\/great-artmag.com\\\/wp-content\\\/uploads\\\/2024\\\/07\\\/IMG_5403.jpg\",\"width\":860,\"height\":368,\"caption\":\"GREAT ARTMAG\"},\"image\":{\"@id\":\"https:\\\/\\\/great-artmag.com\\\/en\\\/#\\\/schema\\\/logo\\\/image\\\/\"},\"sameAs\":[\"https:\\\/\\\/www.instagram.com\\\/great_artmag\"]},{\"@type\":\"Person\",\"@id\":\"https:\\\/\\\/great-artmag.com\\\/en\\\/#\\\/schema\\\/person\\\/07a768635fe6f6d87951dc8ae985eeda\",\"name\":\"Alexia Gugg\u00e9mos\",\"url\":\"https:\\\/\\\/great-artmag.com\\\/en\\\/author\\\/admin5782\\\/\"}]}<\/script>\n<!-- \/ Yoast SEO plugin. -->","yoast_head_json":{"title":"Le masque et l\u2019autre : L\u2019exposition Mascara.des \u00e0 la Fondation du doute - GREAT-ARTMAG","description":"L\u2019exposition Mascara.des, pr\u00e9sent\u00e9e \u00e0 la Fondation du Doute \u00e0 Blois, s\u2019attaque \u00e0 une question ancestrale et pourtant toujours d\u2019actualit\u00e9 : qu\u2019est-ce qu\u2019un masque ? Simple artifice de dissimulation, r\u00e9v\u00e9lateur d\u2019une identit\u00e9 cach\u00e9e ou construction sociale de soi ? Les six artistes rassembl\u00e9s ici explorent la pluralit\u00e9 du masque sous toutes ses formes, interrogeant ce qui se joue entre l\u2019apparence et l\u2019\u00eatre, entre le collectif et l\u2019individuel.","robots":{"index":"index","follow":"follow","max-snippet":"max-snippet:-1","max-image-preview":"max-image-preview:large","max-video-preview":"max-video-preview:-1"},"canonical":"https:\/\/great-artmag.com\/en\/masque-exposition-mascarades-fondation-du-doute-2025\/","og_locale":"en_US","og_type":"article","og_title":"Le masque et l\u2019autre : L\u2019exposition Mascara.des \u00e0 la Fondation du doute - GREAT-ARTMAG","og_description":"L\u2019exposition Mascara.des, pr\u00e9sent\u00e9e \u00e0 la Fondation du Doute \u00e0 Blois, s\u2019attaque \u00e0 une question ancestrale et pourtant toujours d\u2019actualit\u00e9 : qu\u2019est-ce qu\u2019un masque ? Simple artifice de dissimulation, r\u00e9v\u00e9lateur d\u2019une identit\u00e9 cach\u00e9e ou construction sociale de soi ? Les six artistes rassembl\u00e9s ici explorent la pluralit\u00e9 du masque sous toutes ses formes, interrogeant ce qui se joue entre l\u2019apparence et l\u2019\u00eatre, entre le collectif et l\u2019individuel.","og_url":"https:\/\/great-artmag.com\/en\/masque-exposition-mascarades-fondation-du-doute-2025\/","og_site_name":"GREAT-ARTMAG","article_published_time":"2025-02-12T09:56:14+00:00","article_modified_time":"2025-02-12T11:09:21+00:00","og_image":[{"width":2008,"height":1340,"url":"https:\/\/great-artmag.com\/wp-content\/uploads\/2025\/02\/mascarades-goldrajch.jpg","type":"image\/jpeg"}],"author":"Alexia Gugg\u00e9mos","twitter_card":"summary_large_image","twitter_misc":{"Written by":"Alexia Gugg\u00e9mos","Est. reading time":"6 minutes"},"schema":{"@context":"https:\/\/schema.org","@graph":[{"@type":"Article","@id":"https:\/\/great-artmag.com\/en\/masque-exposition-mascarades-fondation-du-doute-2025\/#article","isPartOf":{"@id":"https:\/\/great-artmag.com\/en\/masque-exposition-mascarades-fondation-du-doute-2025\/"},"author":{"name":"Alexia Gugg\u00e9mos","@id":"https:\/\/great-artmag.com\/en\/#\/schema\/person\/07a768635fe6f6d87951dc8ae985eeda"},"headline":"Le masque et l\u2019autre : L\u2019exposition Mascara.des \u00e0 la Fondation du doute","datePublished":"2025-02-12T09:56:14+00:00","dateModified":"2025-02-12T11:09:21+00:00","mainEntityOfPage":{"@id":"https:\/\/great-artmag.com\/en\/masque-exposition-mascarades-fondation-du-doute-2025\/"},"wordCount":1064,"commentCount":0,"publisher":{"@id":"https:\/\/great-artmag.com\/en\/#organization"},"image":{"@id":"https:\/\/great-artmag.com\/en\/masque-exposition-mascarades-fondation-du-doute-2025\/#primaryimage"},"thumbnailUrl":"https:\/\/great-artmag.com\/wp-content\/uploads\/2025\/02\/mascarades-goldrajch.jpg","articleSection":["EXPOSITIONS"],"inLanguage":"en-US","potentialAction":[{"@type":"CommentAction","name":"Comment","target":["https:\/\/great-artmag.com\/en\/masque-exposition-mascarades-fondation-du-doute-2025\/#respond"]}]},{"@type":"WebPage","@id":"https:\/\/great-artmag.com\/en\/masque-exposition-mascarades-fondation-du-doute-2025\/","url":"https:\/\/great-artmag.com\/en\/masque-exposition-mascarades-fondation-du-doute-2025\/","name":"Le masque et l\u2019autre : L\u2019exposition Mascara.des \u00e0 la Fondation du doute - GREAT-ARTMAG","isPartOf":{"@id":"https:\/\/great-artmag.com\/en\/#website"},"primaryImageOfPage":{"@id":"https:\/\/great-artmag.com\/en\/masque-exposition-mascarades-fondation-du-doute-2025\/#primaryimage"},"image":{"@id":"https:\/\/great-artmag.com\/en\/masque-exposition-mascarades-fondation-du-doute-2025\/#primaryimage"},"thumbnailUrl":"https:\/\/great-artmag.com\/wp-content\/uploads\/2025\/02\/mascarades-goldrajch.jpg","datePublished":"2025-02-12T09:56:14+00:00","dateModified":"2025-02-12T11:09:21+00:00","description":"L\u2019exposition Mascara.des, pr\u00e9sent\u00e9e \u00e0 la Fondation du Doute \u00e0 Blois, s\u2019attaque \u00e0 une question ancestrale et pourtant toujours d\u2019actualit\u00e9 : qu\u2019est-ce qu\u2019un masque ? Simple artifice de dissimulation, r\u00e9v\u00e9lateur d\u2019une identit\u00e9 cach\u00e9e ou construction sociale de soi ? Les six artistes rassembl\u00e9s ici explorent la pluralit\u00e9 du masque sous toutes ses formes, interrogeant ce qui se joue entre l\u2019apparence et l\u2019\u00eatre, entre le collectif et l\u2019individuel.","breadcrumb":{"@id":"https:\/\/great-artmag.com\/en\/masque-exposition-mascarades-fondation-du-doute-2025\/#breadcrumb"},"inLanguage":"en-US","potentialAction":[{"@type":"ReadAction","target":["https:\/\/great-artmag.com\/en\/masque-exposition-mascarades-fondation-du-doute-2025\/"]}]},{"@type":"ImageObject","inLanguage":"en-US","@id":"https:\/\/great-artmag.com\/en\/masque-exposition-mascarades-fondation-du-doute-2025\/#primaryimage","url":"https:\/\/great-artmag.com\/wp-content\/uploads\/2025\/02\/mascarades-goldrajch.jpg","contentUrl":"https:\/\/great-artmag.com\/wp-content\/uploads\/2025\/02\/mascarades-goldrajch.jpg","width":2008,"height":1340},{"@type":"BreadcrumbList","@id":"https:\/\/great-artmag.com\/en\/masque-exposition-mascarades-fondation-du-doute-2025\/#breadcrumb","itemListElement":[{"@type":"ListItem","position":1,"name":"Accueil","item":"https:\/\/great-artmag.com\/en\/"},{"@type":"ListItem","position":2,"name":"Le masque et l\u2019autre : L\u2019exposition Mascara.des \u00e0 la Fondation du doute"}]},{"@type":"WebSite","@id":"https:\/\/great-artmag.com\/en\/#website","url":"https:\/\/great-artmag.com\/en\/","name":"Great ArtMag","description":"Le Magazine des H\u00e9donistes","publisher":{"@id":"https:\/\/great-artmag.com\/en\/#organization"},"potentialAction":[{"@type":"SearchAction","target":{"@type":"EntryPoint","urlTemplate":"https:\/\/great-artmag.com\/en\/?s={search_term_string}"},"query-input":{"@type":"PropertyValueSpecification","valueRequired":true,"valueName":"search_term_string"}}],"inLanguage":"en-US"},{"@type":"Organization","@id":"https:\/\/great-artmag.com\/en\/#organization","name":"GREAT ARTMAG","url":"https:\/\/great-artmag.com\/en\/","logo":{"@type":"ImageObject","inLanguage":"en-US","@id":"https:\/\/great-artmag.com\/en\/#\/schema\/logo\/image\/","url":"https:\/\/great-artmag.com\/wp-content\/uploads\/2024\/07\/IMG_5403.jpg","contentUrl":"https:\/\/great-artmag.com\/wp-content\/uploads\/2024\/07\/IMG_5403.jpg","width":860,"height":368,"caption":"GREAT ARTMAG"},"image":{"@id":"https:\/\/great-artmag.com\/en\/#\/schema\/logo\/image\/"},"sameAs":["https:\/\/www.instagram.com\/great_artmag"]},{"@type":"Person","@id":"https:\/\/great-artmag.com\/en\/#\/schema\/person\/07a768635fe6f6d87951dc8ae985eeda","name":"Alexia Gugg\u00e9mos","url":"https:\/\/great-artmag.com\/en\/author\/admin5782\/"}]}},"amp_enabled":true,"_links":{"self":[{"href":"https:\/\/great-artmag.com\/en\/wp-json\/wp\/v2\/posts\/4673","targetHints":{"allow":["GET"]}}],"collection":[{"href":"https:\/\/great-artmag.com\/en\/wp-json\/wp\/v2\/posts"}],"about":[{"href":"https:\/\/great-artmag.com\/en\/wp-json\/wp\/v2\/types\/post"}],"author":[{"embeddable":true,"href":"https:\/\/great-artmag.com\/en\/wp-json\/wp\/v2\/users\/1"}],"replies":[{"embeddable":true,"href":"https:\/\/great-artmag.com\/en\/wp-json\/wp\/v2\/comments?post=4673"}],"version-history":[{"count":0,"href":"https:\/\/great-artmag.com\/en\/wp-json\/wp\/v2\/posts\/4673\/revisions"}],"wp:featuredmedia":[{"embeddable":true,"href":"https:\/\/great-artmag.com\/en\/wp-json\/wp\/v2\/media\/4675"}],"wp:attachment":[{"href":"https:\/\/great-artmag.com\/en\/wp-json\/wp\/v2\/media?parent=4673"}],"wp:term":[{"taxonomy":"category","embeddable":true,"href":"https:\/\/great-artmag.com\/en\/wp-json\/wp\/v2\/categories?post=4673"},{"taxonomy":"post_tag","embeddable":true,"href":"https:\/\/great-artmag.com\/en\/wp-json\/wp\/v2\/tags?post=4673"}],"curies":[{"name":"wp","href":"https:\/\/api.w.org\/{rel}","templated":true}]}}