{"id":4826,"date":"2025-04-07T12:19:21","date_gmt":"2025-04-07T10:19:21","guid":{"rendered":"https:\/\/great-artmag.com\/?p=4826"},"modified":"2026-04-24T05:37:15","modified_gmt":"2026-04-24T03:37:15","slug":"kader-attia-au-louvre-une-performance-entre-memoire-intime-et-reparation-collective","status":"publish","type":"post","link":"https:\/\/great-artmag.com\/en\/kader-attia-au-louvre-une-performance-entre-memoire-intime-et-reparation-collective\/","title":{"rendered":"Kader Attia au Louvre"},"content":{"rendered":"<p class=\"\" data-start=\"135\" data-end=\"512\"><strong>Le Louvre a accueilli Kader Attia le 3 avril 2025 pour une performance singuli\u00e8re : une lecture intime, presque confidentielle, au c\u0153ur de l\u2019institution mus\u00e9ale. L\u2019artiste franco-alg\u00e9rien, n\u00e9 en 1970, y a d\u00e9roul\u00e9 le fil d\u2019une m\u00e9moire personnelle ancr\u00e9e entre Garges-l\u00e8s-Gonesse (Val-d&#8217;Oise) et l\u2019Alg\u00e9rie, livrant un r\u00e9cit fragment\u00e9, habit\u00e9 de silences, de blessures et de r\u00e9sistances.<\/strong><\/p>\n<p class=\"\" data-start=\"514\" data-end=\"819\">\u00c0 travers ses mots, Kader Attia ne se raconte pas seulement : il questionne. L\u2019identit\u00e9, la transmission, les fronti\u00e8res visibles et invisibles. Il explore cet <em data-start=\"672\" data-end=\"684\">entre-deux<\/em> \u2014 entre le conscient et l\u2019inconscient, entre les cultures, les langues, les corps et les r\u00e9cits \u2014 qui forme la matrice de sa cr\u00e9ation. Depuis plus d\u2019une d\u00e9cennie, l&#8217;artiste d\u00e9veloppe une r\u00e9flexion singuli\u00e8re sur la <em data-start=\"945\" data-end=\"957\">r\u00e9paration<\/em>, notion qu\u2019il \u00e9tend bien au-del\u00e0 du champ m\u00e9dical ou mat\u00e9riel. Il y voit une constante anthropologique, une r\u00e9ponse humaine aux blessures \u2014 coloniales, identitaires, culturelles \u2014 que les soci\u00e9t\u00e9s tentent de penser ou de panser. La performance du Louvre, tout en retenue, fait r\u00e9sonner cette obsession dans un lieu charg\u00e9 d\u2019histoire, et de symboles. Car que peut-on r\u00e9parer dans un mus\u00e9e, si ce n\u2019est le regard ?<\/p>\n<p class=\"\" data-start=\"1372\" data-end=\"1704\"><img decoding=\"async\" class=\" wp-image-4828 alignleft\" src=\"https:\/\/great-artmag.com\/wp-content\/uploads\/2025\/04\/attia-louvre-scaled.jpg\" alt=\"\" width=\"299\" height=\"403\" srcset=\"https:\/\/great-artmag.com\/wp-content\/uploads\/2025\/04\/attia-louvre-scaled.jpg 1901w, https:\/\/great-artmag.com\/wp-content\/uploads\/2025\/04\/attia-louvre-223x300.jpg 223w, https:\/\/great-artmag.com\/wp-content\/uploads\/2025\/04\/attia-louvre-760x1024.jpg 760w, https:\/\/great-artmag.com\/wp-content\/uploads\/2025\/04\/attia-louvre-768x1034.jpg 768w, https:\/\/great-artmag.com\/wp-content\/uploads\/2025\/04\/attia-louvre-1141x1536.jpg 1141w, https:\/\/great-artmag.com\/wp-content\/uploads\/2025\/04\/attia-louvre-1521x2048.jpg 1521w, https:\/\/great-artmag.com\/wp-content\/uploads\/2025\/04\/attia-louvre-312x420.jpg 312w, https:\/\/great-artmag.com\/wp-content\/uploads\/2025\/04\/attia-louvre-696x937.jpg 696w, https:\/\/great-artmag.com\/wp-content\/uploads\/2025\/04\/attia-louvre-1068x1438.jpg 1068w\" sizes=\"(max-width: 299px) 100vw, 299px\" \/>La disparition de certains mus\u00e9es dans des pays fragilis\u00e9s, \u00e9voqu\u00e9e au d\u00e9tour de la lecture, souligne l\u2019urgence de pr\u00e9server la m\u00e9moire collective. Kader Attia rappelle que la transmission ne passe pas seulement par les \u0153uvres mais aussi par les lieux, les contextes, les voix. Le mus\u00e9e devient alors espace politique autant que po\u00e9tique. Sans jamais tomber dans l\u2019invective, Attia glisse une critique du m\u00e9c\u00e9nat institutionnel, notamment celui des groupes p\u00e9troliers. Il invite \u00e0 repenser les alliances et les responsabilit\u00e9s, \u00e0 interroger les compromissions silencieuses du monde de l\u2019art. Une posture qui n&#8217;est pas sans cons\u00e9quences : elle expose au malentendu, aux r\u00e9cup\u00e9rations, \u00e0 la disqualification m\u00e9diatique. Mais elle s\u2019inscrit dans une longue tradition d\u2019artistes militants qui refusent l\u2019oubli.<\/p>\n<p class=\"\" data-start=\"2246\" data-end=\"2701\">Fondateur en 2016 de <em data-start=\"2267\" data-end=\"2279\">La Colonie<\/em>, espace aujourd\u2019hui ferm\u00e9, Kader Attia continue de porter la parole d\u2019un d\u00e9cloisonnement des savoirs. Sa d\u00e9marche transdisciplinaire, transculturelle et trans-g\u00e9n\u00e9rationnelle fait du lieu artistique un espace d&#8217;agora \u2014 aujourd\u2019hui nomade \u2014 o\u00f9 les h\u00e9ritages ab\u00eem\u00e9s peuvent \u00eatre pens\u00e9s \u00e0 nouveaux frais. Son travail appelle \u00e0 une d\u00e9colonisation des esprits : pas seulement de l\u2019histoire, mais des r\u00e9cits que nous en faisons.<\/p>\n<p class=\"\" data-start=\"2746\" data-end=\"3232\">Lors de la &#8220;performance&#8221; au Louvre, Kader Attia a \u00e9voqu\u00e9 l\u2019\u00e9tat d\u2019esprit cr\u00e9atif, celui qui surgit tard dans la nuit \u00e0 l\u2019atelier, quand l\u2019erreur devient mati\u00e8re. Il parle de ces traces, d\u00e9pos\u00e9es l\u00e0 par des milliards d\u2019\u00eatres humains avant nous, et qui nous traversent. La cr\u00e9ation, pour Attia, est une zone liminale, un lieu o\u00f9 le sensible pr\u00e9c\u00e8de le visible, o\u00f9 l\u2019\u0153uvre est d\u00e9j\u00e0 l\u00e0 avant d\u2019\u00eatre faite. C\u2019est un mouvement de d\u00e9saxement \u2014 un <em data-start=\"3170\" data-end=\"3180\">d\u00e9calage<\/em> \u2014 n\u00e9cessaire pour voir autrement, penser autrement.<\/p>\n","protected":false},"excerpt":{"rendered":"<p>Le Louvre a accueilli Kader Attia le 3 avril 2025 pour une performance singuli\u00e8re : une lecture intime, presque confidentielle, au c\u0153ur de l\u2019institution mus\u00e9ale. L\u2019artiste franco-alg\u00e9rien, n\u00e9 en 1970, y a d\u00e9roul\u00e9 le fil d\u2019une m\u00e9moire personnelle ancr\u00e9e entre Garges-l\u00e8s-Gonesse (Val-d&#8217;Oise) et l\u2019Alg\u00e9rie, livrant un r\u00e9cit fragment\u00e9, habit\u00e9 de silences, de blessures et de [&hellip;]<\/p>\n","protected":false},"author":1,"featured_media":4827,"comment_status":"closed","ping_status":"closed","sticky":false,"template":"","format":"standard","meta":{"inline_featured_image":false,"tdm_status":"","tdm_grid_status":"","footnotes":""},"categories":[1197],"tags":[],"class_list":{"0":"post-4826","1":"post","2":"type-post","3":"status-publish","4":"format-standard","5":"has-post-thumbnail","7":"category-portrait-artiste"},"yoast_head":"<!-- This site is optimized with the Yoast SEO plugin v27.5 - https:\/\/yoast.com\/product\/yoast-seo-wordpress\/ -->\n<title>Kader Attia au Louvre - GREAT-ARTMAG<\/title>\n<meta name=\"robots\" content=\"index, follow, max-snippet:-1, max-image-preview:large, max-video-preview:-1\" \/>\n<link rel=\"canonical\" href=\"https:\/\/great-artmag.com\/en\/kader-attia-au-louvre-une-performance-entre-memoire-intime-et-reparation-collective\/\" \/>\n<meta property=\"og:locale\" content=\"en_US\" \/>\n<meta property=\"og:type\" content=\"article\" \/>\n<meta property=\"og:title\" content=\"Kader Attia au Louvre - GREAT-ARTMAG\" \/>\n<meta property=\"og:description\" content=\"Le Louvre a accueilli Kader Attia le 3 avril 2025 pour une performance singuli\u00e8re : une lecture intime, presque confidentielle, au c\u0153ur de l\u2019institution mus\u00e9ale. L\u2019artiste franco-alg\u00e9rien, n\u00e9 en 1970, y a d\u00e9roul\u00e9 le fil d\u2019une m\u00e9moire personnelle ancr\u00e9e entre Garges-l\u00e8s-Gonesse (Val-d&#8217;Oise) et l\u2019Alg\u00e9rie, livrant un r\u00e9cit fragment\u00e9, habit\u00e9 de silences, de blessures et de [&hellip;]\" \/>\n<meta property=\"og:url\" content=\"https:\/\/great-artmag.com\/en\/kader-attia-au-louvre-une-performance-entre-memoire-intime-et-reparation-collective\/\" \/>\n<meta property=\"og:site_name\" content=\"GREAT-ARTMAG\" \/>\n<meta property=\"article:published_time\" content=\"2025-04-07T10:19:21+00:00\" \/>\n<meta property=\"article:modified_time\" content=\"2026-04-24T03:37:15+00:00\" \/>\n<meta property=\"og:image\" content=\"https:\/\/great-artmag.com\/wp-content\/uploads\/2025\/04\/kader-attia.png\" \/>\n\t<meta property=\"og:image:width\" content=\"1570\" \/>\n\t<meta property=\"og:image:height\" content=\"922\" \/>\n\t<meta property=\"og:image:type\" content=\"image\/png\" \/>\n<meta name=\"author\" content=\"Alexia Gugg\u00e9mos\" \/>\n<meta name=\"twitter:card\" content=\"summary_large_image\" \/>\n<meta name=\"twitter:label1\" content=\"Written by\" \/>\n\t<meta name=\"twitter:data1\" content=\"Alexia Gugg\u00e9mos\" \/>\n\t<meta name=\"twitter:label2\" content=\"Est. reading time\" \/>\n\t<meta name=\"twitter:data2\" content=\"3 minutes\" \/>\n<script type=\"application\/ld+json\" class=\"yoast-schema-graph\">{\"@context\":\"https:\\\/\\\/schema.org\",\"@graph\":[{\"@type\":\"Article\",\"@id\":\"https:\\\/\\\/great-artmag.com\\\/en\\\/kader-attia-au-louvre-une-performance-entre-memoire-intime-et-reparation-collective\\\/#article\",\"isPartOf\":{\"@id\":\"https:\\\/\\\/great-artmag.com\\\/en\\\/kader-attia-au-louvre-une-performance-entre-memoire-intime-et-reparation-collective\\\/\"},\"author\":{\"name\":\"Alexia Gugg\u00e9mos\",\"@id\":\"https:\\\/\\\/great-artmag.com\\\/en\\\/#\\\/schema\\\/person\\\/07a768635fe6f6d87951dc8ae985eeda\"},\"headline\":\"Kader Attia au Louvre\",\"datePublished\":\"2025-04-07T10:19:21+00:00\",\"dateModified\":\"2026-04-24T03:37:15+00:00\",\"mainEntityOfPage\":{\"@id\":\"https:\\\/\\\/great-artmag.com\\\/en\\\/kader-attia-au-louvre-une-performance-entre-memoire-intime-et-reparation-collective\\\/\"},\"wordCount\":529,\"publisher\":{\"@id\":\"https:\\\/\\\/great-artmag.com\\\/en\\\/#organization\"},\"image\":{\"@id\":\"https:\\\/\\\/great-artmag.com\\\/en\\\/kader-attia-au-louvre-une-performance-entre-memoire-intime-et-reparation-collective\\\/#primaryimage\"},\"thumbnailUrl\":\"https:\\\/\\\/great-artmag.com\\\/wp-content\\\/uploads\\\/2025\\\/04\\\/kader-attia.png\",\"articleSection\":[\"PORTRAIT D'ARTISTE\"],\"inLanguage\":\"en-US\"},{\"@type\":\"WebPage\",\"@id\":\"https:\\\/\\\/great-artmag.com\\\/en\\\/kader-attia-au-louvre-une-performance-entre-memoire-intime-et-reparation-collective\\\/\",\"url\":\"https:\\\/\\\/great-artmag.com\\\/en\\\/kader-attia-au-louvre-une-performance-entre-memoire-intime-et-reparation-collective\\\/\",\"name\":\"Kader Attia au Louvre - GREAT-ARTMAG\",\"isPartOf\":{\"@id\":\"https:\\\/\\\/great-artmag.com\\\/en\\\/#website\"},\"primaryImageOfPage\":{\"@id\":\"https:\\\/\\\/great-artmag.com\\\/en\\\/kader-attia-au-louvre-une-performance-entre-memoire-intime-et-reparation-collective\\\/#primaryimage\"},\"image\":{\"@id\":\"https:\\\/\\\/great-artmag.com\\\/en\\\/kader-attia-au-louvre-une-performance-entre-memoire-intime-et-reparation-collective\\\/#primaryimage\"},\"thumbnailUrl\":\"https:\\\/\\\/great-artmag.com\\\/wp-content\\\/uploads\\\/2025\\\/04\\\/kader-attia.png\",\"datePublished\":\"2025-04-07T10:19:21+00:00\",\"dateModified\":\"2026-04-24T03:37:15+00:00\",\"breadcrumb\":{\"@id\":\"https:\\\/\\\/great-artmag.com\\\/en\\\/kader-attia-au-louvre-une-performance-entre-memoire-intime-et-reparation-collective\\\/#breadcrumb\"},\"inLanguage\":\"en-US\",\"potentialAction\":[{\"@type\":\"ReadAction\",\"target\":[\"https:\\\/\\\/great-artmag.com\\\/en\\\/kader-attia-au-louvre-une-performance-entre-memoire-intime-et-reparation-collective\\\/\"]}]},{\"@type\":\"ImageObject\",\"inLanguage\":\"en-US\",\"@id\":\"https:\\\/\\\/great-artmag.com\\\/en\\\/kader-attia-au-louvre-une-performance-entre-memoire-intime-et-reparation-collective\\\/#primaryimage\",\"url\":\"https:\\\/\\\/great-artmag.com\\\/wp-content\\\/uploads\\\/2025\\\/04\\\/kader-attia.png\",\"contentUrl\":\"https:\\\/\\\/great-artmag.com\\\/wp-content\\\/uploads\\\/2025\\\/04\\\/kader-attia.png\",\"width\":1570,\"height\":922},{\"@type\":\"BreadcrumbList\",\"@id\":\"https:\\\/\\\/great-artmag.com\\\/en\\\/kader-attia-au-louvre-une-performance-entre-memoire-intime-et-reparation-collective\\\/#breadcrumb\",\"itemListElement\":[{\"@type\":\"ListItem\",\"position\":1,\"name\":\"Accueil\",\"item\":\"https:\\\/\\\/great-artmag.com\\\/en\\\/\"},{\"@type\":\"ListItem\",\"position\":2,\"name\":\"Kader Attia au Louvre\"}]},{\"@type\":\"WebSite\",\"@id\":\"https:\\\/\\\/great-artmag.com\\\/en\\\/#website\",\"url\":\"https:\\\/\\\/great-artmag.com\\\/en\\\/\",\"name\":\"Great ArtMag\",\"description\":\"Le Magazine des H\u00e9donistes\",\"publisher\":{\"@id\":\"https:\\\/\\\/great-artmag.com\\\/en\\\/#organization\"},\"potentialAction\":[{\"@type\":\"SearchAction\",\"target\":{\"@type\":\"EntryPoint\",\"urlTemplate\":\"https:\\\/\\\/great-artmag.com\\\/en\\\/?s={search_term_string}\"},\"query-input\":{\"@type\":\"PropertyValueSpecification\",\"valueRequired\":true,\"valueName\":\"search_term_string\"}}],\"inLanguage\":\"en-US\"},{\"@type\":\"Organization\",\"@id\":\"https:\\\/\\\/great-artmag.com\\\/en\\\/#organization\",\"name\":\"GREAT ARTMAG\",\"url\":\"https:\\\/\\\/great-artmag.com\\\/en\\\/\",\"logo\":{\"@type\":\"ImageObject\",\"inLanguage\":\"en-US\",\"@id\":\"https:\\\/\\\/great-artmag.com\\\/en\\\/#\\\/schema\\\/logo\\\/image\\\/\",\"url\":\"https:\\\/\\\/great-artmag.com\\\/wp-content\\\/uploads\\\/2024\\\/07\\\/IMG_5403.jpg\",\"contentUrl\":\"https:\\\/\\\/great-artmag.com\\\/wp-content\\\/uploads\\\/2024\\\/07\\\/IMG_5403.jpg\",\"width\":860,\"height\":368,\"caption\":\"GREAT ARTMAG\"},\"image\":{\"@id\":\"https:\\\/\\\/great-artmag.com\\\/en\\\/#\\\/schema\\\/logo\\\/image\\\/\"},\"sameAs\":[\"https:\\\/\\\/www.instagram.com\\\/great_artmag\"]},{\"@type\":\"Person\",\"@id\":\"https:\\\/\\\/great-artmag.com\\\/en\\\/#\\\/schema\\\/person\\\/07a768635fe6f6d87951dc8ae985eeda\",\"name\":\"Alexia Gugg\u00e9mos\",\"url\":\"https:\\\/\\\/great-artmag.com\\\/en\\\/author\\\/admin5782\\\/\"}]}<\/script>\n<!-- \/ Yoast SEO plugin. -->","yoast_head_json":{"title":"Kader Attia au Louvre - GREAT-ARTMAG","robots":{"index":"index","follow":"follow","max-snippet":"max-snippet:-1","max-image-preview":"max-image-preview:large","max-video-preview":"max-video-preview:-1"},"canonical":"https:\/\/great-artmag.com\/en\/kader-attia-au-louvre-une-performance-entre-memoire-intime-et-reparation-collective\/","og_locale":"en_US","og_type":"article","og_title":"Kader Attia au Louvre - GREAT-ARTMAG","og_description":"Le Louvre a accueilli Kader Attia le 3 avril 2025 pour une performance singuli\u00e8re : une lecture intime, presque confidentielle, au c\u0153ur de l\u2019institution mus\u00e9ale. L\u2019artiste franco-alg\u00e9rien, n\u00e9 en 1970, y a d\u00e9roul\u00e9 le fil d\u2019une m\u00e9moire personnelle ancr\u00e9e entre Garges-l\u00e8s-Gonesse (Val-d&#8217;Oise) et l\u2019Alg\u00e9rie, livrant un r\u00e9cit fragment\u00e9, habit\u00e9 de silences, de blessures et de [&hellip;]","og_url":"https:\/\/great-artmag.com\/en\/kader-attia-au-louvre-une-performance-entre-memoire-intime-et-reparation-collective\/","og_site_name":"GREAT-ARTMAG","article_published_time":"2025-04-07T10:19:21+00:00","article_modified_time":"2026-04-24T03:37:15+00:00","og_image":[{"width":1570,"height":922,"url":"https:\/\/great-artmag.com\/wp-content\/uploads\/2025\/04\/kader-attia.png","type":"image\/png"}],"author":"Alexia Gugg\u00e9mos","twitter_card":"summary_large_image","twitter_misc":{"Written by":"Alexia Gugg\u00e9mos","Est. reading time":"3 minutes"},"schema":{"@context":"https:\/\/schema.org","@graph":[{"@type":"Article","@id":"https:\/\/great-artmag.com\/en\/kader-attia-au-louvre-une-performance-entre-memoire-intime-et-reparation-collective\/#article","isPartOf":{"@id":"https:\/\/great-artmag.com\/en\/kader-attia-au-louvre-une-performance-entre-memoire-intime-et-reparation-collective\/"},"author":{"name":"Alexia Gugg\u00e9mos","@id":"https:\/\/great-artmag.com\/en\/#\/schema\/person\/07a768635fe6f6d87951dc8ae985eeda"},"headline":"Kader Attia au Louvre","datePublished":"2025-04-07T10:19:21+00:00","dateModified":"2026-04-24T03:37:15+00:00","mainEntityOfPage":{"@id":"https:\/\/great-artmag.com\/en\/kader-attia-au-louvre-une-performance-entre-memoire-intime-et-reparation-collective\/"},"wordCount":529,"publisher":{"@id":"https:\/\/great-artmag.com\/en\/#organization"},"image":{"@id":"https:\/\/great-artmag.com\/en\/kader-attia-au-louvre-une-performance-entre-memoire-intime-et-reparation-collective\/#primaryimage"},"thumbnailUrl":"https:\/\/great-artmag.com\/wp-content\/uploads\/2025\/04\/kader-attia.png","articleSection":["PORTRAIT D'ARTISTE"],"inLanguage":"en-US"},{"@type":"WebPage","@id":"https:\/\/great-artmag.com\/en\/kader-attia-au-louvre-une-performance-entre-memoire-intime-et-reparation-collective\/","url":"https:\/\/great-artmag.com\/en\/kader-attia-au-louvre-une-performance-entre-memoire-intime-et-reparation-collective\/","name":"Kader Attia au Louvre - GREAT-ARTMAG","isPartOf":{"@id":"https:\/\/great-artmag.com\/en\/#website"},"primaryImageOfPage":{"@id":"https:\/\/great-artmag.com\/en\/kader-attia-au-louvre-une-performance-entre-memoire-intime-et-reparation-collective\/#primaryimage"},"image":{"@id":"https:\/\/great-artmag.com\/en\/kader-attia-au-louvre-une-performance-entre-memoire-intime-et-reparation-collective\/#primaryimage"},"thumbnailUrl":"https:\/\/great-artmag.com\/wp-content\/uploads\/2025\/04\/kader-attia.png","datePublished":"2025-04-07T10:19:21+00:00","dateModified":"2026-04-24T03:37:15+00:00","breadcrumb":{"@id":"https:\/\/great-artmag.com\/en\/kader-attia-au-louvre-une-performance-entre-memoire-intime-et-reparation-collective\/#breadcrumb"},"inLanguage":"en-US","potentialAction":[{"@type":"ReadAction","target":["https:\/\/great-artmag.com\/en\/kader-attia-au-louvre-une-performance-entre-memoire-intime-et-reparation-collective\/"]}]},{"@type":"ImageObject","inLanguage":"en-US","@id":"https:\/\/great-artmag.com\/en\/kader-attia-au-louvre-une-performance-entre-memoire-intime-et-reparation-collective\/#primaryimage","url":"https:\/\/great-artmag.com\/wp-content\/uploads\/2025\/04\/kader-attia.png","contentUrl":"https:\/\/great-artmag.com\/wp-content\/uploads\/2025\/04\/kader-attia.png","width":1570,"height":922},{"@type":"BreadcrumbList","@id":"https:\/\/great-artmag.com\/en\/kader-attia-au-louvre-une-performance-entre-memoire-intime-et-reparation-collective\/#breadcrumb","itemListElement":[{"@type":"ListItem","position":1,"name":"Accueil","item":"https:\/\/great-artmag.com\/en\/"},{"@type":"ListItem","position":2,"name":"Kader Attia au Louvre"}]},{"@type":"WebSite","@id":"https:\/\/great-artmag.com\/en\/#website","url":"https:\/\/great-artmag.com\/en\/","name":"Great ArtMag","description":"Le Magazine des H\u00e9donistes","publisher":{"@id":"https:\/\/great-artmag.com\/en\/#organization"},"potentialAction":[{"@type":"SearchAction","target":{"@type":"EntryPoint","urlTemplate":"https:\/\/great-artmag.com\/en\/?s={search_term_string}"},"query-input":{"@type":"PropertyValueSpecification","valueRequired":true,"valueName":"search_term_string"}}],"inLanguage":"en-US"},{"@type":"Organization","@id":"https:\/\/great-artmag.com\/en\/#organization","name":"GREAT ARTMAG","url":"https:\/\/great-artmag.com\/en\/","logo":{"@type":"ImageObject","inLanguage":"en-US","@id":"https:\/\/great-artmag.com\/en\/#\/schema\/logo\/image\/","url":"https:\/\/great-artmag.com\/wp-content\/uploads\/2024\/07\/IMG_5403.jpg","contentUrl":"https:\/\/great-artmag.com\/wp-content\/uploads\/2024\/07\/IMG_5403.jpg","width":860,"height":368,"caption":"GREAT ARTMAG"},"image":{"@id":"https:\/\/great-artmag.com\/en\/#\/schema\/logo\/image\/"},"sameAs":["https:\/\/www.instagram.com\/great_artmag"]},{"@type":"Person","@id":"https:\/\/great-artmag.com\/en\/#\/schema\/person\/07a768635fe6f6d87951dc8ae985eeda","name":"Alexia Gugg\u00e9mos","url":"https:\/\/great-artmag.com\/en\/author\/admin5782\/"}]}},"amp_enabled":true,"_links":{"self":[{"href":"https:\/\/great-artmag.com\/en\/wp-json\/wp\/v2\/posts\/4826","targetHints":{"allow":["GET"]}}],"collection":[{"href":"https:\/\/great-artmag.com\/en\/wp-json\/wp\/v2\/posts"}],"about":[{"href":"https:\/\/great-artmag.com\/en\/wp-json\/wp\/v2\/types\/post"}],"author":[{"embeddable":true,"href":"https:\/\/great-artmag.com\/en\/wp-json\/wp\/v2\/users\/1"}],"replies":[{"embeddable":true,"href":"https:\/\/great-artmag.com\/en\/wp-json\/wp\/v2\/comments?post=4826"}],"version-history":[{"count":0,"href":"https:\/\/great-artmag.com\/en\/wp-json\/wp\/v2\/posts\/4826\/revisions"}],"wp:featuredmedia":[{"embeddable":true,"href":"https:\/\/great-artmag.com\/en\/wp-json\/wp\/v2\/media\/4827"}],"wp:attachment":[{"href":"https:\/\/great-artmag.com\/en\/wp-json\/wp\/v2\/media?parent=4826"}],"wp:term":[{"taxonomy":"category","embeddable":true,"href":"https:\/\/great-artmag.com\/en\/wp-json\/wp\/v2\/categories?post=4826"},{"taxonomy":"post_tag","embeddable":true,"href":"https:\/\/great-artmag.com\/en\/wp-json\/wp\/v2\/tags?post=4826"}],"curies":[{"name":"wp","href":"https:\/\/api.w.org\/{rel}","templated":true}]}}