{"id":4852,"date":"2025-04-15T17:49:16","date_gmt":"2025-04-15T15:49:16","guid":{"rendered":"https:\/\/great-artmag.com\/?p=4852"},"modified":"2025-04-15T17:49:16","modified_gmt":"2025-04-15T15:49:16","slug":"etes-vous-triste-de-sophie-calle-mrac-serignan","status":"publish","type":"post","link":"https:\/\/great-artmag.com\/en\/etes-vous-triste-de-sophie-calle-mrac-serignan\/","title":{"rendered":"\u00ab \u00cates-vous triste ? \u00bb de Sophie Calle, MRAC S\u00e9rignan"},"content":{"rendered":"<p><strong>\u00ab \u00cates-vous triste ? \u00bb \u2014 la question claque comme cette phrase extraite d\u2019un formulaire m\u00e9dical, s\u00e8che, impersonnelle. C\u2019est pourtant elle que Sophie Calle choisit pour titre de sa vaste exposition monographique pr\u00e9sent\u00e9e jusqu\u2019au 21 septembre au MRAC de S\u00e9rignan. Une r\u00e9trospective exceptionnelle, la premi\u00e8re dans une institution \u00e0 cette \u00e9chelle en Occitanie, qui d\u00e9ploie 67 projets achev\u00e9s, sur plus de 1 600 m\u00b2.<\/strong><\/p>\n<p>\u00ab <em>Tout a \u00e9t\u00e9 reconfigur\u00e9 avec elle<\/em> \u00bb, explique Cl\u00e9ment Nouet, directeur du MRAC. Sophie Calle, qui partage sa vie entre le Gard et Paris, a accompagn\u00e9 pas \u00e0 pas la mise en espace, reprenant, re-d\u00e9coupant, recomposant les pi\u00e8ces expos\u00e9es. On y retrouve des \u0153uvres embl\u00e9matiques \u2014 <em>La Visite m\u00e9dicale, Douleur exquise, Prenez soin de vous<\/em> \u2014 aux c\u00f4t\u00e9s de projets plus rares.<\/p>\n<p><img decoding=\"async\" class=\" wp-image-4854 alignleft\" src=\"https:\/\/great-artmag.com\/wp-content\/uploads\/2025\/04\/sophie-calle-2-scaled.jpg\" alt=\"\" width=\"305\" height=\"346\" srcset=\"https:\/\/great-artmag.com\/wp-content\/uploads\/2025\/04\/sophie-calle-2-scaled.jpg 2257w, https:\/\/great-artmag.com\/wp-content\/uploads\/2025\/04\/sophie-calle-2-264x300.jpg 264w, https:\/\/great-artmag.com\/wp-content\/uploads\/2025\/04\/sophie-calle-2-903x1024.jpg 903w, https:\/\/great-artmag.com\/wp-content\/uploads\/2025\/04\/sophie-calle-2-768x871.jpg 768w, https:\/\/great-artmag.com\/wp-content\/uploads\/2025\/04\/sophie-calle-2-1354x1536.jpg 1354w, https:\/\/great-artmag.com\/wp-content\/uploads\/2025\/04\/sophie-calle-2-1806x2048.jpg 1806w, https:\/\/great-artmag.com\/wp-content\/uploads\/2025\/04\/sophie-calle-2-370x420.jpg 370w, https:\/\/great-artmag.com\/wp-content\/uploads\/2025\/04\/sophie-calle-2-696x789.jpg 696w, https:\/\/great-artmag.com\/wp-content\/uploads\/2025\/04\/sophie-calle-2-1068x1211.jpg 1068w\" sizes=\"(max-width: 305px) 100vw, 305px\" \/>Parmi ces huit grands ensembles, un attire une attention particuli\u00e8re par sa charge \u00e9motionnelle : <em>La Derni\u00e8re Image <\/em>(2010). Dans cette s\u00e9rie fondatrice, l\u2019artiste interroge des personnes devenues aveugles : \u00ab <em>Quelle est la derni\u00e8re chose que vous avez vue ?<\/em> \u00bb Les r\u00e9ponses sont br\u00e8ves, intimes, parfois d\u00e9chirantes. Un bus. Le visage d\u2019un proche. Une homme, pistolet \u00e0 la main. Chaque t\u00e9moignage est pr\u00e9sent\u00e9 avec un portrait photographique du t\u00e9moin, frontal, digne, sans effets. C\u2019est l\u00e0 toute la force de cette \u0153uvre : donner \u00e0 entendre l\u2019image mentale qui persiste au-del\u00e0 de la vision, comme une m\u00e9moire visuelle ultime. Une tentative de retenir ce qui fuit. Et l\u00e0, j&#8217;ai pens\u00e9 : &#8220;Oui, je suis triste&#8221;, car \u00e0 mon tour, ma vue devient d\u00e9faillante. Et ce jour-l\u00e0, je suis all\u00e9e &#8220;voir&#8221; l\u2019exposition comme on entre dans un lieu o\u00f9 l\u2019on esp\u00e8re que quelque chose va nous parler plus fort que la peur.<\/p>\n<p class=\"\" data-start=\"2128\" data-end=\"2459\"><img decoding=\"async\" class=\"wp-image-4855 alignright\" src=\"https:\/\/great-artmag.com\/wp-content\/uploads\/2025\/04\/sophie-calle-3-scaled.jpg\" alt=\"\" width=\"296\" height=\"395\" srcset=\"https:\/\/great-artmag.com\/wp-content\/uploads\/2025\/04\/sophie-calle-3-scaled.jpg 1920w, https:\/\/great-artmag.com\/wp-content\/uploads\/2025\/04\/sophie-calle-3-225x300.jpg 225w, https:\/\/great-artmag.com\/wp-content\/uploads\/2025\/04\/sophie-calle-3-768x1024.jpg 768w, https:\/\/great-artmag.com\/wp-content\/uploads\/2025\/04\/sophie-calle-3-1152x1536.jpg 1152w, https:\/\/great-artmag.com\/wp-content\/uploads\/2025\/04\/sophie-calle-3-1536x2048.jpg 1536w, https:\/\/great-artmag.com\/wp-content\/uploads\/2025\/04\/sophie-calle-3-315x420.jpg 315w, https:\/\/great-artmag.com\/wp-content\/uploads\/2025\/04\/sophie-calle-3-696x928.jpg 696w, https:\/\/great-artmag.com\/wp-content\/uploads\/2025\/04\/sophie-calle-3-1068x1424.jpg 1068w\" sizes=\"(max-width: 296px) 100vw, 296px\" \/>Autre moment suspendu de l\u2019exposition : le diptyque vid\u00e9o consacr\u00e9 \u00e0 la mort. \u00c0 droite, l\u2019image frontale de sa m\u00e8re, allong\u00e9e sur son lit, immobile. \u00c0 gauche, un plan fixe tourn\u00e9 au P\u00f4le Nord : une \u00e9tendue glac\u00e9e, des blocs de glace \u00e0 la d\u00e9rive, un silence de bout du monde. La premi\u00e8re fois que j\u2019ai vu cette vid\u00e9o, les icebergs m\u2019ont paru gla\u00e7ants, inaccessibles. Cette fois-ci, dans le contexte de l\u2019exposition, ils m\u2019ont sembl\u00e9 avoir atteint une forme de puret\u00e9, presque sacr\u00e9e. Celle de la mort accept\u00e9e, sans fracas. Sophie Calle n\u2019explique rien. Elle recueille, juxtapose, expose. Ce sont les visiteurs qui recomposent. L\u2019\u0153uvre devient alors miroir, surtout pour ceux dont le regard vacille ou s\u2019efface. Elle interroge non seulement ce que nous voyons, mais ce que nous choisissons de garder.<\/p>\n<p>Depuis la fin des ann\u00e9es 70, Sophie Calle a construit une \u0153uvre o\u00f9 l\u2019intime devient mati\u00e8re \u00e0 r\u00e9cit, encadr\u00e9 par une rigueur formelle et une distance feinte. Ses r\u00e9cits sont souvent des jeux \u00e0 contraintes, des enqu\u00eates men\u00e9es sur elle-m\u00eame ou sur les autres, toujours entre r\u00e9alit\u00e9 et fiction. Laur\u00e9ate du Prix Hasselblad en 2010, r\u00e9compens\u00e9e en 2024 \u00e0 Tokyo par le prestigieux Praemium Imperiale, elle est aujourd\u2019hui l\u2019une des artistes fran\u00e7aises les plus reconnues \u00e0 l\u2019international. A S\u00e9rignan, l\u2019exposition \u00ab \u00cates-vous triste ? \u00bb propose un parcours construit comme un journal \u00e9clat\u00e9, fait de douleurs, de silences, de rituels et d\u2019humour aussi. Elle ne suit pas la chronologie, mais une logique de r\u00e9cit fragmentaire. Comme toujours chez Sophie Calle, la narration est une strat\u00e9gie : pour se tenir debout, pour affronter l\u2019absence, pour rendre visible ce qui s\u2019efface.<\/p>\n<p>&gt; Le site du <a href=\"https:\/\/mrac.laregion.fr\/\">MRAC<\/a><\/p>\n","protected":false},"excerpt":{"rendered":"<p>\u00ab \u00cates-vous triste ? \u00bb \u2014 la question claque comme cette phrase extraite d\u2019un formulaire m\u00e9dical, s\u00e8che, impersonnelle. C\u2019est pourtant elle que Sophie Calle choisit pour titre de sa vaste exposition monographique pr\u00e9sent\u00e9e jusqu\u2019au 21 septembre au MRAC de S\u00e9rignan. Une r\u00e9trospective exceptionnelle, la premi\u00e8re dans une institution \u00e0 cette \u00e9chelle en Occitanie, qui d\u00e9ploie [&hellip;]<\/p>\n","protected":false},"author":1,"featured_media":4853,"comment_status":"closed","ping_status":"closed","sticky":false,"template":"","format":"standard","meta":{"inline_featured_image":false,"tdm_status":"","tdm_grid_status":"","footnotes":""},"categories":[1163,1197],"tags":[],"class_list":["post-4852","post","type-post","status-publish","format-standard","has-post-thumbnail","hentry","category-exposition","category-portrait-artiste"],"yoast_head":"<!-- This site is optimized with the Yoast SEO plugin v27.5 - https:\/\/yoast.com\/product\/yoast-seo-wordpress\/ -->\n<title>\u00ab \u00cates-vous triste ? \u00bb de Sophie Calle, MRAC S\u00e9rignan - GREAT-ARTMAG<\/title>\n<meta name=\"robots\" content=\"index, follow, max-snippet:-1, max-image-preview:large, max-video-preview:-1\" \/>\n<link rel=\"canonical\" href=\"https:\/\/great-artmag.com\/en\/etes-vous-triste-de-sophie-calle-mrac-serignan\/\" \/>\n<meta property=\"og:locale\" content=\"en_US\" \/>\n<meta property=\"og:type\" content=\"article\" \/>\n<meta property=\"og:title\" content=\"\u00ab \u00cates-vous triste ? \u00bb de Sophie Calle, MRAC S\u00e9rignan - GREAT-ARTMAG\" \/>\n<meta property=\"og:description\" content=\"\u00ab \u00cates-vous triste ? \u00bb \u2014 la question claque comme cette phrase extraite d\u2019un formulaire m\u00e9dical, s\u00e8che, impersonnelle. C\u2019est pourtant elle que Sophie Calle choisit pour titre de sa vaste exposition monographique pr\u00e9sent\u00e9e jusqu\u2019au 21 septembre au MRAC de S\u00e9rignan. Une r\u00e9trospective exceptionnelle, la premi\u00e8re dans une institution \u00e0 cette \u00e9chelle en Occitanie, qui d\u00e9ploie [&hellip;]\" \/>\n<meta property=\"og:url\" content=\"https:\/\/great-artmag.com\/en\/etes-vous-triste-de-sophie-calle-mrac-serignan\/\" \/>\n<meta property=\"og:site_name\" content=\"GREAT-ARTMAG\" \/>\n<meta property=\"article:published_time\" content=\"2025-04-15T15:49:16+00:00\" \/>\n<meta property=\"og:image\" content=\"https:\/\/great-artmag.com\/wp-content\/uploads\/2025\/04\/sophe-calle-1-scaled.jpg\" \/>\n\t<meta property=\"og:image:width\" content=\"2560\" \/>\n\t<meta property=\"og:image:height\" content=\"1722\" \/>\n\t<meta property=\"og:image:type\" content=\"image\/jpeg\" \/>\n<meta name=\"author\" content=\"Alexia Gugg\u00e9mos\" \/>\n<meta name=\"twitter:card\" content=\"summary_large_image\" \/>\n<meta name=\"twitter:label1\" content=\"Written by\" \/>\n\t<meta name=\"twitter:data1\" content=\"Alexia Gugg\u00e9mos\" \/>\n\t<meta name=\"twitter:label2\" content=\"Est. reading time\" \/>\n\t<meta name=\"twitter:data2\" content=\"4 minutes\" \/>\n<script type=\"application\/ld+json\" class=\"yoast-schema-graph\">{\"@context\":\"https:\\\/\\\/schema.org\",\"@graph\":[{\"@type\":\"Article\",\"@id\":\"https:\\\/\\\/great-artmag.com\\\/en\\\/etes-vous-triste-de-sophie-calle-mrac-serignan\\\/#article\",\"isPartOf\":{\"@id\":\"https:\\\/\\\/great-artmag.com\\\/en\\\/etes-vous-triste-de-sophie-calle-mrac-serignan\\\/\"},\"author\":{\"name\":\"Alexia Gugg\u00e9mos\",\"@id\":\"https:\\\/\\\/great-artmag.com\\\/en\\\/#\\\/schema\\\/person\\\/07a768635fe6f6d87951dc8ae985eeda\"},\"headline\":\"\u00ab \u00cates-vous triste ? \u00bb de Sophie Calle, MRAC S\u00e9rignan\",\"datePublished\":\"2025-04-15T15:49:16+00:00\",\"mainEntityOfPage\":{\"@id\":\"https:\\\/\\\/great-artmag.com\\\/en\\\/etes-vous-triste-de-sophie-calle-mrac-serignan\\\/\"},\"wordCount\":605,\"publisher\":{\"@id\":\"https:\\\/\\\/great-artmag.com\\\/en\\\/#organization\"},\"image\":{\"@id\":\"https:\\\/\\\/great-artmag.com\\\/en\\\/etes-vous-triste-de-sophie-calle-mrac-serignan\\\/#primaryimage\"},\"thumbnailUrl\":\"https:\\\/\\\/great-artmag.com\\\/wp-content\\\/uploads\\\/2025\\\/04\\\/sophe-calle-1-scaled.jpg\",\"articleSection\":[\"EXPOSITIONS\",\"PORTRAIT D'ARTISTE\"],\"inLanguage\":\"en-US\"},{\"@type\":\"WebPage\",\"@id\":\"https:\\\/\\\/great-artmag.com\\\/en\\\/etes-vous-triste-de-sophie-calle-mrac-serignan\\\/\",\"url\":\"https:\\\/\\\/great-artmag.com\\\/en\\\/etes-vous-triste-de-sophie-calle-mrac-serignan\\\/\",\"name\":\"\u00ab \u00cates-vous triste ? \u00bb de Sophie Calle, MRAC S\u00e9rignan - GREAT-ARTMAG\",\"isPartOf\":{\"@id\":\"https:\\\/\\\/great-artmag.com\\\/en\\\/#website\"},\"primaryImageOfPage\":{\"@id\":\"https:\\\/\\\/great-artmag.com\\\/en\\\/etes-vous-triste-de-sophie-calle-mrac-serignan\\\/#primaryimage\"},\"image\":{\"@id\":\"https:\\\/\\\/great-artmag.com\\\/en\\\/etes-vous-triste-de-sophie-calle-mrac-serignan\\\/#primaryimage\"},\"thumbnailUrl\":\"https:\\\/\\\/great-artmag.com\\\/wp-content\\\/uploads\\\/2025\\\/04\\\/sophe-calle-1-scaled.jpg\",\"datePublished\":\"2025-04-15T15:49:16+00:00\",\"breadcrumb\":{\"@id\":\"https:\\\/\\\/great-artmag.com\\\/en\\\/etes-vous-triste-de-sophie-calle-mrac-serignan\\\/#breadcrumb\"},\"inLanguage\":\"en-US\",\"potentialAction\":[{\"@type\":\"ReadAction\",\"target\":[\"https:\\\/\\\/great-artmag.com\\\/en\\\/etes-vous-triste-de-sophie-calle-mrac-serignan\\\/\"]}]},{\"@type\":\"ImageObject\",\"inLanguage\":\"en-US\",\"@id\":\"https:\\\/\\\/great-artmag.com\\\/en\\\/etes-vous-triste-de-sophie-calle-mrac-serignan\\\/#primaryimage\",\"url\":\"https:\\\/\\\/great-artmag.com\\\/wp-content\\\/uploads\\\/2025\\\/04\\\/sophe-calle-1-scaled.jpg\",\"contentUrl\":\"https:\\\/\\\/great-artmag.com\\\/wp-content\\\/uploads\\\/2025\\\/04\\\/sophe-calle-1-scaled.jpg\",\"width\":2560,\"height\":1722,\"caption\":\"Sophie Calle, Instanbul, Voir la mer\"},{\"@type\":\"BreadcrumbList\",\"@id\":\"https:\\\/\\\/great-artmag.com\\\/en\\\/etes-vous-triste-de-sophie-calle-mrac-serignan\\\/#breadcrumb\",\"itemListElement\":[{\"@type\":\"ListItem\",\"position\":1,\"name\":\"Accueil\",\"item\":\"https:\\\/\\\/great-artmag.com\\\/en\\\/\"},{\"@type\":\"ListItem\",\"position\":2,\"name\":\"\u00ab \u00cates-vous triste ? \u00bb de Sophie Calle, MRAC S\u00e9rignan\"}]},{\"@type\":\"WebSite\",\"@id\":\"https:\\\/\\\/great-artmag.com\\\/en\\\/#website\",\"url\":\"https:\\\/\\\/great-artmag.com\\\/en\\\/\",\"name\":\"Great ArtMag\",\"description\":\"Le Magazine des H\u00e9donistes\",\"publisher\":{\"@id\":\"https:\\\/\\\/great-artmag.com\\\/en\\\/#organization\"},\"potentialAction\":[{\"@type\":\"SearchAction\",\"target\":{\"@type\":\"EntryPoint\",\"urlTemplate\":\"https:\\\/\\\/great-artmag.com\\\/en\\\/?s={search_term_string}\"},\"query-input\":{\"@type\":\"PropertyValueSpecification\",\"valueRequired\":true,\"valueName\":\"search_term_string\"}}],\"inLanguage\":\"en-US\"},{\"@type\":\"Organization\",\"@id\":\"https:\\\/\\\/great-artmag.com\\\/en\\\/#organization\",\"name\":\"GREAT ARTMAG\",\"url\":\"https:\\\/\\\/great-artmag.com\\\/en\\\/\",\"logo\":{\"@type\":\"ImageObject\",\"inLanguage\":\"en-US\",\"@id\":\"https:\\\/\\\/great-artmag.com\\\/en\\\/#\\\/schema\\\/logo\\\/image\\\/\",\"url\":\"https:\\\/\\\/great-artmag.com\\\/wp-content\\\/uploads\\\/2024\\\/07\\\/IMG_5403.jpg\",\"contentUrl\":\"https:\\\/\\\/great-artmag.com\\\/wp-content\\\/uploads\\\/2024\\\/07\\\/IMG_5403.jpg\",\"width\":860,\"height\":368,\"caption\":\"GREAT ARTMAG\"},\"image\":{\"@id\":\"https:\\\/\\\/great-artmag.com\\\/en\\\/#\\\/schema\\\/logo\\\/image\\\/\"},\"sameAs\":[\"https:\\\/\\\/www.instagram.com\\\/great_artmag\"]},{\"@type\":\"Person\",\"@id\":\"https:\\\/\\\/great-artmag.com\\\/en\\\/#\\\/schema\\\/person\\\/07a768635fe6f6d87951dc8ae985eeda\",\"name\":\"Alexia Gugg\u00e9mos\",\"url\":\"https:\\\/\\\/great-artmag.com\\\/en\\\/author\\\/admin5782\\\/\"}]}<\/script>\n<!-- \/ Yoast SEO plugin. -->","yoast_head_json":{"title":"\u00ab \u00cates-vous triste ? \u00bb de Sophie Calle, MRAC S\u00e9rignan - GREAT-ARTMAG","robots":{"index":"index","follow":"follow","max-snippet":"max-snippet:-1","max-image-preview":"max-image-preview:large","max-video-preview":"max-video-preview:-1"},"canonical":"https:\/\/great-artmag.com\/en\/etes-vous-triste-de-sophie-calle-mrac-serignan\/","og_locale":"en_US","og_type":"article","og_title":"\u00ab \u00cates-vous triste ? \u00bb de Sophie Calle, MRAC S\u00e9rignan - GREAT-ARTMAG","og_description":"\u00ab \u00cates-vous triste ? \u00bb \u2014 la question claque comme cette phrase extraite d\u2019un formulaire m\u00e9dical, s\u00e8che, impersonnelle. C\u2019est pourtant elle que Sophie Calle choisit pour titre de sa vaste exposition monographique pr\u00e9sent\u00e9e jusqu\u2019au 21 septembre au MRAC de S\u00e9rignan. Une r\u00e9trospective exceptionnelle, la premi\u00e8re dans une institution \u00e0 cette \u00e9chelle en Occitanie, qui d\u00e9ploie [&hellip;]","og_url":"https:\/\/great-artmag.com\/en\/etes-vous-triste-de-sophie-calle-mrac-serignan\/","og_site_name":"GREAT-ARTMAG","article_published_time":"2025-04-15T15:49:16+00:00","og_image":[{"width":2560,"height":1722,"url":"https:\/\/great-artmag.com\/wp-content\/uploads\/2025\/04\/sophe-calle-1-scaled.jpg","type":"image\/jpeg"}],"author":"Alexia Gugg\u00e9mos","twitter_card":"summary_large_image","twitter_misc":{"Written by":"Alexia Gugg\u00e9mos","Est. reading time":"4 minutes"},"schema":{"@context":"https:\/\/schema.org","@graph":[{"@type":"Article","@id":"https:\/\/great-artmag.com\/en\/etes-vous-triste-de-sophie-calle-mrac-serignan\/#article","isPartOf":{"@id":"https:\/\/great-artmag.com\/en\/etes-vous-triste-de-sophie-calle-mrac-serignan\/"},"author":{"name":"Alexia Gugg\u00e9mos","@id":"https:\/\/great-artmag.com\/en\/#\/schema\/person\/07a768635fe6f6d87951dc8ae985eeda"},"headline":"\u00ab \u00cates-vous triste ? \u00bb de Sophie Calle, MRAC S\u00e9rignan","datePublished":"2025-04-15T15:49:16+00:00","mainEntityOfPage":{"@id":"https:\/\/great-artmag.com\/en\/etes-vous-triste-de-sophie-calle-mrac-serignan\/"},"wordCount":605,"publisher":{"@id":"https:\/\/great-artmag.com\/en\/#organization"},"image":{"@id":"https:\/\/great-artmag.com\/en\/etes-vous-triste-de-sophie-calle-mrac-serignan\/#primaryimage"},"thumbnailUrl":"https:\/\/great-artmag.com\/wp-content\/uploads\/2025\/04\/sophe-calle-1-scaled.jpg","articleSection":["EXPOSITIONS","PORTRAIT D'ARTISTE"],"inLanguage":"en-US"},{"@type":"WebPage","@id":"https:\/\/great-artmag.com\/en\/etes-vous-triste-de-sophie-calle-mrac-serignan\/","url":"https:\/\/great-artmag.com\/en\/etes-vous-triste-de-sophie-calle-mrac-serignan\/","name":"\u00ab \u00cates-vous triste ? \u00bb de Sophie Calle, MRAC S\u00e9rignan - GREAT-ARTMAG","isPartOf":{"@id":"https:\/\/great-artmag.com\/en\/#website"},"primaryImageOfPage":{"@id":"https:\/\/great-artmag.com\/en\/etes-vous-triste-de-sophie-calle-mrac-serignan\/#primaryimage"},"image":{"@id":"https:\/\/great-artmag.com\/en\/etes-vous-triste-de-sophie-calle-mrac-serignan\/#primaryimage"},"thumbnailUrl":"https:\/\/great-artmag.com\/wp-content\/uploads\/2025\/04\/sophe-calle-1-scaled.jpg","datePublished":"2025-04-15T15:49:16+00:00","breadcrumb":{"@id":"https:\/\/great-artmag.com\/en\/etes-vous-triste-de-sophie-calle-mrac-serignan\/#breadcrumb"},"inLanguage":"en-US","potentialAction":[{"@type":"ReadAction","target":["https:\/\/great-artmag.com\/en\/etes-vous-triste-de-sophie-calle-mrac-serignan\/"]}]},{"@type":"ImageObject","inLanguage":"en-US","@id":"https:\/\/great-artmag.com\/en\/etes-vous-triste-de-sophie-calle-mrac-serignan\/#primaryimage","url":"https:\/\/great-artmag.com\/wp-content\/uploads\/2025\/04\/sophe-calle-1-scaled.jpg","contentUrl":"https:\/\/great-artmag.com\/wp-content\/uploads\/2025\/04\/sophe-calle-1-scaled.jpg","width":2560,"height":1722,"caption":"Sophie Calle, Instanbul, Voir la mer"},{"@type":"BreadcrumbList","@id":"https:\/\/great-artmag.com\/en\/etes-vous-triste-de-sophie-calle-mrac-serignan\/#breadcrumb","itemListElement":[{"@type":"ListItem","position":1,"name":"Accueil","item":"https:\/\/great-artmag.com\/en\/"},{"@type":"ListItem","position":2,"name":"\u00ab \u00cates-vous triste ? \u00bb de Sophie Calle, MRAC S\u00e9rignan"}]},{"@type":"WebSite","@id":"https:\/\/great-artmag.com\/en\/#website","url":"https:\/\/great-artmag.com\/en\/","name":"Great ArtMag","description":"Le Magazine des H\u00e9donistes","publisher":{"@id":"https:\/\/great-artmag.com\/en\/#organization"},"potentialAction":[{"@type":"SearchAction","target":{"@type":"EntryPoint","urlTemplate":"https:\/\/great-artmag.com\/en\/?s={search_term_string}"},"query-input":{"@type":"PropertyValueSpecification","valueRequired":true,"valueName":"search_term_string"}}],"inLanguage":"en-US"},{"@type":"Organization","@id":"https:\/\/great-artmag.com\/en\/#organization","name":"GREAT ARTMAG","url":"https:\/\/great-artmag.com\/en\/","logo":{"@type":"ImageObject","inLanguage":"en-US","@id":"https:\/\/great-artmag.com\/en\/#\/schema\/logo\/image\/","url":"https:\/\/great-artmag.com\/wp-content\/uploads\/2024\/07\/IMG_5403.jpg","contentUrl":"https:\/\/great-artmag.com\/wp-content\/uploads\/2024\/07\/IMG_5403.jpg","width":860,"height":368,"caption":"GREAT ARTMAG"},"image":{"@id":"https:\/\/great-artmag.com\/en\/#\/schema\/logo\/image\/"},"sameAs":["https:\/\/www.instagram.com\/great_artmag"]},{"@type":"Person","@id":"https:\/\/great-artmag.com\/en\/#\/schema\/person\/07a768635fe6f6d87951dc8ae985eeda","name":"Alexia Gugg\u00e9mos","url":"https:\/\/great-artmag.com\/en\/author\/admin5782\/"}]}},"amp_enabled":true,"_links":{"self":[{"href":"https:\/\/great-artmag.com\/en\/wp-json\/wp\/v2\/posts\/4852","targetHints":{"allow":["GET"]}}],"collection":[{"href":"https:\/\/great-artmag.com\/en\/wp-json\/wp\/v2\/posts"}],"about":[{"href":"https:\/\/great-artmag.com\/en\/wp-json\/wp\/v2\/types\/post"}],"author":[{"embeddable":true,"href":"https:\/\/great-artmag.com\/en\/wp-json\/wp\/v2\/users\/1"}],"replies":[{"embeddable":true,"href":"https:\/\/great-artmag.com\/en\/wp-json\/wp\/v2\/comments?post=4852"}],"version-history":[{"count":0,"href":"https:\/\/great-artmag.com\/en\/wp-json\/wp\/v2\/posts\/4852\/revisions"}],"wp:featuredmedia":[{"embeddable":true,"href":"https:\/\/great-artmag.com\/en\/wp-json\/wp\/v2\/media\/4853"}],"wp:attachment":[{"href":"https:\/\/great-artmag.com\/en\/wp-json\/wp\/v2\/media?parent=4852"}],"wp:term":[{"taxonomy":"category","embeddable":true,"href":"https:\/\/great-artmag.com\/en\/wp-json\/wp\/v2\/categories?post=4852"},{"taxonomy":"post_tag","embeddable":true,"href":"https:\/\/great-artmag.com\/en\/wp-json\/wp\/v2\/tags?post=4852"}],"curies":[{"name":"wp","href":"https:\/\/api.w.org\/{rel}","templated":true}]}}