{"id":4984,"date":"2025-05-20T09:26:23","date_gmt":"2025-05-20T07:26:23","guid":{"rendered":"https:\/\/great-artmag.com\/?p=4984"},"modified":"2025-05-20T13:58:22","modified_gmt":"2025-05-20T11:58:22","slug":"musee-luxembourg-fernand-leger","status":"publish","type":"post","link":"https:\/\/great-artmag.com\/en\/musee-luxembourg-fernand-leger\/","title":{"rendered":"Mus\u00e9e du Luxembourg : qui sont les h\u00e9ritiers de Fernand L\u00e9ger ?"},"content":{"rendered":"<p><strong>Jusqu\u2019au 20 juillet, le mus\u00e9e du Luxembourg (Paris) expose plusieurs \u0153uvres du peintre Fernand L\u00e9ger Qui sont les artistes inspir\u00e9s par le peintre n\u00e9o-r\u00e9aliste ? Niki de Saint-Phalle, Arman, Yves Klein, Raymond Hains, Martial Raysse ou encore C\u00e9sar. Panorama d\u2019un h\u00e9ritage haut en couleurs.<\/strong><\/p>\n<p>L\u2019exposition &#8220;Tous, L\u00e9ger ! &#8221; consacr\u00e9e \u00e0 Fernand L\u00e9ger ainsi qu\u2019aux \u0153uvres d\u2019autres artistes rassemble une centaine d&#8217;e toiles et sculptures. Principaux axes de pr\u00e9sentation retenus : le d\u00e9tournement de l\u2019objet, la repr\u00e9sentation du corps et des loisirs, et la place de l\u2019art dans l\u2019espace public.<\/p>\n<blockquote><p>\u00ab Le beau est partout \u00bb<br \/>\nFernand L\u00e9ger.<\/p><\/blockquote>\n<p><img decoding=\"async\" class=\" wp-image-4987 alignleft\" src=\"https:\/\/great-artmag.com\/wp-content\/uploads\/2025\/05\/3A29676.jpg\" alt=\"\" width=\"324\" height=\"405\" srcset=\"https:\/\/great-artmag.com\/wp-content\/uploads\/2025\/05\/3A29676.jpg 800w, https:\/\/great-artmag.com\/wp-content\/uploads\/2025\/05\/3A29676-240x300.jpg 240w, https:\/\/great-artmag.com\/wp-content\/uploads\/2025\/05\/3A29676-768x960.jpg 768w, https:\/\/great-artmag.com\/wp-content\/uploads\/2025\/05\/3A29676-336x420.jpg 336w, https:\/\/great-artmag.com\/wp-content\/uploads\/2025\/05\/3A29676-696x870.jpg 696w\" sizes=\"(max-width: 324px) 100vw, 324px\" \/>Le beau s&#8217;immisce dans tous les objets du quotidien. Il nous invite \u00e0 mieux les voir : \u00ab 80% des \u00e9l\u00e9ments et objets qui nous aident \u00e0 vivre ne sont qu\u2019aper\u00e7us par nous dans la vie courante, tandis que 20% sont vus \u00bb estime l&#8217;artiste. Si l\u2019on prend la peine de les regarder, les objets manufactur\u00e9s par leur aspect standardis\u00e9, leur fini lisse et color\u00e9 sont des t\u00e9moignages de la beaut\u00e9 de notre quotidien. De fait, les objets du quotidien occupent une place centrale de l\u2019exposition. D\u2019autres \u0153uvres d\u2019artistes hyper r\u00e9alistes en t\u00e9moignent telles la c\u00e9l\u00e8bre \u00ab pochette d\u2019allumettes g\u00e9antes \u00bb r\u00e9alis\u00e9e en 1970 par Raymond Hains ou bien les t\u00f4les compress\u00e9es du sculpteur C\u00e9sar.<\/p>\n<p><strong>Fernand L\u00e9ger peint l\u2019entr\u00e9e dans la soci\u00e9t\u00e9 de loisirs<\/strong><\/p>\n<p>Mobilis\u00e9 pendant la Premi\u00e8re Guerre mondiale, Fernand L\u00e9ger conserve les stigmates des combats : figures mi-humaines, mi-machines en forme d\u2019obus. Apr\u00e8s la guerre, il comprend que la soci\u00e9t\u00e9 entre dans une nouvelle \u00e8re : la soci\u00e9t\u00e9 des loisirs, notamment \u00e0 la faveur des cong\u00e9s pay\u00e9s instaur\u00e9s par le Front Populaire en 1936. Il est l\u2019un des premiers artistes \u00e0 accueillir les sports modernes, avec notamment <em>Les quatre cyclistes<\/em>, (1943-1948).<\/p>\n<p><strong>Pionnier dans la promotion de l\u2019art dans l\u2019espace public<\/strong><\/p>\n<p>Pour un art accessible \u00e0 tous. Fernand L\u00e9ger est sensible aux techniques qui permettent de r\u00e9aliser des \u0153uvres dans l\u2019espace public, tels que la c\u00e9ramique. En 1946, l&#8217;artiste re\u00e7oit la commande d\u2019une grande mosa\u00efque pour la fa\u00e7ade de l\u2019\u00e9glise Notre-Dame-de-Toute-Gr\u00e2ce du plateau d\u2019Assy (Haute-Savoie).<\/p>\n<p><strong><img decoding=\"async\" class=\"wp-image-5031 alignright\" src=\"https:\/\/great-artmag.com\/wp-content\/uploads\/2025\/05\/karel-appel-scaled.jpg\" alt=\"\" width=\"272\" height=\"341\" srcset=\"https:\/\/great-artmag.com\/wp-content\/uploads\/2025\/05\/karel-appel-scaled.jpg 2043w, https:\/\/great-artmag.com\/wp-content\/uploads\/2025\/05\/karel-appel-239x300.jpg 239w, https:\/\/great-artmag.com\/wp-content\/uploads\/2025\/05\/karel-appel-817x1024.jpg 817w, https:\/\/great-artmag.com\/wp-content\/uploads\/2025\/05\/karel-appel-768x962.jpg 768w, https:\/\/great-artmag.com\/wp-content\/uploads\/2025\/05\/karel-appel-1226x1536.jpg 1226w, https:\/\/great-artmag.com\/wp-content\/uploads\/2025\/05\/karel-appel-1634x2048.jpg 1634w, https:\/\/great-artmag.com\/wp-content\/uploads\/2025\/05\/karel-appel-335x420.jpg 335w, https:\/\/great-artmag.com\/wp-content\/uploads\/2025\/05\/karel-appel-696x872.jpg 696w, https:\/\/great-artmag.com\/wp-content\/uploads\/2025\/05\/karel-appel-1068x1338.jpg 1068w\" sizes=\"(max-width: 272px) 100vw, 272px\" \/>L&#8217;h\u00e9ritage L\u00e9ger<\/strong><\/p>\n<p>Les artistes tels que le Hollandais Karel Appel, co-fondateur du mouvement CoBrA, ou les Am\u00e9ricains Roy Lichtenstein ou plus tard Keith Haring, illustrent les \u00e9changes artistiques avec le peintre fran\u00e7ais. Dans les ann\u00e9es 1980, Keith Haring se r\u00e9clame ouvertement de L\u00e9ger. Il couvre les murs de New York de graffitis mettant en sc\u00e8ne de petits personnages tr\u00e8s mobiles et color\u00e9s, cern\u00e9s de noir et inspir\u00e9s de la technique de L\u00e9ger. Niki de Saint-Phalle, \u00e0 partir du milieu des ann\u00e9es 1960, peuple le monde de <em>Nanas,<\/em> ces figures f\u00e9minines color\u00e9es aux courbes g\u00e9n\u00e9reuses qui rappellent aussi les personnages au membres tubulaires des toiles de L\u00e9ger.<\/p>\n<p>Antoine Garrigues<\/p>\n<p><a href=\"https:\/\/museeduluxembourg.fr\/fr\">R\u00e9server au Mus\u00e9e du Luxembourg<\/a><\/p>\n","protected":false},"excerpt":{"rendered":"<p>Jusqu\u2019au 20 juillet, le mus\u00e9e du Luxembourg (Paris) expose plusieurs \u0153uvres du peintre Fernand L\u00e9ger Qui sont les artistes inspir\u00e9s par le peintre n\u00e9o-r\u00e9aliste ? Niki de Saint-Phalle, Arman, Yves Klein, Raymond Hains, Martial Raysse ou encore C\u00e9sar. Panorama d\u2019un h\u00e9ritage haut en couleurs. L\u2019exposition &#8220;Tous, L\u00e9ger ! &#8221; consacr\u00e9e \u00e0 Fernand L\u00e9ger ainsi qu\u2019aux [&hellip;]<\/p>\n","protected":false},"author":1,"featured_media":4985,"comment_status":"closed","ping_status":"closed","sticky":false,"template":"","format":"standard","meta":{"inline_featured_image":false,"tdm_status":"","tdm_grid_status":"","footnotes":""},"categories":[1163],"tags":[1300],"class_list":{"0":"post-4984","1":"post","2":"type-post","3":"status-publish","4":"format-standard","5":"has-post-thumbnail","7":"category-exposition","8":"tag-fernand-leger"},"yoast_head":"<!-- This site is optimized with the Yoast SEO plugin v27.5 - https:\/\/yoast.com\/product\/yoast-seo-wordpress\/ -->\n<title>Mus\u00e9e du Luxembourg : qui sont les h\u00e9ritiers de Fernand L\u00e9ger ? - GREAT-ARTMAG<\/title>\n<meta name=\"robots\" content=\"index, follow, max-snippet:-1, max-image-preview:large, max-video-preview:-1\" \/>\n<link rel=\"canonical\" href=\"https:\/\/great-artmag.com\/en\/musee-luxembourg-fernand-leger\/\" \/>\n<meta property=\"og:locale\" content=\"en_US\" \/>\n<meta property=\"og:type\" content=\"article\" \/>\n<meta property=\"og:title\" content=\"Mus\u00e9e du Luxembourg : qui sont les h\u00e9ritiers de Fernand L\u00e9ger ? - GREAT-ARTMAG\" \/>\n<meta property=\"og:description\" content=\"Jusqu\u2019au 20 juillet, le mus\u00e9e du Luxembourg (Paris) expose plusieurs \u0153uvres du peintre Fernand L\u00e9ger Qui sont les artistes inspir\u00e9s par le peintre n\u00e9o-r\u00e9aliste ? Niki de Saint-Phalle, Arman, Yves Klein, Raymond Hains, Martial Raysse ou encore C\u00e9sar. Panorama d\u2019un h\u00e9ritage haut en couleurs. L\u2019exposition &#8220;Tous, L\u00e9ger ! &#8221; consacr\u00e9e \u00e0 Fernand L\u00e9ger ainsi qu\u2019aux [&hellip;]\" \/>\n<meta property=\"og:url\" content=\"https:\/\/great-artmag.com\/en\/musee-luxembourg-fernand-leger\/\" \/>\n<meta property=\"og:site_name\" content=\"GREAT-ARTMAG\" \/>\n<meta property=\"article:published_time\" content=\"2025-05-20T07:26:23+00:00\" \/>\n<meta property=\"article:modified_time\" content=\"2025-05-20T11:58:22+00:00\" \/>\n<meta property=\"og:image\" content=\"https:\/\/great-artmag.com\/wp-content\/uploads\/2025\/05\/fernand-leger-les-loisirs-hommage-a-louis-david-1948-1949-centre-pompidou-mnam-adagp-paris-2016-1495225150.jpg\" \/>\n\t<meta property=\"og:image:width\" content=\"1600\" \/>\n\t<meta property=\"og:image:height\" content=\"1264\" \/>\n\t<meta property=\"og:image:type\" content=\"image\/jpeg\" \/>\n<meta name=\"author\" content=\"Alexia Gugg\u00e9mos\" \/>\n<meta name=\"twitter:card\" content=\"summary_large_image\" \/>\n<meta name=\"twitter:label1\" content=\"Written by\" \/>\n\t<meta name=\"twitter:data1\" content=\"Alexia Gugg\u00e9mos\" \/>\n\t<meta name=\"twitter:label2\" content=\"Est. reading time\" \/>\n\t<meta name=\"twitter:data2\" content=\"3 minutes\" \/>\n<script type=\"application\/ld+json\" class=\"yoast-schema-graph\">{\"@context\":\"https:\\\/\\\/schema.org\",\"@graph\":[{\"@type\":\"Article\",\"@id\":\"https:\\\/\\\/great-artmag.com\\\/en\\\/musee-luxembourg-fernand-leger\\\/#article\",\"isPartOf\":{\"@id\":\"https:\\\/\\\/great-artmag.com\\\/en\\\/musee-luxembourg-fernand-leger\\\/\"},\"author\":{\"name\":\"Alexia Gugg\u00e9mos\",\"@id\":\"https:\\\/\\\/great-artmag.com\\\/en\\\/#\\\/schema\\\/person\\\/07a768635fe6f6d87951dc8ae985eeda\"},\"headline\":\"Mus\u00e9e du Luxembourg : qui sont les h\u00e9ritiers de Fernand L\u00e9ger ?\",\"datePublished\":\"2025-05-20T07:26:23+00:00\",\"dateModified\":\"2025-05-20T11:58:22+00:00\",\"mainEntityOfPage\":{\"@id\":\"https:\\\/\\\/great-artmag.com\\\/en\\\/musee-luxembourg-fernand-leger\\\/\"},\"wordCount\":537,\"publisher\":{\"@id\":\"https:\\\/\\\/great-artmag.com\\\/en\\\/#organization\"},\"image\":{\"@id\":\"https:\\\/\\\/great-artmag.com\\\/en\\\/musee-luxembourg-fernand-leger\\\/#primaryimage\"},\"thumbnailUrl\":\"https:\\\/\\\/great-artmag.com\\\/wp-content\\\/uploads\\\/2025\\\/05\\\/fernand-leger-les-loisirs-hommage-a-louis-david-1948-1949-centre-pompidou-mnam-adagp-paris-2016-1495225150.jpg\",\"keywords\":[\"Fernand L\u00e9ger\"],\"articleSection\":[\"EXPOSITIONS\"],\"inLanguage\":\"en-US\"},{\"@type\":\"WebPage\",\"@id\":\"https:\\\/\\\/great-artmag.com\\\/en\\\/musee-luxembourg-fernand-leger\\\/\",\"url\":\"https:\\\/\\\/great-artmag.com\\\/en\\\/musee-luxembourg-fernand-leger\\\/\",\"name\":\"Mus\u00e9e du Luxembourg : qui sont les h\u00e9ritiers de Fernand L\u00e9ger ? - GREAT-ARTMAG\",\"isPartOf\":{\"@id\":\"https:\\\/\\\/great-artmag.com\\\/en\\\/#website\"},\"primaryImageOfPage\":{\"@id\":\"https:\\\/\\\/great-artmag.com\\\/en\\\/musee-luxembourg-fernand-leger\\\/#primaryimage\"},\"image\":{\"@id\":\"https:\\\/\\\/great-artmag.com\\\/en\\\/musee-luxembourg-fernand-leger\\\/#primaryimage\"},\"thumbnailUrl\":\"https:\\\/\\\/great-artmag.com\\\/wp-content\\\/uploads\\\/2025\\\/05\\\/fernand-leger-les-loisirs-hommage-a-louis-david-1948-1949-centre-pompidou-mnam-adagp-paris-2016-1495225150.jpg\",\"datePublished\":\"2025-05-20T07:26:23+00:00\",\"dateModified\":\"2025-05-20T11:58:22+00:00\",\"breadcrumb\":{\"@id\":\"https:\\\/\\\/great-artmag.com\\\/en\\\/musee-luxembourg-fernand-leger\\\/#breadcrumb\"},\"inLanguage\":\"en-US\",\"potentialAction\":[{\"@type\":\"ReadAction\",\"target\":[\"https:\\\/\\\/great-artmag.com\\\/en\\\/musee-luxembourg-fernand-leger\\\/\"]}]},{\"@type\":\"ImageObject\",\"inLanguage\":\"en-US\",\"@id\":\"https:\\\/\\\/great-artmag.com\\\/en\\\/musee-luxembourg-fernand-leger\\\/#primaryimage\",\"url\":\"https:\\\/\\\/great-artmag.com\\\/wp-content\\\/uploads\\\/2025\\\/05\\\/fernand-leger-les-loisirs-hommage-a-louis-david-1948-1949-centre-pompidou-mnam-adagp-paris-2016-1495225150.jpg\",\"contentUrl\":\"https:\\\/\\\/great-artmag.com\\\/wp-content\\\/uploads\\\/2025\\\/05\\\/fernand-leger-les-loisirs-hommage-a-louis-david-1948-1949-centre-pompidou-mnam-adagp-paris-2016-1495225150.jpg\",\"width\":1600,\"height\":1264},{\"@type\":\"BreadcrumbList\",\"@id\":\"https:\\\/\\\/great-artmag.com\\\/en\\\/musee-luxembourg-fernand-leger\\\/#breadcrumb\",\"itemListElement\":[{\"@type\":\"ListItem\",\"position\":1,\"name\":\"Accueil\",\"item\":\"https:\\\/\\\/great-artmag.com\\\/en\\\/\"},{\"@type\":\"ListItem\",\"position\":2,\"name\":\"Mus\u00e9e du Luxembourg : qui sont les h\u00e9ritiers de Fernand L\u00e9ger ?\"}]},{\"@type\":\"WebSite\",\"@id\":\"https:\\\/\\\/great-artmag.com\\\/en\\\/#website\",\"url\":\"https:\\\/\\\/great-artmag.com\\\/en\\\/\",\"name\":\"Great ArtMag\",\"description\":\"Le Magazine des H\u00e9donistes\",\"publisher\":{\"@id\":\"https:\\\/\\\/great-artmag.com\\\/en\\\/#organization\"},\"potentialAction\":[{\"@type\":\"SearchAction\",\"target\":{\"@type\":\"EntryPoint\",\"urlTemplate\":\"https:\\\/\\\/great-artmag.com\\\/en\\\/?s={search_term_string}\"},\"query-input\":{\"@type\":\"PropertyValueSpecification\",\"valueRequired\":true,\"valueName\":\"search_term_string\"}}],\"inLanguage\":\"en-US\"},{\"@type\":\"Organization\",\"@id\":\"https:\\\/\\\/great-artmag.com\\\/en\\\/#organization\",\"name\":\"GREAT ARTMAG\",\"url\":\"https:\\\/\\\/great-artmag.com\\\/en\\\/\",\"logo\":{\"@type\":\"ImageObject\",\"inLanguage\":\"en-US\",\"@id\":\"https:\\\/\\\/great-artmag.com\\\/en\\\/#\\\/schema\\\/logo\\\/image\\\/\",\"url\":\"https:\\\/\\\/great-artmag.com\\\/wp-content\\\/uploads\\\/2024\\\/07\\\/IMG_5403.jpg\",\"contentUrl\":\"https:\\\/\\\/great-artmag.com\\\/wp-content\\\/uploads\\\/2024\\\/07\\\/IMG_5403.jpg\",\"width\":860,\"height\":368,\"caption\":\"GREAT ARTMAG\"},\"image\":{\"@id\":\"https:\\\/\\\/great-artmag.com\\\/en\\\/#\\\/schema\\\/logo\\\/image\\\/\"},\"sameAs\":[\"https:\\\/\\\/www.instagram.com\\\/great_artmag\"]},{\"@type\":\"Person\",\"@id\":\"https:\\\/\\\/great-artmag.com\\\/en\\\/#\\\/schema\\\/person\\\/07a768635fe6f6d87951dc8ae985eeda\",\"name\":\"Alexia Gugg\u00e9mos\",\"url\":\"https:\\\/\\\/great-artmag.com\\\/en\\\/author\\\/admin5782\\\/\"}]}<\/script>\n<!-- \/ Yoast SEO plugin. -->","yoast_head_json":{"title":"Mus\u00e9e du Luxembourg : qui sont les h\u00e9ritiers de Fernand L\u00e9ger ? - GREAT-ARTMAG","robots":{"index":"index","follow":"follow","max-snippet":"max-snippet:-1","max-image-preview":"max-image-preview:large","max-video-preview":"max-video-preview:-1"},"canonical":"https:\/\/great-artmag.com\/en\/musee-luxembourg-fernand-leger\/","og_locale":"en_US","og_type":"article","og_title":"Mus\u00e9e du Luxembourg : qui sont les h\u00e9ritiers de Fernand L\u00e9ger ? - GREAT-ARTMAG","og_description":"Jusqu\u2019au 20 juillet, le mus\u00e9e du Luxembourg (Paris) expose plusieurs \u0153uvres du peintre Fernand L\u00e9ger Qui sont les artistes inspir\u00e9s par le peintre n\u00e9o-r\u00e9aliste ? Niki de Saint-Phalle, Arman, Yves Klein, Raymond Hains, Martial Raysse ou encore C\u00e9sar. Panorama d\u2019un h\u00e9ritage haut en couleurs. L\u2019exposition &#8220;Tous, L\u00e9ger ! &#8221; consacr\u00e9e \u00e0 Fernand L\u00e9ger ainsi qu\u2019aux [&hellip;]","og_url":"https:\/\/great-artmag.com\/en\/musee-luxembourg-fernand-leger\/","og_site_name":"GREAT-ARTMAG","article_published_time":"2025-05-20T07:26:23+00:00","article_modified_time":"2025-05-20T11:58:22+00:00","og_image":[{"width":1600,"height":1264,"url":"https:\/\/great-artmag.com\/wp-content\/uploads\/2025\/05\/fernand-leger-les-loisirs-hommage-a-louis-david-1948-1949-centre-pompidou-mnam-adagp-paris-2016-1495225150.jpg","type":"image\/jpeg"}],"author":"Alexia Gugg\u00e9mos","twitter_card":"summary_large_image","twitter_misc":{"Written by":"Alexia Gugg\u00e9mos","Est. reading time":"3 minutes"},"schema":{"@context":"https:\/\/schema.org","@graph":[{"@type":"Article","@id":"https:\/\/great-artmag.com\/en\/musee-luxembourg-fernand-leger\/#article","isPartOf":{"@id":"https:\/\/great-artmag.com\/en\/musee-luxembourg-fernand-leger\/"},"author":{"name":"Alexia Gugg\u00e9mos","@id":"https:\/\/great-artmag.com\/en\/#\/schema\/person\/07a768635fe6f6d87951dc8ae985eeda"},"headline":"Mus\u00e9e du Luxembourg : qui sont les h\u00e9ritiers de Fernand L\u00e9ger ?","datePublished":"2025-05-20T07:26:23+00:00","dateModified":"2025-05-20T11:58:22+00:00","mainEntityOfPage":{"@id":"https:\/\/great-artmag.com\/en\/musee-luxembourg-fernand-leger\/"},"wordCount":537,"publisher":{"@id":"https:\/\/great-artmag.com\/en\/#organization"},"image":{"@id":"https:\/\/great-artmag.com\/en\/musee-luxembourg-fernand-leger\/#primaryimage"},"thumbnailUrl":"https:\/\/great-artmag.com\/wp-content\/uploads\/2025\/05\/fernand-leger-les-loisirs-hommage-a-louis-david-1948-1949-centre-pompidou-mnam-adagp-paris-2016-1495225150.jpg","keywords":["Fernand L\u00e9ger"],"articleSection":["EXPOSITIONS"],"inLanguage":"en-US"},{"@type":"WebPage","@id":"https:\/\/great-artmag.com\/en\/musee-luxembourg-fernand-leger\/","url":"https:\/\/great-artmag.com\/en\/musee-luxembourg-fernand-leger\/","name":"Mus\u00e9e du Luxembourg : qui sont les h\u00e9ritiers de Fernand L\u00e9ger ? - GREAT-ARTMAG","isPartOf":{"@id":"https:\/\/great-artmag.com\/en\/#website"},"primaryImageOfPage":{"@id":"https:\/\/great-artmag.com\/en\/musee-luxembourg-fernand-leger\/#primaryimage"},"image":{"@id":"https:\/\/great-artmag.com\/en\/musee-luxembourg-fernand-leger\/#primaryimage"},"thumbnailUrl":"https:\/\/great-artmag.com\/wp-content\/uploads\/2025\/05\/fernand-leger-les-loisirs-hommage-a-louis-david-1948-1949-centre-pompidou-mnam-adagp-paris-2016-1495225150.jpg","datePublished":"2025-05-20T07:26:23+00:00","dateModified":"2025-05-20T11:58:22+00:00","breadcrumb":{"@id":"https:\/\/great-artmag.com\/en\/musee-luxembourg-fernand-leger\/#breadcrumb"},"inLanguage":"en-US","potentialAction":[{"@type":"ReadAction","target":["https:\/\/great-artmag.com\/en\/musee-luxembourg-fernand-leger\/"]}]},{"@type":"ImageObject","inLanguage":"en-US","@id":"https:\/\/great-artmag.com\/en\/musee-luxembourg-fernand-leger\/#primaryimage","url":"https:\/\/great-artmag.com\/wp-content\/uploads\/2025\/05\/fernand-leger-les-loisirs-hommage-a-louis-david-1948-1949-centre-pompidou-mnam-adagp-paris-2016-1495225150.jpg","contentUrl":"https:\/\/great-artmag.com\/wp-content\/uploads\/2025\/05\/fernand-leger-les-loisirs-hommage-a-louis-david-1948-1949-centre-pompidou-mnam-adagp-paris-2016-1495225150.jpg","width":1600,"height":1264},{"@type":"BreadcrumbList","@id":"https:\/\/great-artmag.com\/en\/musee-luxembourg-fernand-leger\/#breadcrumb","itemListElement":[{"@type":"ListItem","position":1,"name":"Accueil","item":"https:\/\/great-artmag.com\/en\/"},{"@type":"ListItem","position":2,"name":"Mus\u00e9e du Luxembourg : qui sont les h\u00e9ritiers de Fernand L\u00e9ger ?"}]},{"@type":"WebSite","@id":"https:\/\/great-artmag.com\/en\/#website","url":"https:\/\/great-artmag.com\/en\/","name":"Great ArtMag","description":"Le Magazine des H\u00e9donistes","publisher":{"@id":"https:\/\/great-artmag.com\/en\/#organization"},"potentialAction":[{"@type":"SearchAction","target":{"@type":"EntryPoint","urlTemplate":"https:\/\/great-artmag.com\/en\/?s={search_term_string}"},"query-input":{"@type":"PropertyValueSpecification","valueRequired":true,"valueName":"search_term_string"}}],"inLanguage":"en-US"},{"@type":"Organization","@id":"https:\/\/great-artmag.com\/en\/#organization","name":"GREAT ARTMAG","url":"https:\/\/great-artmag.com\/en\/","logo":{"@type":"ImageObject","inLanguage":"en-US","@id":"https:\/\/great-artmag.com\/en\/#\/schema\/logo\/image\/","url":"https:\/\/great-artmag.com\/wp-content\/uploads\/2024\/07\/IMG_5403.jpg","contentUrl":"https:\/\/great-artmag.com\/wp-content\/uploads\/2024\/07\/IMG_5403.jpg","width":860,"height":368,"caption":"GREAT ARTMAG"},"image":{"@id":"https:\/\/great-artmag.com\/en\/#\/schema\/logo\/image\/"},"sameAs":["https:\/\/www.instagram.com\/great_artmag"]},{"@type":"Person","@id":"https:\/\/great-artmag.com\/en\/#\/schema\/person\/07a768635fe6f6d87951dc8ae985eeda","name":"Alexia Gugg\u00e9mos","url":"https:\/\/great-artmag.com\/en\/author\/admin5782\/"}]}},"amp_enabled":true,"_links":{"self":[{"href":"https:\/\/great-artmag.com\/en\/wp-json\/wp\/v2\/posts\/4984","targetHints":{"allow":["GET"]}}],"collection":[{"href":"https:\/\/great-artmag.com\/en\/wp-json\/wp\/v2\/posts"}],"about":[{"href":"https:\/\/great-artmag.com\/en\/wp-json\/wp\/v2\/types\/post"}],"author":[{"embeddable":true,"href":"https:\/\/great-artmag.com\/en\/wp-json\/wp\/v2\/users\/1"}],"replies":[{"embeddable":true,"href":"https:\/\/great-artmag.com\/en\/wp-json\/wp\/v2\/comments?post=4984"}],"version-history":[{"count":0,"href":"https:\/\/great-artmag.com\/en\/wp-json\/wp\/v2\/posts\/4984\/revisions"}],"wp:featuredmedia":[{"embeddable":true,"href":"https:\/\/great-artmag.com\/en\/wp-json\/wp\/v2\/media\/4985"}],"wp:attachment":[{"href":"https:\/\/great-artmag.com\/en\/wp-json\/wp\/v2\/media?parent=4984"}],"wp:term":[{"taxonomy":"category","embeddable":true,"href":"https:\/\/great-artmag.com\/en\/wp-json\/wp\/v2\/categories?post=4984"},{"taxonomy":"post_tag","embeddable":true,"href":"https:\/\/great-artmag.com\/en\/wp-json\/wp\/v2\/tags?post=4984"}],"curies":[{"name":"wp","href":"https:\/\/api.w.org\/{rel}","templated":true}]}}