{"id":5113,"date":"2025-06-12T09:06:43","date_gmt":"2025-06-12T07:06:43","guid":{"rendered":"https:\/\/great-artmag.com\/?p=5113"},"modified":"2025-06-12T09:17:32","modified_gmt":"2025-06-12T07:17:32","slug":"gerard-traquandi-a-la-friche-de-lescalette","status":"publish","type":"post","link":"https:\/\/great-artmag.com\/en\/gerard-traquandi-a-la-friche-de-lescalette\/","title":{"rendered":"G\u00e9rard Traquandi \u00e0 la Friche de l\u2019Escalette : dialogue po\u00e9tique avec l&#8217;architecture"},"content":{"rendered":"<p><strong>\u00c0 Marseille, nich\u00e9e entre mer et falaise, la Friche de l\u2019Escalette ne ressemble \u00e0 aucun autre lieu d\u2019exposition. L&#8217;artiste G\u00e9rard Traquandi y invertit l&#8217;ancienne fonderie de plomb avec une s\u00e9rie de toiles sur le th\u00e8me du cycle du jour. Du 2 juillet au 31 ao\u00fbt.<\/strong><\/p>\n<p><img decoding=\"async\" class=\" wp-image-5117 alignright\" src=\"https:\/\/great-artmag.com\/wp-content\/uploads\/2025\/06\/traquandi-escalette-1.png\" alt=\"\" width=\"271\" height=\"324\" srcset=\"https:\/\/great-artmag.com\/wp-content\/uploads\/2025\/06\/traquandi-escalette-1.png 1384w, https:\/\/great-artmag.com\/wp-content\/uploads\/2025\/06\/traquandi-escalette-1-251x300.png 251w, https:\/\/great-artmag.com\/wp-content\/uploads\/2025\/06\/traquandi-escalette-1-857x1024.png 857w, https:\/\/great-artmag.com\/wp-content\/uploads\/2025\/06\/traquandi-escalette-1-768x918.png 768w, https:\/\/great-artmag.com\/wp-content\/uploads\/2025\/06\/traquandi-escalette-1-1285x1536.png 1285w, https:\/\/great-artmag.com\/wp-content\/uploads\/2025\/06\/traquandi-escalette-1-351x420.png 351w, https:\/\/great-artmag.com\/wp-content\/uploads\/2025\/06\/traquandi-escalette-1-696x832.png 696w, https:\/\/great-artmag.com\/wp-content\/uploads\/2025\/06\/traquandi-escalette-1-1068x1276.png 1068w\" sizes=\"(max-width: 271px) 100vw, 271px\" \/>Fond\u00e9e en 2016 par le galeriste et collectionneur \u00c9ric Touchaleaume, cette ancienne usine m\u00e9tallurgique a \u00e9t\u00e9 sauv\u00e9e de l\u2019abandon pour rena\u00eetre en galerie en plein air. Touchaleaume, d\u00e9j\u00e0 connu \u00e0 Paris pour la <a href=\"https:\/\/galerie54.com\/\">Galerie 54<\/a> et son travail de red\u00e9couverte du design du XXe si\u00e8cle, y a imagin\u00e9 un espace singulier o\u00f9 les \u0153uvres dialoguent avec le paysage, les ruines et l\u2019architecture industrielle. Chaque \u00e9t\u00e9, le site s\u2019ouvre au public sur r\u00e9servation, et propose un parcours entre art, mobilier moderniste et vestiges historiques.<\/p>\n<p>Dans un d\u00e9cor naturel \u00e0 couper le souffle, il faut d\u2019abord s\u2019aventurer jusqu\u2019\u00e0 l\u2019extr\u00eame sud de Marseille, franchir la route escarp\u00e9e qui m\u00e8ne aux Goudes, puis s\u2019engager dans une impasse que prot\u00e8ge un simple portail de bois. L\u00e0, lov\u00e9e \u00e0 l\u2019or\u00e9e du Parc national des Calanques, la Friche de l\u2019Escalette offre une halte singuli\u00e8re. Ancienne usine corrod\u00e9e par le sel et les ans, elle se transforme depuis 2016 en galerie, o\u00f9 l\u2019art contemporain dialogue avec l\u2019architecture industrielle.<\/p>\n<p>C\u2019est dans cet environnement brut que revient G\u00e9rard Traquandi. Ses c\u00e9ramiques baroques y avaient d\u00e9j\u00e0 trouv\u00e9 leur place naturelle en 2021. Il revient \u00e0 l&#8217;\u00e9t\u00e9 2025 avec un cycle de peintures qui racontent la lumi\u00e8re. De l\u2019aube au cr\u00e9puscule, ses toiles capturent les teintes d\u2019un monde qu\u2019on croit familier. Beus lav\u00e9s, ocres assourdis, et violets du soir semblent absorb\u00e9s dans la pierre m\u00eame du site, en parfaite r\u00e9sonance avec la rudesse des jarres de terre qui accompagnent les toiles.<\/p>\n<p><img decoding=\"async\" class=\" wp-image-5116 alignleft\" src=\"https:\/\/great-artmag.com\/wp-content\/uploads\/2025\/06\/traquandi-escalette-2.png\" alt=\"\" width=\"274\" height=\"371\" srcset=\"https:\/\/great-artmag.com\/wp-content\/uploads\/2025\/06\/traquandi-escalette-2.png 918w, https:\/\/great-artmag.com\/wp-content\/uploads\/2025\/06\/traquandi-escalette-2-221x300.png 221w, https:\/\/great-artmag.com\/wp-content\/uploads\/2025\/06\/traquandi-escalette-2-756x1024.png 756w, https:\/\/great-artmag.com\/wp-content\/uploads\/2025\/06\/traquandi-escalette-2-768x1041.png 768w, https:\/\/great-artmag.com\/wp-content\/uploads\/2025\/06\/traquandi-escalette-2-310x420.png 310w, https:\/\/great-artmag.com\/wp-content\/uploads\/2025\/06\/traquandi-escalette-2-696x943.png 696w\" sizes=\"(max-width: 274px) 100vw, 274px\" \/>Jean Prouv\u00e9, Le Corbusier, Charlotte Perriand, Pierre Jeanneret&#8230; Ici, la sc\u00e9nographie abandonne r\u00e9solument le &#8220;white cube&#8221; pour orchestrer une rencontre audacieuse entre l\u2019art de Traquandi et le design d\u2019architectes. Les objets de ces pionniers du XXe si\u00e8cle (tables, chaises, cloisons, modules) deviennent sculptures. Il se d\u00e9gage de cette cohabitation une po\u00e9sie \u00e9trange, presque arch\u00e9ologique : celle d\u2019un monde r\u00e9volu o\u00f9 l\u2019utile \u00e9tait aussi beau qu&#8217;essentiel. Cette mise en sc\u00e8ne, pens\u00e9e avec justesse par \u00c9ric et Elliot Touchaleaume, galeristes et passeurs d\u2019histoire, prolonge une vision rare : celle d\u2019un lieu o\u00f9 l\u2019on restaure la m\u00e9moire sans nostalgie, en inventant une nouvelle fa\u00e7on de voir.<\/p>\n<p>G\u00e9rard Traquandi, n\u00e9 \u00e0 Marseille, familier de ces terres et de ces silences, s\u2019inscrit avec \u00e9vidence dans ce paysage \u00e9poustouflant. \u00c0 73 ans, lui qui aime les abbayes, les pierres, les lieux travers\u00e9s de forces anciennes, trouve \u00e0 l\u2019Escalette un \u00e9crin presque spirituel. Il ne peint pas la nature, il peint avec elle. Et ses \u0153uvres, dans ce site exceptionnel, deviennent comme les \u00e9chos d\u2019un temps qui se suspend. L\u2019exposition Traquandi est visible jusqu\u2019au 31 ao\u00fbt, sur r\u00e9servation. Mais la Friche, d\u00e9sormais ouverte toute l\u2019ann\u00e9e aux professionnels sur rendez-vous, s\u2019impose comme un rep\u00e8re discret mais essentiel dans la cartographie du design et de l\u2019art contemporain. On n\u2019y vient pas par hasard.<\/p>\n<p>&gt; Acc\u00e9der au site de la Friche de l&#8217;escalette <a href=\"https:\/\/friche-escalette.com\/\">friche-escalette.com<\/a><\/p>\n","protected":false},"excerpt":{"rendered":"<p>\u00c0 Marseille, nich\u00e9e entre mer et falaise, la Friche de l\u2019Escalette ne ressemble \u00e0 aucun autre lieu d\u2019exposition. L&#8217;artiste G\u00e9rard Traquandi y invertit l&#8217;ancienne fonderie de plomb avec une s\u00e9rie de toiles sur le th\u00e8me du cycle du jour. Du 2 juillet au 31 ao\u00fbt. Fond\u00e9e en 2016 par le galeriste et collectionneur \u00c9ric Touchaleaume, [&hellip;]<\/p>\n","protected":false},"author":1,"featured_media":5114,"comment_status":"closed","ping_status":"closed","sticky":false,"template":"","format":"standard","meta":{"inline_featured_image":false,"tdm_status":"","tdm_grid_status":"","footnotes":""},"categories":[1163],"tags":[],"class_list":["post-5113","post","type-post","status-publish","format-standard","has-post-thumbnail","hentry","category-exposition"],"yoast_head":"<!-- This site is optimized with the Yoast SEO plugin v27.5 - https:\/\/yoast.com\/product\/yoast-seo-wordpress\/ -->\n<title>G\u00e9rard Traquandi \u00e0 la Friche de l\u2019Escalette : dialogue po\u00e9tique avec l&#039;architecture - GREAT-ARTMAG<\/title>\n<meta name=\"robots\" content=\"index, follow, max-snippet:-1, max-image-preview:large, max-video-preview:-1\" \/>\n<link rel=\"canonical\" href=\"https:\/\/great-artmag.com\/en\/gerard-traquandi-a-la-friche-de-lescalette\/\" \/>\n<meta property=\"og:locale\" content=\"en_US\" \/>\n<meta property=\"og:type\" content=\"article\" \/>\n<meta property=\"og:title\" content=\"G\u00e9rard Traquandi \u00e0 la Friche de l\u2019Escalette : dialogue po\u00e9tique avec l&#039;architecture - GREAT-ARTMAG\" \/>\n<meta property=\"og:description\" content=\"\u00c0 Marseille, nich\u00e9e entre mer et falaise, la Friche de l\u2019Escalette ne ressemble \u00e0 aucun autre lieu d\u2019exposition. L&#8217;artiste G\u00e9rard Traquandi y invertit l&#8217;ancienne fonderie de plomb avec une s\u00e9rie de toiles sur le th\u00e8me du cycle du jour. Du 2 juillet au 31 ao\u00fbt. Fond\u00e9e en 2016 par le galeriste et collectionneur \u00c9ric Touchaleaume, [&hellip;]\" \/>\n<meta property=\"og:url\" content=\"https:\/\/great-artmag.com\/en\/gerard-traquandi-a-la-friche-de-lescalette\/\" \/>\n<meta property=\"og:site_name\" content=\"GREAT-ARTMAG\" \/>\n<meta property=\"article:published_time\" content=\"2025-06-12T07:06:43+00:00\" \/>\n<meta property=\"article:modified_time\" content=\"2025-06-12T07:17:32+00:00\" \/>\n<meta property=\"og:image\" content=\"https:\/\/great-artmag.com\/wp-content\/uploads\/2025\/06\/friche_escalette-1024x587.png\" \/>\n\t<meta property=\"og:image:width\" content=\"1024\" \/>\n\t<meta property=\"og:image:height\" content=\"587\" \/>\n\t<meta property=\"og:image:type\" content=\"image\/png\" \/>\n<meta name=\"author\" content=\"Alexia Gugg\u00e9mos\" \/>\n<meta name=\"twitter:card\" content=\"summary_large_image\" \/>\n<meta name=\"twitter:label1\" content=\"Written by\" \/>\n\t<meta name=\"twitter:data1\" content=\"Alexia Gugg\u00e9mos\" \/>\n\t<meta name=\"twitter:label2\" content=\"Est. reading time\" \/>\n\t<meta name=\"twitter:data2\" content=\"4 minutes\" \/>\n<script type=\"application\/ld+json\" class=\"yoast-schema-graph\">{\"@context\":\"https:\\\/\\\/schema.org\",\"@graph\":[{\"@type\":\"Article\",\"@id\":\"https:\\\/\\\/great-artmag.com\\\/en\\\/gerard-traquandi-a-la-friche-de-lescalette\\\/#article\",\"isPartOf\":{\"@id\":\"https:\\\/\\\/great-artmag.com\\\/en\\\/gerard-traquandi-a-la-friche-de-lescalette\\\/\"},\"author\":{\"name\":\"Alexia Gugg\u00e9mos\",\"@id\":\"https:\\\/\\\/great-artmag.com\\\/en\\\/#\\\/schema\\\/person\\\/07a768635fe6f6d87951dc8ae985eeda\"},\"headline\":\"G\u00e9rard Traquandi \u00e0 la Friche de l\u2019Escalette : dialogue po\u00e9tique avec l&#8217;architecture\",\"datePublished\":\"2025-06-12T07:06:43+00:00\",\"dateModified\":\"2025-06-12T07:17:32+00:00\",\"mainEntityOfPage\":{\"@id\":\"https:\\\/\\\/great-artmag.com\\\/en\\\/gerard-traquandi-a-la-friche-de-lescalette\\\/\"},\"wordCount\":591,\"publisher\":{\"@id\":\"https:\\\/\\\/great-artmag.com\\\/en\\\/#organization\"},\"image\":{\"@id\":\"https:\\\/\\\/great-artmag.com\\\/en\\\/gerard-traquandi-a-la-friche-de-lescalette\\\/#primaryimage\"},\"thumbnailUrl\":\"https:\\\/\\\/great-artmag.com\\\/wp-content\\\/uploads\\\/2025\\\/06\\\/friche_escalette.png\",\"articleSection\":[\"EXPOSITIONS\"],\"inLanguage\":\"en-US\"},{\"@type\":\"WebPage\",\"@id\":\"https:\\\/\\\/great-artmag.com\\\/en\\\/gerard-traquandi-a-la-friche-de-lescalette\\\/\",\"url\":\"https:\\\/\\\/great-artmag.com\\\/en\\\/gerard-traquandi-a-la-friche-de-lescalette\\\/\",\"name\":\"G\u00e9rard Traquandi \u00e0 la Friche de l\u2019Escalette : dialogue po\u00e9tique avec l'architecture - GREAT-ARTMAG\",\"isPartOf\":{\"@id\":\"https:\\\/\\\/great-artmag.com\\\/en\\\/#website\"},\"primaryImageOfPage\":{\"@id\":\"https:\\\/\\\/great-artmag.com\\\/en\\\/gerard-traquandi-a-la-friche-de-lescalette\\\/#primaryimage\"},\"image\":{\"@id\":\"https:\\\/\\\/great-artmag.com\\\/en\\\/gerard-traquandi-a-la-friche-de-lescalette\\\/#primaryimage\"},\"thumbnailUrl\":\"https:\\\/\\\/great-artmag.com\\\/wp-content\\\/uploads\\\/2025\\\/06\\\/friche_escalette.png\",\"datePublished\":\"2025-06-12T07:06:43+00:00\",\"dateModified\":\"2025-06-12T07:17:32+00:00\",\"breadcrumb\":{\"@id\":\"https:\\\/\\\/great-artmag.com\\\/en\\\/gerard-traquandi-a-la-friche-de-lescalette\\\/#breadcrumb\"},\"inLanguage\":\"en-US\",\"potentialAction\":[{\"@type\":\"ReadAction\",\"target\":[\"https:\\\/\\\/great-artmag.com\\\/en\\\/gerard-traquandi-a-la-friche-de-lescalette\\\/\"]}]},{\"@type\":\"ImageObject\",\"inLanguage\":\"en-US\",\"@id\":\"https:\\\/\\\/great-artmag.com\\\/en\\\/gerard-traquandi-a-la-friche-de-lescalette\\\/#primaryimage\",\"url\":\"https:\\\/\\\/great-artmag.com\\\/wp-content\\\/uploads\\\/2025\\\/06\\\/friche_escalette.png\",\"contentUrl\":\"https:\\\/\\\/great-artmag.com\\\/wp-content\\\/uploads\\\/2025\\\/06\\\/friche_escalette.png\",\"width\":2174,\"height\":1246},{\"@type\":\"BreadcrumbList\",\"@id\":\"https:\\\/\\\/great-artmag.com\\\/en\\\/gerard-traquandi-a-la-friche-de-lescalette\\\/#breadcrumb\",\"itemListElement\":[{\"@type\":\"ListItem\",\"position\":1,\"name\":\"Accueil\",\"item\":\"https:\\\/\\\/great-artmag.com\\\/en\\\/\"},{\"@type\":\"ListItem\",\"position\":2,\"name\":\"G\u00e9rard Traquandi \u00e0 la Friche de l\u2019Escalette : dialogue po\u00e9tique avec l&rsquo;architecture\"}]},{\"@type\":\"WebSite\",\"@id\":\"https:\\\/\\\/great-artmag.com\\\/en\\\/#website\",\"url\":\"https:\\\/\\\/great-artmag.com\\\/en\\\/\",\"name\":\"Great ArtMag\",\"description\":\"Le Magazine des H\u00e9donistes\",\"publisher\":{\"@id\":\"https:\\\/\\\/great-artmag.com\\\/en\\\/#organization\"},\"potentialAction\":[{\"@type\":\"SearchAction\",\"target\":{\"@type\":\"EntryPoint\",\"urlTemplate\":\"https:\\\/\\\/great-artmag.com\\\/en\\\/?s={search_term_string}\"},\"query-input\":{\"@type\":\"PropertyValueSpecification\",\"valueRequired\":true,\"valueName\":\"search_term_string\"}}],\"inLanguage\":\"en-US\"},{\"@type\":\"Organization\",\"@id\":\"https:\\\/\\\/great-artmag.com\\\/en\\\/#organization\",\"name\":\"GREAT ARTMAG\",\"url\":\"https:\\\/\\\/great-artmag.com\\\/en\\\/\",\"logo\":{\"@type\":\"ImageObject\",\"inLanguage\":\"en-US\",\"@id\":\"https:\\\/\\\/great-artmag.com\\\/en\\\/#\\\/schema\\\/logo\\\/image\\\/\",\"url\":\"https:\\\/\\\/great-artmag.com\\\/wp-content\\\/uploads\\\/2024\\\/07\\\/IMG_5403.jpg\",\"contentUrl\":\"https:\\\/\\\/great-artmag.com\\\/wp-content\\\/uploads\\\/2024\\\/07\\\/IMG_5403.jpg\",\"width\":860,\"height\":368,\"caption\":\"GREAT ARTMAG\"},\"image\":{\"@id\":\"https:\\\/\\\/great-artmag.com\\\/en\\\/#\\\/schema\\\/logo\\\/image\\\/\"},\"sameAs\":[\"https:\\\/\\\/www.instagram.com\\\/great_artmag\"]},{\"@type\":\"Person\",\"@id\":\"https:\\\/\\\/great-artmag.com\\\/en\\\/#\\\/schema\\\/person\\\/07a768635fe6f6d87951dc8ae985eeda\",\"name\":\"Alexia Gugg\u00e9mos\",\"url\":\"https:\\\/\\\/great-artmag.com\\\/en\\\/author\\\/admin5782\\\/\"}]}<\/script>\n<!-- \/ Yoast SEO plugin. -->","yoast_head_json":{"title":"G\u00e9rard Traquandi \u00e0 la Friche de l\u2019Escalette : dialogue po\u00e9tique avec l'architecture - GREAT-ARTMAG","robots":{"index":"index","follow":"follow","max-snippet":"max-snippet:-1","max-image-preview":"max-image-preview:large","max-video-preview":"max-video-preview:-1"},"canonical":"https:\/\/great-artmag.com\/en\/gerard-traquandi-a-la-friche-de-lescalette\/","og_locale":"en_US","og_type":"article","og_title":"G\u00e9rard Traquandi \u00e0 la Friche de l\u2019Escalette : dialogue po\u00e9tique avec l'architecture - GREAT-ARTMAG","og_description":"\u00c0 Marseille, nich\u00e9e entre mer et falaise, la Friche de l\u2019Escalette ne ressemble \u00e0 aucun autre lieu d\u2019exposition. L&#8217;artiste G\u00e9rard Traquandi y invertit l&#8217;ancienne fonderie de plomb avec une s\u00e9rie de toiles sur le th\u00e8me du cycle du jour. Du 2 juillet au 31 ao\u00fbt. Fond\u00e9e en 2016 par le galeriste et collectionneur \u00c9ric Touchaleaume, [&hellip;]","og_url":"https:\/\/great-artmag.com\/en\/gerard-traquandi-a-la-friche-de-lescalette\/","og_site_name":"GREAT-ARTMAG","article_published_time":"2025-06-12T07:06:43+00:00","article_modified_time":"2025-06-12T07:17:32+00:00","og_image":[{"width":1024,"height":587,"url":"https:\/\/great-artmag.com\/wp-content\/uploads\/2025\/06\/friche_escalette-1024x587.png","type":"image\/png"}],"author":"Alexia Gugg\u00e9mos","twitter_card":"summary_large_image","twitter_misc":{"Written by":"Alexia Gugg\u00e9mos","Est. reading time":"4 minutes"},"schema":{"@context":"https:\/\/schema.org","@graph":[{"@type":"Article","@id":"https:\/\/great-artmag.com\/en\/gerard-traquandi-a-la-friche-de-lescalette\/#article","isPartOf":{"@id":"https:\/\/great-artmag.com\/en\/gerard-traquandi-a-la-friche-de-lescalette\/"},"author":{"name":"Alexia Gugg\u00e9mos","@id":"https:\/\/great-artmag.com\/en\/#\/schema\/person\/07a768635fe6f6d87951dc8ae985eeda"},"headline":"G\u00e9rard Traquandi \u00e0 la Friche de l\u2019Escalette : dialogue po\u00e9tique avec l&#8217;architecture","datePublished":"2025-06-12T07:06:43+00:00","dateModified":"2025-06-12T07:17:32+00:00","mainEntityOfPage":{"@id":"https:\/\/great-artmag.com\/en\/gerard-traquandi-a-la-friche-de-lescalette\/"},"wordCount":591,"publisher":{"@id":"https:\/\/great-artmag.com\/en\/#organization"},"image":{"@id":"https:\/\/great-artmag.com\/en\/gerard-traquandi-a-la-friche-de-lescalette\/#primaryimage"},"thumbnailUrl":"https:\/\/great-artmag.com\/wp-content\/uploads\/2025\/06\/friche_escalette.png","articleSection":["EXPOSITIONS"],"inLanguage":"en-US"},{"@type":"WebPage","@id":"https:\/\/great-artmag.com\/en\/gerard-traquandi-a-la-friche-de-lescalette\/","url":"https:\/\/great-artmag.com\/en\/gerard-traquandi-a-la-friche-de-lescalette\/","name":"G\u00e9rard Traquandi \u00e0 la Friche de l\u2019Escalette : dialogue po\u00e9tique avec l'architecture - GREAT-ARTMAG","isPartOf":{"@id":"https:\/\/great-artmag.com\/en\/#website"},"primaryImageOfPage":{"@id":"https:\/\/great-artmag.com\/en\/gerard-traquandi-a-la-friche-de-lescalette\/#primaryimage"},"image":{"@id":"https:\/\/great-artmag.com\/en\/gerard-traquandi-a-la-friche-de-lescalette\/#primaryimage"},"thumbnailUrl":"https:\/\/great-artmag.com\/wp-content\/uploads\/2025\/06\/friche_escalette.png","datePublished":"2025-06-12T07:06:43+00:00","dateModified":"2025-06-12T07:17:32+00:00","breadcrumb":{"@id":"https:\/\/great-artmag.com\/en\/gerard-traquandi-a-la-friche-de-lescalette\/#breadcrumb"},"inLanguage":"en-US","potentialAction":[{"@type":"ReadAction","target":["https:\/\/great-artmag.com\/en\/gerard-traquandi-a-la-friche-de-lescalette\/"]}]},{"@type":"ImageObject","inLanguage":"en-US","@id":"https:\/\/great-artmag.com\/en\/gerard-traquandi-a-la-friche-de-lescalette\/#primaryimage","url":"https:\/\/great-artmag.com\/wp-content\/uploads\/2025\/06\/friche_escalette.png","contentUrl":"https:\/\/great-artmag.com\/wp-content\/uploads\/2025\/06\/friche_escalette.png","width":2174,"height":1246},{"@type":"BreadcrumbList","@id":"https:\/\/great-artmag.com\/en\/gerard-traquandi-a-la-friche-de-lescalette\/#breadcrumb","itemListElement":[{"@type":"ListItem","position":1,"name":"Accueil","item":"https:\/\/great-artmag.com\/en\/"},{"@type":"ListItem","position":2,"name":"G\u00e9rard Traquandi \u00e0 la Friche de l\u2019Escalette : dialogue po\u00e9tique avec l&rsquo;architecture"}]},{"@type":"WebSite","@id":"https:\/\/great-artmag.com\/en\/#website","url":"https:\/\/great-artmag.com\/en\/","name":"Great ArtMag","description":"Le Magazine des H\u00e9donistes","publisher":{"@id":"https:\/\/great-artmag.com\/en\/#organization"},"potentialAction":[{"@type":"SearchAction","target":{"@type":"EntryPoint","urlTemplate":"https:\/\/great-artmag.com\/en\/?s={search_term_string}"},"query-input":{"@type":"PropertyValueSpecification","valueRequired":true,"valueName":"search_term_string"}}],"inLanguage":"en-US"},{"@type":"Organization","@id":"https:\/\/great-artmag.com\/en\/#organization","name":"GREAT ARTMAG","url":"https:\/\/great-artmag.com\/en\/","logo":{"@type":"ImageObject","inLanguage":"en-US","@id":"https:\/\/great-artmag.com\/en\/#\/schema\/logo\/image\/","url":"https:\/\/great-artmag.com\/wp-content\/uploads\/2024\/07\/IMG_5403.jpg","contentUrl":"https:\/\/great-artmag.com\/wp-content\/uploads\/2024\/07\/IMG_5403.jpg","width":860,"height":368,"caption":"GREAT ARTMAG"},"image":{"@id":"https:\/\/great-artmag.com\/en\/#\/schema\/logo\/image\/"},"sameAs":["https:\/\/www.instagram.com\/great_artmag"]},{"@type":"Person","@id":"https:\/\/great-artmag.com\/en\/#\/schema\/person\/07a768635fe6f6d87951dc8ae985eeda","name":"Alexia Gugg\u00e9mos","url":"https:\/\/great-artmag.com\/en\/author\/admin5782\/"}]}},"amp_enabled":true,"_links":{"self":[{"href":"https:\/\/great-artmag.com\/en\/wp-json\/wp\/v2\/posts\/5113","targetHints":{"allow":["GET"]}}],"collection":[{"href":"https:\/\/great-artmag.com\/en\/wp-json\/wp\/v2\/posts"}],"about":[{"href":"https:\/\/great-artmag.com\/en\/wp-json\/wp\/v2\/types\/post"}],"author":[{"embeddable":true,"href":"https:\/\/great-artmag.com\/en\/wp-json\/wp\/v2\/users\/1"}],"replies":[{"embeddable":true,"href":"https:\/\/great-artmag.com\/en\/wp-json\/wp\/v2\/comments?post=5113"}],"version-history":[{"count":0,"href":"https:\/\/great-artmag.com\/en\/wp-json\/wp\/v2\/posts\/5113\/revisions"}],"wp:featuredmedia":[{"embeddable":true,"href":"https:\/\/great-artmag.com\/en\/wp-json\/wp\/v2\/media\/5114"}],"wp:attachment":[{"href":"https:\/\/great-artmag.com\/en\/wp-json\/wp\/v2\/media?parent=5113"}],"wp:term":[{"taxonomy":"category","embeddable":true,"href":"https:\/\/great-artmag.com\/en\/wp-json\/wp\/v2\/categories?post=5113"},{"taxonomy":"post_tag","embeddable":true,"href":"https:\/\/great-artmag.com\/en\/wp-json\/wp\/v2\/tags?post=5113"}],"curies":[{"name":"wp","href":"https:\/\/api.w.org\/{rel}","templated":true}]}}