{"id":5315,"date":"2025-10-01T10:47:45","date_gmt":"2025-10-01T08:47:45","guid":{"rendered":"https:\/\/great-artmag.com\/?p=5315"},"modified":"2025-10-01T16:02:01","modified_gmt":"2025-10-01T14:02:01","slug":"abdessamad-el-montassir-laureat-2025-de-la-bourse-villa-medicis-x-fondation-louis-roederer","status":"publish","type":"post","link":"https:\/\/great-artmag.com\/en\/abdessamad-el-montassir-laureat-2025-de-la-bourse-villa-medicis-x-fondation-louis-roederer\/","title":{"rendered":"Abdessamad El Montassir, laur\u00e9at 2025 de la Bourse Villa M\u00e9dicis x Fondation Louis Roederer"},"content":{"rendered":"<p><strong>L\u2019Acad\u00e9mie de France \u00e0 Rome \u2013 Villa M\u00e9dicis met \u00e0 l\u2019honneur le travail d\u2019un artiste dont l\u2019\u0153uvre se d\u00e9ploie aux confins du Sahara et des paysages int\u00e9rieurs de la m\u00e9moire : Abdessamad El Montassir. Laur\u00e9at 2025 de la Bourse Villa M\u00e9dicis x Fondation Louis Roederer, n\u00e9 en 1989 dans le sud du Maroc, il appartient \u00e0 cette g\u00e9n\u00e9ration de plasticiens qui tissent un lien \u00e9troit entre art et recherche, po\u00e9sie et histoire collective. Une exposition intitul\u00e9e \u00ab Une pierre sous la langue \u00bb lui est consacr\u00e9e au Frac Franche-Comt\u00e9 \u00e0 Besan\u00e7on du 17 octobre au 1er mars 2026.\u00a0<\/strong><\/p>\n<blockquote>\n<h3 data-start=\"2685\" data-end=\"2758\">\u00ab Une pierre sous la langue \u00bb : un titre en forme de po\u00e8me sahraoui<\/h3>\n<\/blockquote>\n<p data-start=\"2759\" data-end=\"2943\">Le titre de l\u2019exposition est emprunt\u00e9 \u00e0 une tradition po\u00e9tique sahraouie. Elle dit : <em data-start=\"2844\" data-end=\"2941\">\u00ab Mets une pierre sous ta langue pour oublier, puis jette-la vers le soleil pour te souvenir. \u00bb <\/em>Cette m\u00e9taphore puissante structure l\u2019ensemble du projet d\u2019Abdessamad El Montassir. La pierre est ici un r\u00e9ceptacle de m\u00e9moire et un outil de silence ; la langue, \u00e0 la fois organe de parole et lieu de l\u2019oppression ; le soleil, symbole de v\u00e9rit\u00e9 et de r\u00e9surgence. L\u2019oubli est donc un geste actif, presque rituel, tout comme le souvenir. Entre ces deux p\u00f4les, se d\u00e9ploie la cr\u00e9ation de l\u2019artiste : un art de l\u2019entre-deux, du fragile, de l\u2019invisible. L\u2019exposition r\u00e9unit des \u0153uvres produites entre 2021 et 2024, dont deux pi\u00e8ces appartenant d\u00e9j\u00e0 \u00e0 la collection du Frac Franche-Comt\u00e9. Elle inclut \u00e9galement des cr\u00e9ations con\u00e7ues lors du s\u00e9jour de l\u2019artiste \u00e0 Rome. Vid\u00e9os, installations et photographies construisent un r\u00e9cit fragmentaire o\u00f9 s\u2019entrem\u00ealent histoire politique, drames intimes, m\u00e9moire orale et transmission des savoirs.<\/p>\n<p data-start=\"3833\" data-end=\"4175\">Le travail d\u2019El Montassir se distingue par son approche cartographique. Ses photographies et ses vid\u00e9os composent des itin\u00e9raires sensibles, \u00e0 la mani\u00e8re de relev\u00e9s ethnographiques po\u00e9tiques. Mais l\u00e0 o\u00f9 la cartographie scientifique vise la pr\u00e9cision et l\u2019objectivit\u00e9, la sienne explore les interstices, les zones de silence, les marges. Chaque image est un fragment de m\u00e9moire raviv\u00e9e. Elle ne documente pas seulement une r\u00e9alit\u00e9 g\u00e9ographique : elle donne \u00e0 voir ce qui est habituellement effac\u00e9 ou minor\u00e9. Les plantes, les pierres, les paysages d\u00e9sertiques deviennent autant de t\u00e9moins muets d\u2019histoires de domination, de traumatismes enfouis, mais aussi de r\u00e9sistances invisibles. \u00c0 travers cette d\u00e9marche, l\u2019artiste construit une g\u00e9opo\u00e9tique : une fa\u00e7on de r\u00e9v\u00e9ler les espaces invisibilis\u00e9s par les r\u00e9cits dominants, et de restituer leur charge politique, culturelle et sociale.<\/p>\n<p data-start=\"1612\" data-end=\"1950\">Depuis 2020, la Fondation Louis Roederer soutient l\u2019Acad\u00e9mie de France \u00e0 Rome. Elle participe \u00e0 la valorisation de la cr\u00e9ation contemporaine en accompagnant seize pensionnaires chaque ann\u00e9e. En 2017, la Villa M\u00e9dicis a cr\u00e9\u00e9 un fonds d\u2019aide \u00e0 la production, destin\u00e9 \u00e0 prolonger les projets des pensionnaires apr\u00e8s leur r\u00e9sidence. Ce dispositif a \u00e9t\u00e9 renforc\u00e9 en 2024 avec la cr\u00e9ation des Bourses de production Villa M\u00e9dicis x Fondation Louis Roederer. Deux laur\u00e9ats sont choisis chaque ann\u00e9e : un artiste et un chercheur. \u00c0 travers ce soutien, la Fondation Roederer apporte non seulement un financement mais aussi un accompagnement artistique sur mesure. En 2025, deux personnalit\u00e9s ont \u00e9t\u00e9 distingu\u00e9es : Abdessamad El Montassir pour son projet d\u2019exposition, et Pierre Von-Ow, historien de l\u2019art et commissaire d\u2019exposition. Cette reconnaissance inscrit l\u2019artiste marocain dans une lign\u00e9e d\u2019auteurs dont le travail d\u00e9passe les fronti\u00e8res de la simple production plastique pour interroger la m\u00e9moire collective et les modes de transmission.<\/p>\n<p data-start=\"1612\" data-end=\"1950\">Image : Abdessamad El Montassir, <em>Sadra Kodia,<\/em> 2025.Installation vid\u00e9o multi-\u00e9crans \u00a9 Abdessamad El Montassir \/ ADAGP, Paris<\/p>\n<p data-start=\"1612\" data-end=\"1950\"><img decoding=\"async\" class=\"alignnone size-full wp-image-5325\" src=\"https:\/\/great-artmag.com\/wp-content\/uploads\/2025\/10\/Maison-Salvan_2022_Abdessamad-El-Montassir-13-good-scaled.jpg\" alt=\"\" width=\"2560\" height=\"1414\" srcset=\"https:\/\/great-artmag.com\/wp-content\/uploads\/2025\/10\/Maison-Salvan_2022_Abdessamad-El-Montassir-13-good-scaled.jpg 2560w, https:\/\/great-artmag.com\/wp-content\/uploads\/2025\/10\/Maison-Salvan_2022_Abdessamad-El-Montassir-13-good-300x166.jpg 300w, https:\/\/great-artmag.com\/wp-content\/uploads\/2025\/10\/Maison-Salvan_2022_Abdessamad-El-Montassir-13-good-1024x566.jpg 1024w, https:\/\/great-artmag.com\/wp-content\/uploads\/2025\/10\/Maison-Salvan_2022_Abdessamad-El-Montassir-13-good-768x424.jpg 768w, https:\/\/great-artmag.com\/wp-content\/uploads\/2025\/10\/Maison-Salvan_2022_Abdessamad-El-Montassir-13-good-1536x849.jpg 1536w, https:\/\/great-artmag.com\/wp-content\/uploads\/2025\/10\/Maison-Salvan_2022_Abdessamad-El-Montassir-13-good-2048x1131.jpg 2048w, https:\/\/great-artmag.com\/wp-content\/uploads\/2025\/10\/Maison-Salvan_2022_Abdessamad-El-Montassir-13-good-760x420.jpg 760w, https:\/\/great-artmag.com\/wp-content\/uploads\/2025\/10\/Maison-Salvan_2022_Abdessamad-El-Montassir-13-good-696x385.jpg 696w, https:\/\/great-artmag.com\/wp-content\/uploads\/2025\/10\/Maison-Salvan_2022_Abdessamad-El-Montassir-13-good-1068x590.jpg 1068w\" sizes=\"(max-width: 2560px) 100vw, 2560px\" \/><\/p>\n","protected":false},"excerpt":{"rendered":"<p>L\u2019Acad\u00e9mie de France \u00e0 Rome \u2013 Villa M\u00e9dicis met \u00e0 l\u2019honneur le travail d\u2019un artiste dont l\u2019\u0153uvre se d\u00e9ploie aux confins du Sahara et des paysages int\u00e9rieurs de la m\u00e9moire : Abdessamad El Montassir. Laur\u00e9at 2025 de la Bourse Villa M\u00e9dicis x Fondation Louis Roederer, n\u00e9 en 1989 dans le sud du Maroc, il appartient [&hellip;]<\/p>\n","protected":false},"author":1,"featured_media":5317,"comment_status":"closed","ping_status":"closed","sticky":false,"template":"","format":"standard","meta":{"inline_featured_image":false,"tdm_status":"","tdm_grid_status":"","footnotes":""},"categories":[1197],"tags":[],"class_list":{"0":"post-5315","1":"post","2":"type-post","3":"status-publish","4":"format-standard","5":"has-post-thumbnail","7":"category-portrait-artiste"},"yoast_head":"<!-- This site is optimized with the Yoast SEO plugin v27.5 - https:\/\/yoast.com\/product\/yoast-seo-wordpress\/ -->\n<title>Abdessamad El Montassir, laur\u00e9at 2025 de la Bourse Villa M\u00e9dicis x Fondation Louis Roederer - GREAT-ARTMAG<\/title>\n<meta name=\"robots\" content=\"index, follow, max-snippet:-1, max-image-preview:large, max-video-preview:-1\" \/>\n<link rel=\"canonical\" href=\"https:\/\/great-artmag.com\/en\/abdessamad-el-montassir-laureat-2025-de-la-bourse-villa-medicis-x-fondation-louis-roederer\/\" \/>\n<meta property=\"og:locale\" content=\"en_US\" \/>\n<meta property=\"og:type\" content=\"article\" \/>\n<meta property=\"og:title\" content=\"Abdessamad El Montassir, laur\u00e9at 2025 de la Bourse Villa M\u00e9dicis x Fondation Louis Roederer - GREAT-ARTMAG\" \/>\n<meta property=\"og:description\" content=\"L\u2019Acad\u00e9mie de France \u00e0 Rome \u2013 Villa M\u00e9dicis met \u00e0 l\u2019honneur le travail d\u2019un artiste dont l\u2019\u0153uvre se d\u00e9ploie aux confins du Sahara et des paysages int\u00e9rieurs de la m\u00e9moire : Abdessamad El Montassir. Laur\u00e9at 2025 de la Bourse Villa M\u00e9dicis x Fondation Louis Roederer, n\u00e9 en 1989 dans le sud du Maroc, il appartient [&hellip;]\" \/>\n<meta property=\"og:url\" content=\"https:\/\/great-artmag.com\/en\/abdessamad-el-montassir-laureat-2025-de-la-bourse-villa-medicis-x-fondation-louis-roederer\/\" \/>\n<meta property=\"og:site_name\" content=\"GREAT-ARTMAG\" \/>\n<meta property=\"article:published_time\" content=\"2025-10-01T08:47:45+00:00\" \/>\n<meta property=\"article:modified_time\" content=\"2025-10-01T14:02:01+00:00\" \/>\n<meta property=\"og:image\" content=\"https:\/\/great-artmag.com\/wp-content\/uploads\/2025\/10\/Abdessamad-El-Montassir-.png\" \/>\n\t<meta property=\"og:image:width\" content=\"1318\" \/>\n\t<meta property=\"og:image:height\" content=\"742\" \/>\n\t<meta property=\"og:image:type\" content=\"image\/png\" \/>\n<meta name=\"author\" content=\"Alexia Gugg\u00e9mos\" \/>\n<meta name=\"twitter:card\" content=\"summary_large_image\" \/>\n<meta name=\"twitter:label1\" content=\"Written by\" \/>\n\t<meta name=\"twitter:data1\" content=\"Alexia Gugg\u00e9mos\" \/>\n\t<meta name=\"twitter:label2\" content=\"Est. reading time\" \/>\n\t<meta name=\"twitter:data2\" content=\"4 minutes\" \/>\n<script type=\"application\/ld+json\" class=\"yoast-schema-graph\">{\"@context\":\"https:\\\/\\\/schema.org\",\"@graph\":[{\"@type\":\"Article\",\"@id\":\"https:\\\/\\\/great-artmag.com\\\/en\\\/abdessamad-el-montassir-laureat-2025-de-la-bourse-villa-medicis-x-fondation-louis-roederer\\\/#article\",\"isPartOf\":{\"@id\":\"https:\\\/\\\/great-artmag.com\\\/en\\\/abdessamad-el-montassir-laureat-2025-de-la-bourse-villa-medicis-x-fondation-louis-roederer\\\/\"},\"author\":{\"name\":\"Alexia Gugg\u00e9mos\",\"@id\":\"https:\\\/\\\/great-artmag.com\\\/en\\\/#\\\/schema\\\/person\\\/07a768635fe6f6d87951dc8ae985eeda\"},\"headline\":\"Abdessamad El Montassir, laur\u00e9at 2025 de la Bourse Villa M\u00e9dicis x Fondation Louis Roederer\",\"datePublished\":\"2025-10-01T08:47:45+00:00\",\"dateModified\":\"2025-10-01T14:02:01+00:00\",\"mainEntityOfPage\":{\"@id\":\"https:\\\/\\\/great-artmag.com\\\/en\\\/abdessamad-el-montassir-laureat-2025-de-la-bourse-villa-medicis-x-fondation-louis-roederer\\\/\"},\"wordCount\":641,\"publisher\":{\"@id\":\"https:\\\/\\\/great-artmag.com\\\/en\\\/#organization\"},\"image\":{\"@id\":\"https:\\\/\\\/great-artmag.com\\\/en\\\/abdessamad-el-montassir-laureat-2025-de-la-bourse-villa-medicis-x-fondation-louis-roederer\\\/#primaryimage\"},\"thumbnailUrl\":\"https:\\\/\\\/great-artmag.com\\\/wp-content\\\/uploads\\\/2025\\\/10\\\/Abdessamad-El-Montassir-.png\",\"articleSection\":[\"PORTRAIT D'ARTISTE\"],\"inLanguage\":\"en-US\"},{\"@type\":\"WebPage\",\"@id\":\"https:\\\/\\\/great-artmag.com\\\/en\\\/abdessamad-el-montassir-laureat-2025-de-la-bourse-villa-medicis-x-fondation-louis-roederer\\\/\",\"url\":\"https:\\\/\\\/great-artmag.com\\\/en\\\/abdessamad-el-montassir-laureat-2025-de-la-bourse-villa-medicis-x-fondation-louis-roederer\\\/\",\"name\":\"Abdessamad El Montassir, laur\u00e9at 2025 de la Bourse Villa M\u00e9dicis x Fondation Louis Roederer - GREAT-ARTMAG\",\"isPartOf\":{\"@id\":\"https:\\\/\\\/great-artmag.com\\\/en\\\/#website\"},\"primaryImageOfPage\":{\"@id\":\"https:\\\/\\\/great-artmag.com\\\/en\\\/abdessamad-el-montassir-laureat-2025-de-la-bourse-villa-medicis-x-fondation-louis-roederer\\\/#primaryimage\"},\"image\":{\"@id\":\"https:\\\/\\\/great-artmag.com\\\/en\\\/abdessamad-el-montassir-laureat-2025-de-la-bourse-villa-medicis-x-fondation-louis-roederer\\\/#primaryimage\"},\"thumbnailUrl\":\"https:\\\/\\\/great-artmag.com\\\/wp-content\\\/uploads\\\/2025\\\/10\\\/Abdessamad-El-Montassir-.png\",\"datePublished\":\"2025-10-01T08:47:45+00:00\",\"dateModified\":\"2025-10-01T14:02:01+00:00\",\"breadcrumb\":{\"@id\":\"https:\\\/\\\/great-artmag.com\\\/en\\\/abdessamad-el-montassir-laureat-2025-de-la-bourse-villa-medicis-x-fondation-louis-roederer\\\/#breadcrumb\"},\"inLanguage\":\"en-US\",\"potentialAction\":[{\"@type\":\"ReadAction\",\"target\":[\"https:\\\/\\\/great-artmag.com\\\/en\\\/abdessamad-el-montassir-laureat-2025-de-la-bourse-villa-medicis-x-fondation-louis-roederer\\\/\"]}]},{\"@type\":\"ImageObject\",\"inLanguage\":\"en-US\",\"@id\":\"https:\\\/\\\/great-artmag.com\\\/en\\\/abdessamad-el-montassir-laureat-2025-de-la-bourse-villa-medicis-x-fondation-louis-roederer\\\/#primaryimage\",\"url\":\"https:\\\/\\\/great-artmag.com\\\/wp-content\\\/uploads\\\/2025\\\/10\\\/Abdessamad-El-Montassir-.png\",\"contentUrl\":\"https:\\\/\\\/great-artmag.com\\\/wp-content\\\/uploads\\\/2025\\\/10\\\/Abdessamad-El-Montassir-.png\",\"width\":1318,\"height\":742},{\"@type\":\"BreadcrumbList\",\"@id\":\"https:\\\/\\\/great-artmag.com\\\/en\\\/abdessamad-el-montassir-laureat-2025-de-la-bourse-villa-medicis-x-fondation-louis-roederer\\\/#breadcrumb\",\"itemListElement\":[{\"@type\":\"ListItem\",\"position\":1,\"name\":\"Accueil\",\"item\":\"https:\\\/\\\/great-artmag.com\\\/en\\\/\"},{\"@type\":\"ListItem\",\"position\":2,\"name\":\"Abdessamad El Montassir, laur\u00e9at 2025 de la Bourse Villa M\u00e9dicis x Fondation Louis Roederer\"}]},{\"@type\":\"WebSite\",\"@id\":\"https:\\\/\\\/great-artmag.com\\\/en\\\/#website\",\"url\":\"https:\\\/\\\/great-artmag.com\\\/en\\\/\",\"name\":\"Great ArtMag\",\"description\":\"Le Magazine des H\u00e9donistes\",\"publisher\":{\"@id\":\"https:\\\/\\\/great-artmag.com\\\/en\\\/#organization\"},\"potentialAction\":[{\"@type\":\"SearchAction\",\"target\":{\"@type\":\"EntryPoint\",\"urlTemplate\":\"https:\\\/\\\/great-artmag.com\\\/en\\\/?s={search_term_string}\"},\"query-input\":{\"@type\":\"PropertyValueSpecification\",\"valueRequired\":true,\"valueName\":\"search_term_string\"}}],\"inLanguage\":\"en-US\"},{\"@type\":\"Organization\",\"@id\":\"https:\\\/\\\/great-artmag.com\\\/en\\\/#organization\",\"name\":\"GREAT ARTMAG\",\"url\":\"https:\\\/\\\/great-artmag.com\\\/en\\\/\",\"logo\":{\"@type\":\"ImageObject\",\"inLanguage\":\"en-US\",\"@id\":\"https:\\\/\\\/great-artmag.com\\\/en\\\/#\\\/schema\\\/logo\\\/image\\\/\",\"url\":\"https:\\\/\\\/great-artmag.com\\\/wp-content\\\/uploads\\\/2024\\\/07\\\/IMG_5403.jpg\",\"contentUrl\":\"https:\\\/\\\/great-artmag.com\\\/wp-content\\\/uploads\\\/2024\\\/07\\\/IMG_5403.jpg\",\"width\":860,\"height\":368,\"caption\":\"GREAT ARTMAG\"},\"image\":{\"@id\":\"https:\\\/\\\/great-artmag.com\\\/en\\\/#\\\/schema\\\/logo\\\/image\\\/\"},\"sameAs\":[\"https:\\\/\\\/www.instagram.com\\\/great_artmag\"]},{\"@type\":\"Person\",\"@id\":\"https:\\\/\\\/great-artmag.com\\\/en\\\/#\\\/schema\\\/person\\\/07a768635fe6f6d87951dc8ae985eeda\",\"name\":\"Alexia Gugg\u00e9mos\",\"url\":\"https:\\\/\\\/great-artmag.com\\\/en\\\/author\\\/admin5782\\\/\"}]}<\/script>\n<!-- \/ Yoast SEO plugin. -->","yoast_head_json":{"title":"Abdessamad El Montassir, laur\u00e9at 2025 de la Bourse Villa M\u00e9dicis x Fondation Louis Roederer - GREAT-ARTMAG","robots":{"index":"index","follow":"follow","max-snippet":"max-snippet:-1","max-image-preview":"max-image-preview:large","max-video-preview":"max-video-preview:-1"},"canonical":"https:\/\/great-artmag.com\/en\/abdessamad-el-montassir-laureat-2025-de-la-bourse-villa-medicis-x-fondation-louis-roederer\/","og_locale":"en_US","og_type":"article","og_title":"Abdessamad El Montassir, laur\u00e9at 2025 de la Bourse Villa M\u00e9dicis x Fondation Louis Roederer - GREAT-ARTMAG","og_description":"L\u2019Acad\u00e9mie de France \u00e0 Rome \u2013 Villa M\u00e9dicis met \u00e0 l\u2019honneur le travail d\u2019un artiste dont l\u2019\u0153uvre se d\u00e9ploie aux confins du Sahara et des paysages int\u00e9rieurs de la m\u00e9moire : Abdessamad El Montassir. Laur\u00e9at 2025 de la Bourse Villa M\u00e9dicis x Fondation Louis Roederer, n\u00e9 en 1989 dans le sud du Maroc, il appartient [&hellip;]","og_url":"https:\/\/great-artmag.com\/en\/abdessamad-el-montassir-laureat-2025-de-la-bourse-villa-medicis-x-fondation-louis-roederer\/","og_site_name":"GREAT-ARTMAG","article_published_time":"2025-10-01T08:47:45+00:00","article_modified_time":"2025-10-01T14:02:01+00:00","og_image":[{"width":1318,"height":742,"url":"https:\/\/great-artmag.com\/wp-content\/uploads\/2025\/10\/Abdessamad-El-Montassir-.png","type":"image\/png"}],"author":"Alexia Gugg\u00e9mos","twitter_card":"summary_large_image","twitter_misc":{"Written by":"Alexia Gugg\u00e9mos","Est. reading time":"4 minutes"},"schema":{"@context":"https:\/\/schema.org","@graph":[{"@type":"Article","@id":"https:\/\/great-artmag.com\/en\/abdessamad-el-montassir-laureat-2025-de-la-bourse-villa-medicis-x-fondation-louis-roederer\/#article","isPartOf":{"@id":"https:\/\/great-artmag.com\/en\/abdessamad-el-montassir-laureat-2025-de-la-bourse-villa-medicis-x-fondation-louis-roederer\/"},"author":{"name":"Alexia Gugg\u00e9mos","@id":"https:\/\/great-artmag.com\/en\/#\/schema\/person\/07a768635fe6f6d87951dc8ae985eeda"},"headline":"Abdessamad El Montassir, laur\u00e9at 2025 de la Bourse Villa M\u00e9dicis x Fondation Louis Roederer","datePublished":"2025-10-01T08:47:45+00:00","dateModified":"2025-10-01T14:02:01+00:00","mainEntityOfPage":{"@id":"https:\/\/great-artmag.com\/en\/abdessamad-el-montassir-laureat-2025-de-la-bourse-villa-medicis-x-fondation-louis-roederer\/"},"wordCount":641,"publisher":{"@id":"https:\/\/great-artmag.com\/en\/#organization"},"image":{"@id":"https:\/\/great-artmag.com\/en\/abdessamad-el-montassir-laureat-2025-de-la-bourse-villa-medicis-x-fondation-louis-roederer\/#primaryimage"},"thumbnailUrl":"https:\/\/great-artmag.com\/wp-content\/uploads\/2025\/10\/Abdessamad-El-Montassir-.png","articleSection":["PORTRAIT D'ARTISTE"],"inLanguage":"en-US"},{"@type":"WebPage","@id":"https:\/\/great-artmag.com\/en\/abdessamad-el-montassir-laureat-2025-de-la-bourse-villa-medicis-x-fondation-louis-roederer\/","url":"https:\/\/great-artmag.com\/en\/abdessamad-el-montassir-laureat-2025-de-la-bourse-villa-medicis-x-fondation-louis-roederer\/","name":"Abdessamad El Montassir, laur\u00e9at 2025 de la Bourse Villa M\u00e9dicis x Fondation Louis Roederer - GREAT-ARTMAG","isPartOf":{"@id":"https:\/\/great-artmag.com\/en\/#website"},"primaryImageOfPage":{"@id":"https:\/\/great-artmag.com\/en\/abdessamad-el-montassir-laureat-2025-de-la-bourse-villa-medicis-x-fondation-louis-roederer\/#primaryimage"},"image":{"@id":"https:\/\/great-artmag.com\/en\/abdessamad-el-montassir-laureat-2025-de-la-bourse-villa-medicis-x-fondation-louis-roederer\/#primaryimage"},"thumbnailUrl":"https:\/\/great-artmag.com\/wp-content\/uploads\/2025\/10\/Abdessamad-El-Montassir-.png","datePublished":"2025-10-01T08:47:45+00:00","dateModified":"2025-10-01T14:02:01+00:00","breadcrumb":{"@id":"https:\/\/great-artmag.com\/en\/abdessamad-el-montassir-laureat-2025-de-la-bourse-villa-medicis-x-fondation-louis-roederer\/#breadcrumb"},"inLanguage":"en-US","potentialAction":[{"@type":"ReadAction","target":["https:\/\/great-artmag.com\/en\/abdessamad-el-montassir-laureat-2025-de-la-bourse-villa-medicis-x-fondation-louis-roederer\/"]}]},{"@type":"ImageObject","inLanguage":"en-US","@id":"https:\/\/great-artmag.com\/en\/abdessamad-el-montassir-laureat-2025-de-la-bourse-villa-medicis-x-fondation-louis-roederer\/#primaryimage","url":"https:\/\/great-artmag.com\/wp-content\/uploads\/2025\/10\/Abdessamad-El-Montassir-.png","contentUrl":"https:\/\/great-artmag.com\/wp-content\/uploads\/2025\/10\/Abdessamad-El-Montassir-.png","width":1318,"height":742},{"@type":"BreadcrumbList","@id":"https:\/\/great-artmag.com\/en\/abdessamad-el-montassir-laureat-2025-de-la-bourse-villa-medicis-x-fondation-louis-roederer\/#breadcrumb","itemListElement":[{"@type":"ListItem","position":1,"name":"Accueil","item":"https:\/\/great-artmag.com\/en\/"},{"@type":"ListItem","position":2,"name":"Abdessamad El Montassir, laur\u00e9at 2025 de la Bourse Villa M\u00e9dicis x Fondation Louis Roederer"}]},{"@type":"WebSite","@id":"https:\/\/great-artmag.com\/en\/#website","url":"https:\/\/great-artmag.com\/en\/","name":"Great ArtMag","description":"Le Magazine des H\u00e9donistes","publisher":{"@id":"https:\/\/great-artmag.com\/en\/#organization"},"potentialAction":[{"@type":"SearchAction","target":{"@type":"EntryPoint","urlTemplate":"https:\/\/great-artmag.com\/en\/?s={search_term_string}"},"query-input":{"@type":"PropertyValueSpecification","valueRequired":true,"valueName":"search_term_string"}}],"inLanguage":"en-US"},{"@type":"Organization","@id":"https:\/\/great-artmag.com\/en\/#organization","name":"GREAT ARTMAG","url":"https:\/\/great-artmag.com\/en\/","logo":{"@type":"ImageObject","inLanguage":"en-US","@id":"https:\/\/great-artmag.com\/en\/#\/schema\/logo\/image\/","url":"https:\/\/great-artmag.com\/wp-content\/uploads\/2024\/07\/IMG_5403.jpg","contentUrl":"https:\/\/great-artmag.com\/wp-content\/uploads\/2024\/07\/IMG_5403.jpg","width":860,"height":368,"caption":"GREAT ARTMAG"},"image":{"@id":"https:\/\/great-artmag.com\/en\/#\/schema\/logo\/image\/"},"sameAs":["https:\/\/www.instagram.com\/great_artmag"]},{"@type":"Person","@id":"https:\/\/great-artmag.com\/en\/#\/schema\/person\/07a768635fe6f6d87951dc8ae985eeda","name":"Alexia Gugg\u00e9mos","url":"https:\/\/great-artmag.com\/en\/author\/admin5782\/"}]}},"amp_enabled":true,"_links":{"self":[{"href":"https:\/\/great-artmag.com\/en\/wp-json\/wp\/v2\/posts\/5315","targetHints":{"allow":["GET"]}}],"collection":[{"href":"https:\/\/great-artmag.com\/en\/wp-json\/wp\/v2\/posts"}],"about":[{"href":"https:\/\/great-artmag.com\/en\/wp-json\/wp\/v2\/types\/post"}],"author":[{"embeddable":true,"href":"https:\/\/great-artmag.com\/en\/wp-json\/wp\/v2\/users\/1"}],"replies":[{"embeddable":true,"href":"https:\/\/great-artmag.com\/en\/wp-json\/wp\/v2\/comments?post=5315"}],"version-history":[{"count":0,"href":"https:\/\/great-artmag.com\/en\/wp-json\/wp\/v2\/posts\/5315\/revisions"}],"wp:featuredmedia":[{"embeddable":true,"href":"https:\/\/great-artmag.com\/en\/wp-json\/wp\/v2\/media\/5317"}],"wp:attachment":[{"href":"https:\/\/great-artmag.com\/en\/wp-json\/wp\/v2\/media?parent=5315"}],"wp:term":[{"taxonomy":"category","embeddable":true,"href":"https:\/\/great-artmag.com\/en\/wp-json\/wp\/v2\/categories?post=5315"},{"taxonomy":"post_tag","embeddable":true,"href":"https:\/\/great-artmag.com\/en\/wp-json\/wp\/v2\/tags?post=5315"}],"curies":[{"name":"wp","href":"https:\/\/api.w.org\/{rel}","templated":true}]}}