{"id":5608,"date":"2025-12-11T22:44:42","date_gmt":"2025-12-11T21:44:42","guid":{"rendered":"https:\/\/great-artmag.com\/?p=5608"},"modified":"2025-12-11T22:50:07","modified_gmt":"2025-12-11T21:50:07","slug":"exposition-arman-mairie-paris-17e-un-drapeau-pour-repenser-la-nation","status":"publish","type":"post","link":"https:\/\/great-artmag.com\/en\/exposition-arman-mairie-paris-17e-un-drapeau-pour-repenser-la-nation\/","title":{"rendered":"Arman \u00e0 la mairie de Paris 17e : un drapeau pour repenser la nation"},"content":{"rendered":"<p><strong>La mairie du 17e arrondissement de Paris pr\u00e9sente une exposition consacr\u00e9e \u00e0 Arman pour les 20 ans de sa disparition. Sous le commissariat de G\u00e9rard Bosio, historien de l\u2019art et fin connaisseur des dialogues culturels entre la France et l\u2019Afrique de l\u2019Ouest, le hall-galerie r\u00e9unit une dizaine d\u2019\u0153uvres choisies pour \u00e9clairer la diversit\u00e9 des techniques de l\u2019artiste : tampons, peintures, accumulations et interventions sculpturales. L\u2019ensemble se concentre sur les \u0153uvres qui interrogent les symboles collectifs et la place de l\u2019individu face \u00e0 eux. \u00c0 d\u00e9couvrir, jusqu&#8217;au 31 janvier 2026.<\/strong><\/p>\n<p>Ponctu\u00e9 de coups de tampons rappelant ceux des passeports, le drapeau d&#8217;Arman (1928-2005) transforme l\u2019embl\u00e8me national en un lieu de tensions. L&#8217;artiste fait ressortir ce que la nation contient d&#8217;identit\u00e9s, d\u2019empreintes et de r\u00e9cits politiques. Le commissaire, G\u00e9rard Bosio, replace cette pi\u00e8ce dans un horizon plus large. Lui, qui a longuement travaill\u00e9 sur les \u00e9changes artistiques entre Paris et Dakar, rappelle la relation qu\u2019Arman entretenait avec L\u00e9opold S\u00e9dar Senghor, po\u00e8te, penseur de la n\u00e9gritude et premier pr\u00e9sident du S\u00e9n\u00e9gal. Leur dialogue, nourri d\u2019admiration r\u00e9ciproque, abordait la place de l\u2019art dans la construction collective et la n\u00e9cessit\u00e9 d\u2019un imaginaire partag\u00e9.<\/p>\n<blockquote><p>\u00ab Un peuple, un but, une foi \u00bb<\/p><\/blockquote>\n<p><img decoding=\"async\" class=\" wp-image-5611 alignright\" src=\"https:\/\/great-artmag.com\/wp-content\/uploads\/2025\/12\/IMG_1154-scaled.jpeg\" alt=\"\" width=\"229\" height=\"306\" srcset=\"https:\/\/great-artmag.com\/wp-content\/uploads\/2025\/12\/IMG_1154-scaled.jpeg 1920w, https:\/\/great-artmag.com\/wp-content\/uploads\/2025\/12\/IMG_1154-225x300.jpeg 225w, https:\/\/great-artmag.com\/wp-content\/uploads\/2025\/12\/IMG_1154-768x1024.jpeg 768w, https:\/\/great-artmag.com\/wp-content\/uploads\/2025\/12\/IMG_1154-1152x1536.jpeg 1152w, https:\/\/great-artmag.com\/wp-content\/uploads\/2025\/12\/IMG_1154-1536x2048.jpeg 1536w, https:\/\/great-artmag.com\/wp-content\/uploads\/2025\/12\/IMG_1154-315x420.jpeg 315w, https:\/\/great-artmag.com\/wp-content\/uploads\/2025\/12\/IMG_1154-696x928.jpeg 696w, https:\/\/great-artmag.com\/wp-content\/uploads\/2025\/12\/IMG_1154-1068x1424.jpeg 1068w\" sizes=\"(max-width: 229px) 100vw, 229px\" \/>C\u2019est dans ce contexte que G\u00e9rard Bosio introduit la devise s\u00e9n\u00e9galaise, adopt\u00e9e en 1960 au moment de l\u2019ind\u00e9pendance : une formule qui condense l\u2019unit\u00e9 nationale, la direction commune et la confiance dans l\u2019avenir. Mise en regard du drapeau tamponn\u00e9 d\u2019Arman, elle r\u00e9v\u00e8le une autre mani\u00e8re de penser le lien national, fond\u00e9e sur l\u2019\u00e9lan collectif plut\u00f4t que sur la seule marque administrative.<\/p>\n<p>G\u00e9rard Bosio rappelle \u00e9galement les affinit\u00e9s entre Arman, Senghor et Georges Pompidou, dont la politique culturelle a durablement encourag\u00e9 la circulation des artistes et des id\u00e9es. Ces \u00e9changes invitent aujourd\u2019hui \u00e0 renouer des liens avec le S\u00e9n\u00e9gal, dont l\u2019histoire artistique moderne reste profond\u00e9ment entrem\u00eal\u00e9e \u00e0 celle de la France. L\u2019exposition \u00e0 la mairie du 17e s\u2019inscrit dans cette perspective : relire Arman, c\u2019est relire aussi un r\u00e9seau de dialogues transnationaux.<\/p>\n<p><img decoding=\"async\" class=\" wp-image-5610 alignleft\" src=\"https:\/\/great-artmag.com\/wp-content\/uploads\/2025\/12\/monument-arman.jpg\" alt=\"\" width=\"230\" height=\"307\" srcset=\"https:\/\/great-artmag.com\/wp-content\/uploads\/2025\/12\/monument-arman.jpg 567w, https:\/\/great-artmag.com\/wp-content\/uploads\/2025\/12\/monument-arman-225x300.jpg 225w, https:\/\/great-artmag.com\/wp-content\/uploads\/2025\/12\/monument-arman-315x420.jpg 315w\" sizes=\"(max-width: 230px) 100vw, 230px\" \/>Le drapeau d\u2019Arman s\u2019inscrit en \u00e9cho d&#8217;une \u0153uvre plus connue de l&#8217;artiste : en 1984, le Pr\u00e9sident de la R\u00e9publique Fran\u00e7ois Mitterrand lui commande une sculpture \u00e0 l\u2019occasion du bicentenaire de la R\u00e9volution fran\u00e7aise. L\u2019\u0153uvre, intitul\u00e9e <em>Hommage \u00e0 la R\u00e9volution de 1789<\/em>, repr\u00e9sente une accumulation de drapeaux flottants, reposant sur un socle de marbre. Arman y recherche un effet de foisonnement, inspir\u00e9 des rues pavois\u00e9es visibles chez Monet et de l\u2019atmosph\u00e8re de Delacroix dans <em>La Libert\u00e9 guidant le peuple<\/em>. Install\u00e9e dans l\u2019entr\u00e9e d\u2019honneur du palais pr\u00e9sidentiel, la sculpture rappelle la port\u00e9e symbolique du drapeau national.<\/p>\n<p>Les estampes, bronzes, accumulations pr\u00e9sent\u00e9es ici montrent la puissance du geste d\u2019Arman lorsqu\u2019il manipule les signes. Dans un lieu civique comme une mairie, ce choix prend une r\u00e9sonance particuli\u00e8re : le drapeau, l\u2019administration, la m\u00e9moire mat\u00e9rielle deviennent autant de prismes pour interroger ce qui fonde le vivre-ensemble. L&#8217;exposition ne se contente pas de rendre hommage \u00e0 un ma\u00eetre du Nouveau R\u00e9alisme ; il rouvre, avec concision, un d\u00e9bat contemporain sur ce qu\u2019une nation choisit de montrer, de transmettre et de transformer.<\/p>\n","protected":false},"excerpt":{"rendered":"<p>La mairie du 17e arrondissement de Paris pr\u00e9sente une exposition consacr\u00e9e \u00e0 Arman pour les 20 ans de sa disparition. Sous le commissariat de G\u00e9rard Bosio, historien de l\u2019art et fin connaisseur des dialogues culturels entre la France et l\u2019Afrique de l\u2019Ouest, le hall-galerie r\u00e9unit une dizaine d\u2019\u0153uvres choisies pour \u00e9clairer la diversit\u00e9 des techniques [&hellip;]<\/p>\n","protected":false},"author":1,"featured_media":5614,"comment_status":"closed","ping_status":"closed","sticky":false,"template":"","format":"standard","meta":{"inline_featured_image":false,"tdm_status":"","tdm_grid_status":"","footnotes":""},"categories":[1163],"tags":[],"class_list":["post-5608","post","type-post","status-publish","format-standard","has-post-thumbnail","hentry","category-exposition"],"yoast_head":"<!-- This site is optimized with the Yoast SEO plugin v27.5 - https:\/\/yoast.com\/product\/yoast-seo-wordpress\/ -->\n<title>Arman \u00e0 la mairie de Paris 17e : un drapeau pour repenser la nation - GREAT-ARTMAG<\/title>\n<meta name=\"robots\" content=\"index, follow, max-snippet:-1, max-image-preview:large, max-video-preview:-1\" \/>\n<link rel=\"canonical\" href=\"https:\/\/great-artmag.com\/en\/exposition-arman-mairie-paris-17e-un-drapeau-pour-repenser-la-nation\/\" \/>\n<meta property=\"og:locale\" content=\"en_US\" \/>\n<meta property=\"og:type\" content=\"article\" \/>\n<meta property=\"og:title\" content=\"Arman \u00e0 la mairie de Paris 17e : un drapeau pour repenser la nation - GREAT-ARTMAG\" \/>\n<meta property=\"og:description\" content=\"La mairie du 17e arrondissement de Paris pr\u00e9sente une exposition consacr\u00e9e \u00e0 Arman pour les 20 ans de sa disparition. Sous le commissariat de G\u00e9rard Bosio, historien de l\u2019art et fin connaisseur des dialogues culturels entre la France et l\u2019Afrique de l\u2019Ouest, le hall-galerie r\u00e9unit une dizaine d\u2019\u0153uvres choisies pour \u00e9clairer la diversit\u00e9 des techniques [&hellip;]\" \/>\n<meta property=\"og:url\" content=\"https:\/\/great-artmag.com\/en\/exposition-arman-mairie-paris-17e-un-drapeau-pour-repenser-la-nation\/\" \/>\n<meta property=\"og:site_name\" content=\"GREAT-ARTMAG\" \/>\n<meta property=\"article:published_time\" content=\"2025-12-11T21:44:42+00:00\" \/>\n<meta property=\"article:modified_time\" content=\"2025-12-11T21:50:07+00:00\" \/>\n<meta property=\"og:image\" content=\"https:\/\/great-artmag.com\/wp-content\/uploads\/2025\/12\/arman-mairie-17-scaled.jpeg\" \/>\n\t<meta property=\"og:image:width\" content=\"2560\" \/>\n\t<meta property=\"og:image:height\" content=\"1905\" \/>\n\t<meta property=\"og:image:type\" content=\"image\/jpeg\" \/>\n<meta name=\"author\" content=\"Alexia Gugg\u00e9mos\" \/>\n<meta name=\"twitter:card\" content=\"summary_large_image\" \/>\n<meta name=\"twitter:label1\" content=\"Written by\" \/>\n\t<meta name=\"twitter:data1\" content=\"Alexia Gugg\u00e9mos\" \/>\n\t<meta name=\"twitter:label2\" content=\"Est. reading time\" \/>\n\t<meta name=\"twitter:data2\" content=\"4 minutes\" \/>\n<script type=\"application\/ld+json\" class=\"yoast-schema-graph\">{\"@context\":\"https:\\\/\\\/schema.org\",\"@graph\":[{\"@type\":\"Article\",\"@id\":\"https:\\\/\\\/great-artmag.com\\\/en\\\/exposition-arman-mairie-paris-17e-un-drapeau-pour-repenser-la-nation\\\/#article\",\"isPartOf\":{\"@id\":\"https:\\\/\\\/great-artmag.com\\\/en\\\/exposition-arman-mairie-paris-17e-un-drapeau-pour-repenser-la-nation\\\/\"},\"author\":{\"name\":\"Alexia Gugg\u00e9mos\",\"@id\":\"https:\\\/\\\/great-artmag.com\\\/en\\\/#\\\/schema\\\/person\\\/07a768635fe6f6d87951dc8ae985eeda\"},\"headline\":\"Arman \u00e0 la mairie de Paris 17e : un drapeau pour repenser la nation\",\"datePublished\":\"2025-12-11T21:44:42+00:00\",\"dateModified\":\"2025-12-11T21:50:07+00:00\",\"mainEntityOfPage\":{\"@id\":\"https:\\\/\\\/great-artmag.com\\\/en\\\/exposition-arman-mairie-paris-17e-un-drapeau-pour-repenser-la-nation\\\/\"},\"wordCount\":595,\"publisher\":{\"@id\":\"https:\\\/\\\/great-artmag.com\\\/en\\\/#organization\"},\"image\":{\"@id\":\"https:\\\/\\\/great-artmag.com\\\/en\\\/exposition-arman-mairie-paris-17e-un-drapeau-pour-repenser-la-nation\\\/#primaryimage\"},\"thumbnailUrl\":\"https:\\\/\\\/great-artmag.com\\\/wp-content\\\/uploads\\\/2025\\\/12\\\/arman-mairie-17-scaled.jpeg\",\"articleSection\":[\"EXPOSITIONS\"],\"inLanguage\":\"en-US\"},{\"@type\":\"WebPage\",\"@id\":\"https:\\\/\\\/great-artmag.com\\\/en\\\/exposition-arman-mairie-paris-17e-un-drapeau-pour-repenser-la-nation\\\/\",\"url\":\"https:\\\/\\\/great-artmag.com\\\/en\\\/exposition-arman-mairie-paris-17e-un-drapeau-pour-repenser-la-nation\\\/\",\"name\":\"Arman \u00e0 la mairie de Paris 17e : un drapeau pour repenser la nation - GREAT-ARTMAG\",\"isPartOf\":{\"@id\":\"https:\\\/\\\/great-artmag.com\\\/en\\\/#website\"},\"primaryImageOfPage\":{\"@id\":\"https:\\\/\\\/great-artmag.com\\\/en\\\/exposition-arman-mairie-paris-17e-un-drapeau-pour-repenser-la-nation\\\/#primaryimage\"},\"image\":{\"@id\":\"https:\\\/\\\/great-artmag.com\\\/en\\\/exposition-arman-mairie-paris-17e-un-drapeau-pour-repenser-la-nation\\\/#primaryimage\"},\"thumbnailUrl\":\"https:\\\/\\\/great-artmag.com\\\/wp-content\\\/uploads\\\/2025\\\/12\\\/arman-mairie-17-scaled.jpeg\",\"datePublished\":\"2025-12-11T21:44:42+00:00\",\"dateModified\":\"2025-12-11T21:50:07+00:00\",\"breadcrumb\":{\"@id\":\"https:\\\/\\\/great-artmag.com\\\/en\\\/exposition-arman-mairie-paris-17e-un-drapeau-pour-repenser-la-nation\\\/#breadcrumb\"},\"inLanguage\":\"en-US\",\"potentialAction\":[{\"@type\":\"ReadAction\",\"target\":[\"https:\\\/\\\/great-artmag.com\\\/en\\\/exposition-arman-mairie-paris-17e-un-drapeau-pour-repenser-la-nation\\\/\"]}]},{\"@type\":\"ImageObject\",\"inLanguage\":\"en-US\",\"@id\":\"https:\\\/\\\/great-artmag.com\\\/en\\\/exposition-arman-mairie-paris-17e-un-drapeau-pour-repenser-la-nation\\\/#primaryimage\",\"url\":\"https:\\\/\\\/great-artmag.com\\\/wp-content\\\/uploads\\\/2025\\\/12\\\/arman-mairie-17-scaled.jpeg\",\"contentUrl\":\"https:\\\/\\\/great-artmag.com\\\/wp-content\\\/uploads\\\/2025\\\/12\\\/arman-mairie-17-scaled.jpeg\",\"width\":2560,\"height\":1905,\"caption\":\"Inauguration de l'exposition ARMAN le 12 d\u00e9cembre 2025 \u00e0 la mairie du 17e Paris\"},{\"@type\":\"BreadcrumbList\",\"@id\":\"https:\\\/\\\/great-artmag.com\\\/en\\\/exposition-arman-mairie-paris-17e-un-drapeau-pour-repenser-la-nation\\\/#breadcrumb\",\"itemListElement\":[{\"@type\":\"ListItem\",\"position\":1,\"name\":\"Accueil\",\"item\":\"https:\\\/\\\/great-artmag.com\\\/en\\\/\"},{\"@type\":\"ListItem\",\"position\":2,\"name\":\"Arman \u00e0 la mairie de Paris 17e : un drapeau pour repenser la nation\"}]},{\"@type\":\"WebSite\",\"@id\":\"https:\\\/\\\/great-artmag.com\\\/en\\\/#website\",\"url\":\"https:\\\/\\\/great-artmag.com\\\/en\\\/\",\"name\":\"Great ArtMag\",\"description\":\"Le Magazine des H\u00e9donistes\",\"publisher\":{\"@id\":\"https:\\\/\\\/great-artmag.com\\\/en\\\/#organization\"},\"potentialAction\":[{\"@type\":\"SearchAction\",\"target\":{\"@type\":\"EntryPoint\",\"urlTemplate\":\"https:\\\/\\\/great-artmag.com\\\/en\\\/?s={search_term_string}\"},\"query-input\":{\"@type\":\"PropertyValueSpecification\",\"valueRequired\":true,\"valueName\":\"search_term_string\"}}],\"inLanguage\":\"en-US\"},{\"@type\":\"Organization\",\"@id\":\"https:\\\/\\\/great-artmag.com\\\/en\\\/#organization\",\"name\":\"GREAT ARTMAG\",\"url\":\"https:\\\/\\\/great-artmag.com\\\/en\\\/\",\"logo\":{\"@type\":\"ImageObject\",\"inLanguage\":\"en-US\",\"@id\":\"https:\\\/\\\/great-artmag.com\\\/en\\\/#\\\/schema\\\/logo\\\/image\\\/\",\"url\":\"https:\\\/\\\/great-artmag.com\\\/wp-content\\\/uploads\\\/2024\\\/07\\\/IMG_5403.jpg\",\"contentUrl\":\"https:\\\/\\\/great-artmag.com\\\/wp-content\\\/uploads\\\/2024\\\/07\\\/IMG_5403.jpg\",\"width\":860,\"height\":368,\"caption\":\"GREAT ARTMAG\"},\"image\":{\"@id\":\"https:\\\/\\\/great-artmag.com\\\/en\\\/#\\\/schema\\\/logo\\\/image\\\/\"},\"sameAs\":[\"https:\\\/\\\/www.instagram.com\\\/great_artmag\"]},{\"@type\":\"Person\",\"@id\":\"https:\\\/\\\/great-artmag.com\\\/en\\\/#\\\/schema\\\/person\\\/07a768635fe6f6d87951dc8ae985eeda\",\"name\":\"Alexia Gugg\u00e9mos\",\"url\":\"https:\\\/\\\/great-artmag.com\\\/en\\\/author\\\/admin5782\\\/\"}]}<\/script>\n<!-- \/ Yoast SEO plugin. -->","yoast_head_json":{"title":"Arman \u00e0 la mairie de Paris 17e : un drapeau pour repenser la nation - GREAT-ARTMAG","robots":{"index":"index","follow":"follow","max-snippet":"max-snippet:-1","max-image-preview":"max-image-preview:large","max-video-preview":"max-video-preview:-1"},"canonical":"https:\/\/great-artmag.com\/en\/exposition-arman-mairie-paris-17e-un-drapeau-pour-repenser-la-nation\/","og_locale":"en_US","og_type":"article","og_title":"Arman \u00e0 la mairie de Paris 17e : un drapeau pour repenser la nation - GREAT-ARTMAG","og_description":"La mairie du 17e arrondissement de Paris pr\u00e9sente une exposition consacr\u00e9e \u00e0 Arman pour les 20 ans de sa disparition. Sous le commissariat de G\u00e9rard Bosio, historien de l\u2019art et fin connaisseur des dialogues culturels entre la France et l\u2019Afrique de l\u2019Ouest, le hall-galerie r\u00e9unit une dizaine d\u2019\u0153uvres choisies pour \u00e9clairer la diversit\u00e9 des techniques [&hellip;]","og_url":"https:\/\/great-artmag.com\/en\/exposition-arman-mairie-paris-17e-un-drapeau-pour-repenser-la-nation\/","og_site_name":"GREAT-ARTMAG","article_published_time":"2025-12-11T21:44:42+00:00","article_modified_time":"2025-12-11T21:50:07+00:00","og_image":[{"width":2560,"height":1905,"url":"https:\/\/great-artmag.com\/wp-content\/uploads\/2025\/12\/arman-mairie-17-scaled.jpeg","type":"image\/jpeg"}],"author":"Alexia Gugg\u00e9mos","twitter_card":"summary_large_image","twitter_misc":{"Written by":"Alexia Gugg\u00e9mos","Est. reading time":"4 minutes"},"schema":{"@context":"https:\/\/schema.org","@graph":[{"@type":"Article","@id":"https:\/\/great-artmag.com\/en\/exposition-arman-mairie-paris-17e-un-drapeau-pour-repenser-la-nation\/#article","isPartOf":{"@id":"https:\/\/great-artmag.com\/en\/exposition-arman-mairie-paris-17e-un-drapeau-pour-repenser-la-nation\/"},"author":{"name":"Alexia Gugg\u00e9mos","@id":"https:\/\/great-artmag.com\/en\/#\/schema\/person\/07a768635fe6f6d87951dc8ae985eeda"},"headline":"Arman \u00e0 la mairie de Paris 17e : un drapeau pour repenser la nation","datePublished":"2025-12-11T21:44:42+00:00","dateModified":"2025-12-11T21:50:07+00:00","mainEntityOfPage":{"@id":"https:\/\/great-artmag.com\/en\/exposition-arman-mairie-paris-17e-un-drapeau-pour-repenser-la-nation\/"},"wordCount":595,"publisher":{"@id":"https:\/\/great-artmag.com\/en\/#organization"},"image":{"@id":"https:\/\/great-artmag.com\/en\/exposition-arman-mairie-paris-17e-un-drapeau-pour-repenser-la-nation\/#primaryimage"},"thumbnailUrl":"https:\/\/great-artmag.com\/wp-content\/uploads\/2025\/12\/arman-mairie-17-scaled.jpeg","articleSection":["EXPOSITIONS"],"inLanguage":"en-US"},{"@type":"WebPage","@id":"https:\/\/great-artmag.com\/en\/exposition-arman-mairie-paris-17e-un-drapeau-pour-repenser-la-nation\/","url":"https:\/\/great-artmag.com\/en\/exposition-arman-mairie-paris-17e-un-drapeau-pour-repenser-la-nation\/","name":"Arman \u00e0 la mairie de Paris 17e : un drapeau pour repenser la nation - GREAT-ARTMAG","isPartOf":{"@id":"https:\/\/great-artmag.com\/en\/#website"},"primaryImageOfPage":{"@id":"https:\/\/great-artmag.com\/en\/exposition-arman-mairie-paris-17e-un-drapeau-pour-repenser-la-nation\/#primaryimage"},"image":{"@id":"https:\/\/great-artmag.com\/en\/exposition-arman-mairie-paris-17e-un-drapeau-pour-repenser-la-nation\/#primaryimage"},"thumbnailUrl":"https:\/\/great-artmag.com\/wp-content\/uploads\/2025\/12\/arman-mairie-17-scaled.jpeg","datePublished":"2025-12-11T21:44:42+00:00","dateModified":"2025-12-11T21:50:07+00:00","breadcrumb":{"@id":"https:\/\/great-artmag.com\/en\/exposition-arman-mairie-paris-17e-un-drapeau-pour-repenser-la-nation\/#breadcrumb"},"inLanguage":"en-US","potentialAction":[{"@type":"ReadAction","target":["https:\/\/great-artmag.com\/en\/exposition-arman-mairie-paris-17e-un-drapeau-pour-repenser-la-nation\/"]}]},{"@type":"ImageObject","inLanguage":"en-US","@id":"https:\/\/great-artmag.com\/en\/exposition-arman-mairie-paris-17e-un-drapeau-pour-repenser-la-nation\/#primaryimage","url":"https:\/\/great-artmag.com\/wp-content\/uploads\/2025\/12\/arman-mairie-17-scaled.jpeg","contentUrl":"https:\/\/great-artmag.com\/wp-content\/uploads\/2025\/12\/arman-mairie-17-scaled.jpeg","width":2560,"height":1905,"caption":"Inauguration de l'exposition ARMAN le 12 d\u00e9cembre 2025 \u00e0 la mairie du 17e Paris"},{"@type":"BreadcrumbList","@id":"https:\/\/great-artmag.com\/en\/exposition-arman-mairie-paris-17e-un-drapeau-pour-repenser-la-nation\/#breadcrumb","itemListElement":[{"@type":"ListItem","position":1,"name":"Accueil","item":"https:\/\/great-artmag.com\/en\/"},{"@type":"ListItem","position":2,"name":"Arman \u00e0 la mairie de Paris 17e : un drapeau pour repenser la nation"}]},{"@type":"WebSite","@id":"https:\/\/great-artmag.com\/en\/#website","url":"https:\/\/great-artmag.com\/en\/","name":"Great ArtMag","description":"Le Magazine des H\u00e9donistes","publisher":{"@id":"https:\/\/great-artmag.com\/en\/#organization"},"potentialAction":[{"@type":"SearchAction","target":{"@type":"EntryPoint","urlTemplate":"https:\/\/great-artmag.com\/en\/?s={search_term_string}"},"query-input":{"@type":"PropertyValueSpecification","valueRequired":true,"valueName":"search_term_string"}}],"inLanguage":"en-US"},{"@type":"Organization","@id":"https:\/\/great-artmag.com\/en\/#organization","name":"GREAT ARTMAG","url":"https:\/\/great-artmag.com\/en\/","logo":{"@type":"ImageObject","inLanguage":"en-US","@id":"https:\/\/great-artmag.com\/en\/#\/schema\/logo\/image\/","url":"https:\/\/great-artmag.com\/wp-content\/uploads\/2024\/07\/IMG_5403.jpg","contentUrl":"https:\/\/great-artmag.com\/wp-content\/uploads\/2024\/07\/IMG_5403.jpg","width":860,"height":368,"caption":"GREAT ARTMAG"},"image":{"@id":"https:\/\/great-artmag.com\/en\/#\/schema\/logo\/image\/"},"sameAs":["https:\/\/www.instagram.com\/great_artmag"]},{"@type":"Person","@id":"https:\/\/great-artmag.com\/en\/#\/schema\/person\/07a768635fe6f6d87951dc8ae985eeda","name":"Alexia Gugg\u00e9mos","url":"https:\/\/great-artmag.com\/en\/author\/admin5782\/"}]}},"amp_enabled":true,"_links":{"self":[{"href":"https:\/\/great-artmag.com\/en\/wp-json\/wp\/v2\/posts\/5608","targetHints":{"allow":["GET"]}}],"collection":[{"href":"https:\/\/great-artmag.com\/en\/wp-json\/wp\/v2\/posts"}],"about":[{"href":"https:\/\/great-artmag.com\/en\/wp-json\/wp\/v2\/types\/post"}],"author":[{"embeddable":true,"href":"https:\/\/great-artmag.com\/en\/wp-json\/wp\/v2\/users\/1"}],"replies":[{"embeddable":true,"href":"https:\/\/great-artmag.com\/en\/wp-json\/wp\/v2\/comments?post=5608"}],"version-history":[{"count":0,"href":"https:\/\/great-artmag.com\/en\/wp-json\/wp\/v2\/posts\/5608\/revisions"}],"wp:featuredmedia":[{"embeddable":true,"href":"https:\/\/great-artmag.com\/en\/wp-json\/wp\/v2\/media\/5614"}],"wp:attachment":[{"href":"https:\/\/great-artmag.com\/en\/wp-json\/wp\/v2\/media?parent=5608"}],"wp:term":[{"taxonomy":"category","embeddable":true,"href":"https:\/\/great-artmag.com\/en\/wp-json\/wp\/v2\/categories?post=5608"},{"taxonomy":"post_tag","embeddable":true,"href":"https:\/\/great-artmag.com\/en\/wp-json\/wp\/v2\/tags?post=5608"}],"curies":[{"name":"wp","href":"https:\/\/api.w.org\/{rel}","templated":true}]}}