{"id":5914,"date":"2026-02-17T18:54:46","date_gmt":"2026-02-17T17:54:46","guid":{"rendered":"https:\/\/great-artmag.com\/?p=5914"},"modified":"2026-05-01T10:08:33","modified_gmt":"2026-05-01T08:08:33","slug":"journees-du-patrimoine-2026-paris","status":"publish","type":"post","link":"https:\/\/great-artmag.com\/en\/journees-du-patrimoine-2026-paris\/","title":{"rendered":"Journ\u00e9es du patrimoine \u00e0 Paris : la gare Saint-Lazare face aux d\u00e9fis de la conservation"},"content":{"rendered":"<p><strong>Les Journ\u00e9es du patrimoine se d\u00e9roulent en 2026 du 19 au 20 septembre. La 43e \u00e9dition est plac\u00e9e sous le th\u00e8me \u00ab <a href=\"https:\/\/journeesdupatrimoine.culture.gouv.fr\/actualites\/deux-themes-au-caeur-des-journees-europeennes-du-patrimoine\">patrimoine en p\u00e9ril<\/a> \u00bb. Une id\u00e9e de visite \u00e0 Paris ? La gare Saint-Lazare.<\/strong><\/p>\n<p>Premi\u00e8re gare construite \u00e0 Paris, la gare Saint-Lazare incarne \u00e0 la fois l\u2019essor industriel du XIXe si\u00e8cle, l\u2019audace architecturale et les d\u00e9fis de conservation. Derri\u00e8re son flux quotidien de voyageurs, ce monument ferroviaire concentre deux si\u00e8cles d\u2019histoire urbaine.<\/p>\n<figure id=\"attachment_5917\" aria-describedby=\"caption-attachment-5917\" style=\"width: 251px\" class=\"wp-caption alignleft\"><img decoding=\"async\" class=\" wp-image-5917\" src=\"https:\/\/great-artmag.com\/wp-content\/uploads\/2026\/02\/IMG_2037-scaled.jpeg\" alt=\"\" width=\"251\" height=\"334\" srcset=\"https:\/\/great-artmag.com\/wp-content\/uploads\/2026\/02\/IMG_2037-scaled.jpeg 1920w, https:\/\/great-artmag.com\/wp-content\/uploads\/2026\/02\/IMG_2037-225x300.jpeg 225w, https:\/\/great-artmag.com\/wp-content\/uploads\/2026\/02\/IMG_2037-768x1024.jpeg 768w, https:\/\/great-artmag.com\/wp-content\/uploads\/2026\/02\/IMG_2037-1152x1536.jpeg 1152w, https:\/\/great-artmag.com\/wp-content\/uploads\/2026\/02\/IMG_2037-1536x2048.jpeg 1536w, https:\/\/great-artmag.com\/wp-content\/uploads\/2026\/02\/IMG_2037-315x420.jpeg 315w, https:\/\/great-artmag.com\/wp-content\/uploads\/2026\/02\/IMG_2037-696x928.jpeg 696w, https:\/\/great-artmag.com\/wp-content\/uploads\/2026\/02\/IMG_2037-1068x1424.jpeg 1068w\" sizes=\"(max-width: 251px) 100vw, 251px\" \/><figcaption id=\"caption-attachment-5917\" class=\"wp-caption-text\">acc\u00e8s aux voies de la gare Saint-Lazare &#8211; on aper\u00e7oit l&#8217;un des verres peints restaur\u00e9s et \u00e9clair\u00e9s de Charles Sarteur<\/figcaption><\/figure>\n<h3>L&#8217;\u00ab embarcad\u00e8re de l\u2019Europe \u00bb, premi\u00e8re gare parisienne<\/h3>\n<p>Inaugur\u00e9e en 1837 sous le nom d\u2019\u00ab embarcad\u00e8re de l\u2019Europe \u00bb, la future gare Saint-Lazare marque une rupture dans le paysage parisien. En effet, elle accueille la ligne Paris\u2013Le Pecq, premi\u00e8re ligne ferroviaire d\u2019\u00cele-de-France destin\u00e9e aux voyageurs normands. \u00c0 l\u2019\u00e9poque, le quartier reste en p\u00e9riph\u00e9rie de la capitale. Le train incarne la vapeur, la vitesse et la transformation du territoire.<\/p>\n<p>Au fil des d\u00e9cennies, la gare Saint-Lazare s\u2019agrandit pour accompagner l\u2019expansion du r\u00e9seau vers la Normandie. Elle devient la t\u00eate de ligne des destinations baln\u00e9aires et industrielles de l\u2019Ouest. Direction Le Havre, et bient\u00f4t New York ! Avec ses grandes halles m\u00e9talliques et ses \u00e9l\u00e9gantes verri\u00e8res, elle symbolise l\u2019architecture du fer et du verre, typique de la r\u00e9volution industrielle. Immortalis\u00e9e par Claude Monet dans une s\u00e9rie de toiles en 1877, elle entre aussi dans l\u2019histoire de l\u2019art comme ic\u00f4ne de la modernit\u00e9 urbaine.<\/p>\n<h3><img decoding=\"async\" class=\" wp-image-5918 alignright\" src=\"https:\/\/great-artmag.com\/wp-content\/uploads\/2026\/02\/toits-gare-saint-lazare.png\" alt=\"\" width=\"271\" height=\"376\" srcset=\"https:\/\/great-artmag.com\/wp-content\/uploads\/2026\/02\/toits-gare-saint-lazare.png 634w, https:\/\/great-artmag.com\/wp-content\/uploads\/2026\/02\/toits-gare-saint-lazare-216x300.png 216w, https:\/\/great-artmag.com\/wp-content\/uploads\/2026\/02\/toits-gare-saint-lazare-303x420.png 303w\" sizes=\"(max-width: 271px) 100vw, 271px\" \/>L\u2019intervention d\u00e9cisive de l\u2019architecte Juste Lisch<\/h3>\n<p>\u00c0 la fin du XIXe si\u00e8cle, l\u2019architecte Juste Lisch transforme profond\u00e9ment la gare. Entre 1885 et 1889, cet inspecteur g\u00e9n\u00e9ral des Monuments Historiques redessine la fa\u00e7ade monumentale sur la rue Saint-Lazare et r\u00e9organise les espaces int\u00e9rieurs. Son intervention vise \u00e0 rationaliser les circulations tout en affirmant une \u00e9criture architecturale ambitieuse.<\/p>\n<p>Juste Lisch conserve la structure m\u00e9tallique des grandes halles, mais il habille la fa\u00e7ade d\u2019un d\u00e9cor de pierre. Il rythme cette fa\u00e7ade par des arcades et des horloges monumentales. Egalement, il int\u00e8gre des \u00e9l\u00e9ments provenant de l\u2019Exposition universelle de 1867. C&#8217;est une pratique de r\u00e9emploi avant l\u2019heure. Son travail conf\u00e8re \u00e0 la gare Saint-Lazare une identit\u00e9 \u00e0 la fois industrielle et institutionnelle, \u00e0 mi-chemin entre infrastructure technique et palais urbain. Cette hybridation explique aujourd\u2019hui son statut patrimonial, mais aussi la complexit\u00e9 de sa conservation.<\/p>\n<h3>Les vitraux de Charles Sarteur restaur\u00e9s<\/h3>\n<p>Situ\u00e9s dans la salle des pas perdus, les vitraux r\u00e9alis\u00e9s par Charles Sarteur constituent un \u00e9l\u00e9ment d\u00e9coratif singulier de la gare. Install\u00e9s \u00e0 la fin du XIXe si\u00e8cle, ils participent \u00e0 l\u2019embellissement des espaces int\u00e9rieurs. Ils filtrent la lumi\u00e8re et introduisent une dimension artistique. Chaque panneau illustre une destination.<\/p>\n<figure id=\"attachment_5916\" aria-describedby=\"caption-attachment-5916\" style=\"width: 216px\" class=\"wp-caption alignleft\"><img decoding=\"async\" class=\" wp-image-5916\" src=\"https:\/\/great-artmag.com\/wp-content\/uploads\/2026\/02\/verres-peints-charles-sarteur_detail.jpeg\" alt=\"\" width=\"216\" height=\"137\" srcset=\"https:\/\/great-artmag.com\/wp-content\/uploads\/2026\/02\/verres-peints-charles-sarteur_detail.jpeg 702w, https:\/\/great-artmag.com\/wp-content\/uploads\/2026\/02\/verres-peints-charles-sarteur_detail-300x191.jpeg 300w, https:\/\/great-artmag.com\/wp-content\/uploads\/2026\/02\/verres-peints-charles-sarteur_detail-661x420.jpeg 661w, https:\/\/great-artmag.com\/wp-content\/uploads\/2026\/02\/verres-peints-charles-sarteur_detail-696x442.jpeg 696w\" sizes=\"(max-width: 216px) 100vw, 216px\" \/><figcaption id=\"caption-attachment-5916\" class=\"wp-caption-text\">Verres peints de Charles Sarteur restaur\u00e9s (d\u00e9tail)<\/figcaption><\/figure>\n<p>Avec le temps, la pollution et les vibrations ferroviaires ont fragilis\u00e9 ces &#8220;verres peints&#8221;. Leur restauration en 2020 s\u2019inscrit dans une logique de sauvegarde du patrimoine int\u00e9gr\u00e9 \u00e0 l\u2019architecture. Les ateliers sp\u00e9cialis\u00e9s ont proc\u00e9d\u00e9 au d\u00e9montage, au nettoyage des verres, \u00e0 la consolidation des plombs et \u00e0 la repose dans des structures renforc\u00e9es. Quatre d&#8217;entre eux sont \u00e9clair\u00e9s en permanence autour des premi\u00e8res voies.<\/p>\n<h3>R\u00e9servez votre visite guid\u00e9e<\/h3>\n<p>La <a href=\"https:\/\/sha8-17.e-monsite.com\/\">Soci\u00e9t\u00e9 historique et arch\u00e9ologique des 8e et 17e arrondissements<\/a> de Paris organise des visites pour ses adh\u00e9rents. Dans le cadre des Journ\u00e9es du patrimoine 2026, le Grand Palais RMN permet \u00e9galement au public de d\u00e9couvrir l\u2019histoire architecturale de la gare. Dans ce contexte, la gare Saint-Lazare appara\u00eet comme un cas d\u2019\u00e9cole. Un monument vivant, soumis \u00e0 une pression fonctionnelle constante, mais porteur d\u2019un h\u00e9ritage fragile. Entre flux contemporains et m\u00e9moire industrielle, elle rappelle que le &#8220;patrimoine en p\u00e9ril&#8221; peut \u00eatre aussi quotidien, travers\u00e9 chaque jour par des dizaines de milliers de regards distraits.<\/p>\n<ul>\n<li><a href=\"https:\/\/journeesdupatrimoine.culture.gouv.fr\/\">Le programme des Journ\u00e9es europ\u00e9ennes du Patrimoine 2026<\/a><\/li>\n<\/ul>\n","protected":false},"excerpt":{"rendered":"<p>Les Journ\u00e9es du patrimoine se d\u00e9roulent en 2026 du 19 au 20 septembre. La 43e \u00e9dition est plac\u00e9e sous le th\u00e8me \u00ab patrimoine en p\u00e9ril \u00bb. Une id\u00e9e de visite \u00e0 Paris ? La gare Saint-Lazare. Premi\u00e8re gare construite \u00e0 Paris, la gare Saint-Lazare incarne \u00e0 la fois l\u2019essor industriel du XIXe si\u00e8cle, l\u2019audace architecturale [&hellip;]<\/p>\n","protected":false},"author":1,"featured_media":5915,"comment_status":"closed","ping_status":"closed","sticky":false,"template":"","format":"standard","meta":{"inline_featured_image":false,"tdm_status":"","tdm_grid_status":"","footnotes":""},"categories":[1320],"tags":[1328,1200],"class_list":{"0":"post-5914","1":"post","2":"type-post","3":"status-publish","4":"format-standard","5":"has-post-thumbnail","7":"category-architecture","8":"tag-journee-du-patrimoine","9":"tag-paris"},"yoast_head":"<!-- This site is optimized with the Yoast SEO plugin v27.5 - https:\/\/yoast.com\/product\/yoast-seo-wordpress\/ -->\n<title>Journ\u00e9es du patrimoine \u00e0 Paris : la gare Saint-Lazare face aux d\u00e9fis de la conservation - GREAT-ARTMAG<\/title>\n<meta name=\"robots\" content=\"index, follow, max-snippet:-1, max-image-preview:large, max-video-preview:-1\" \/>\n<link rel=\"canonical\" href=\"https:\/\/great-artmag.com\/en\/journees-du-patrimoine-2026-paris\/\" \/>\n<meta property=\"og:locale\" content=\"en_US\" \/>\n<meta property=\"og:type\" content=\"article\" \/>\n<meta property=\"og:title\" content=\"Journ\u00e9es du patrimoine \u00e0 Paris : la gare Saint-Lazare face aux d\u00e9fis de la conservation - GREAT-ARTMAG\" \/>\n<meta property=\"og:description\" content=\"Les Journ\u00e9es du patrimoine se d\u00e9roulent en 2026 du 19 au 20 septembre. La 43e \u00e9dition est plac\u00e9e sous le th\u00e8me \u00ab patrimoine en p\u00e9ril \u00bb. Une id\u00e9e de visite \u00e0 Paris ? La gare Saint-Lazare. Premi\u00e8re gare construite \u00e0 Paris, la gare Saint-Lazare incarne \u00e0 la fois l\u2019essor industriel du XIXe si\u00e8cle, l\u2019audace architecturale [&hellip;]\" \/>\n<meta property=\"og:url\" content=\"https:\/\/great-artmag.com\/en\/journees-du-patrimoine-2026-paris\/\" \/>\n<meta property=\"og:site_name\" content=\"GREAT-ARTMAG\" \/>\n<meta property=\"article:published_time\" content=\"2026-02-17T17:54:46+00:00\" \/>\n<meta property=\"article:modified_time\" content=\"2026-05-01T08:08:33+00:00\" \/>\n<meta property=\"og:image\" content=\"https:\/\/great-artmag.com\/wp-content\/uploads\/2026\/02\/gare-saint-lazare.jpg\" \/>\n\t<meta property=\"og:image:width\" content=\"2000\" \/>\n\t<meta property=\"og:image:height\" content=\"1000\" \/>\n\t<meta property=\"og:image:type\" content=\"image\/jpeg\" \/>\n<meta name=\"author\" content=\"Alexia Gugg\u00e9mos\" \/>\n<meta name=\"twitter:card\" content=\"summary_large_image\" \/>\n<meta name=\"twitter:label1\" content=\"Written by\" \/>\n\t<meta name=\"twitter:data1\" content=\"Alexia Gugg\u00e9mos\" \/>\n\t<meta name=\"twitter:label2\" content=\"Est. reading time\" \/>\n\t<meta name=\"twitter:data2\" content=\"4 minutes\" \/>\n<script type=\"application\/ld+json\" class=\"yoast-schema-graph\">{\"@context\":\"https:\\\/\\\/schema.org\",\"@graph\":[{\"@type\":\"Article\",\"@id\":\"https:\\\/\\\/great-artmag.com\\\/en\\\/journees-du-patrimoine-2026-paris\\\/#article\",\"isPartOf\":{\"@id\":\"https:\\\/\\\/great-artmag.com\\\/en\\\/journees-du-patrimoine-2026-paris\\\/\"},\"author\":{\"name\":\"Alexia Gugg\u00e9mos\",\"@id\":\"https:\\\/\\\/great-artmag.com\\\/en\\\/#\\\/schema\\\/person\\\/07a768635fe6f6d87951dc8ae985eeda\"},\"headline\":\"Journ\u00e9es du patrimoine \u00e0 Paris : la gare Saint-Lazare face aux d\u00e9fis de la conservation\",\"datePublished\":\"2026-02-17T17:54:46+00:00\",\"dateModified\":\"2026-05-01T08:08:33+00:00\",\"mainEntityOfPage\":{\"@id\":\"https:\\\/\\\/great-artmag.com\\\/en\\\/journees-du-patrimoine-2026-paris\\\/\"},\"wordCount\":728,\"publisher\":{\"@id\":\"https:\\\/\\\/great-artmag.com\\\/en\\\/#organization\"},\"image\":{\"@id\":\"https:\\\/\\\/great-artmag.com\\\/en\\\/journees-du-patrimoine-2026-paris\\\/#primaryimage\"},\"thumbnailUrl\":\"https:\\\/\\\/great-artmag.com\\\/wp-content\\\/uploads\\\/2026\\\/02\\\/gare-saint-lazare.jpg\",\"keywords\":[\"Journ\u00e9e du patrimoine\",\"Paris\"],\"articleSection\":[\"DESIGN &amp; ARCHITECTURE\"],\"inLanguage\":\"en-US\"},{\"@type\":\"WebPage\",\"@id\":\"https:\\\/\\\/great-artmag.com\\\/en\\\/journees-du-patrimoine-2026-paris\\\/\",\"url\":\"https:\\\/\\\/great-artmag.com\\\/en\\\/journees-du-patrimoine-2026-paris\\\/\",\"name\":\"Journ\u00e9es du patrimoine \u00e0 Paris : la gare Saint-Lazare face aux d\u00e9fis de la conservation - GREAT-ARTMAG\",\"isPartOf\":{\"@id\":\"https:\\\/\\\/great-artmag.com\\\/en\\\/#website\"},\"primaryImageOfPage\":{\"@id\":\"https:\\\/\\\/great-artmag.com\\\/en\\\/journees-du-patrimoine-2026-paris\\\/#primaryimage\"},\"image\":{\"@id\":\"https:\\\/\\\/great-artmag.com\\\/en\\\/journees-du-patrimoine-2026-paris\\\/#primaryimage\"},\"thumbnailUrl\":\"https:\\\/\\\/great-artmag.com\\\/wp-content\\\/uploads\\\/2026\\\/02\\\/gare-saint-lazare.jpg\",\"datePublished\":\"2026-02-17T17:54:46+00:00\",\"dateModified\":\"2026-05-01T08:08:33+00:00\",\"breadcrumb\":{\"@id\":\"https:\\\/\\\/great-artmag.com\\\/en\\\/journees-du-patrimoine-2026-paris\\\/#breadcrumb\"},\"inLanguage\":\"en-US\",\"potentialAction\":[{\"@type\":\"ReadAction\",\"target\":[\"https:\\\/\\\/great-artmag.com\\\/en\\\/journees-du-patrimoine-2026-paris\\\/\"]}]},{\"@type\":\"ImageObject\",\"inLanguage\":\"en-US\",\"@id\":\"https:\\\/\\\/great-artmag.com\\\/en\\\/journees-du-patrimoine-2026-paris\\\/#primaryimage\",\"url\":\"https:\\\/\\\/great-artmag.com\\\/wp-content\\\/uploads\\\/2026\\\/02\\\/gare-saint-lazare.jpg\",\"contentUrl\":\"https:\\\/\\\/great-artmag.com\\\/wp-content\\\/uploads\\\/2026\\\/02\\\/gare-saint-lazare.jpg\",\"width\":2000,\"height\":1000},{\"@type\":\"BreadcrumbList\",\"@id\":\"https:\\\/\\\/great-artmag.com\\\/en\\\/journees-du-patrimoine-2026-paris\\\/#breadcrumb\",\"itemListElement\":[{\"@type\":\"ListItem\",\"position\":1,\"name\":\"Accueil\",\"item\":\"https:\\\/\\\/great-artmag.com\\\/en\\\/\"},{\"@type\":\"ListItem\",\"position\":2,\"name\":\"Journ\u00e9es du patrimoine \u00e0 Paris : la gare Saint-Lazare face aux d\u00e9fis de la conservation\"}]},{\"@type\":\"WebSite\",\"@id\":\"https:\\\/\\\/great-artmag.com\\\/en\\\/#website\",\"url\":\"https:\\\/\\\/great-artmag.com\\\/en\\\/\",\"name\":\"Great ArtMag\",\"description\":\"Le Magazine des H\u00e9donistes\",\"publisher\":{\"@id\":\"https:\\\/\\\/great-artmag.com\\\/en\\\/#organization\"},\"potentialAction\":[{\"@type\":\"SearchAction\",\"target\":{\"@type\":\"EntryPoint\",\"urlTemplate\":\"https:\\\/\\\/great-artmag.com\\\/en\\\/?s={search_term_string}\"},\"query-input\":{\"@type\":\"PropertyValueSpecification\",\"valueRequired\":true,\"valueName\":\"search_term_string\"}}],\"inLanguage\":\"en-US\"},{\"@type\":\"Organization\",\"@id\":\"https:\\\/\\\/great-artmag.com\\\/en\\\/#organization\",\"name\":\"GREAT ARTMAG\",\"url\":\"https:\\\/\\\/great-artmag.com\\\/en\\\/\",\"logo\":{\"@type\":\"ImageObject\",\"inLanguage\":\"en-US\",\"@id\":\"https:\\\/\\\/great-artmag.com\\\/en\\\/#\\\/schema\\\/logo\\\/image\\\/\",\"url\":\"https:\\\/\\\/great-artmag.com\\\/wp-content\\\/uploads\\\/2024\\\/07\\\/IMG_5403.jpg\",\"contentUrl\":\"https:\\\/\\\/great-artmag.com\\\/wp-content\\\/uploads\\\/2024\\\/07\\\/IMG_5403.jpg\",\"width\":860,\"height\":368,\"caption\":\"GREAT ARTMAG\"},\"image\":{\"@id\":\"https:\\\/\\\/great-artmag.com\\\/en\\\/#\\\/schema\\\/logo\\\/image\\\/\"},\"sameAs\":[\"https:\\\/\\\/www.instagram.com\\\/great_artmag\"]},{\"@type\":\"Person\",\"@id\":\"https:\\\/\\\/great-artmag.com\\\/en\\\/#\\\/schema\\\/person\\\/07a768635fe6f6d87951dc8ae985eeda\",\"name\":\"Alexia Gugg\u00e9mos\",\"url\":\"https:\\\/\\\/great-artmag.com\\\/en\\\/author\\\/admin5782\\\/\"}]}<\/script>\n<!-- \/ Yoast SEO plugin. -->","yoast_head_json":{"title":"Journ\u00e9es du patrimoine \u00e0 Paris : la gare Saint-Lazare face aux d\u00e9fis de la conservation - GREAT-ARTMAG","robots":{"index":"index","follow":"follow","max-snippet":"max-snippet:-1","max-image-preview":"max-image-preview:large","max-video-preview":"max-video-preview:-1"},"canonical":"https:\/\/great-artmag.com\/en\/journees-du-patrimoine-2026-paris\/","og_locale":"en_US","og_type":"article","og_title":"Journ\u00e9es du patrimoine \u00e0 Paris : la gare Saint-Lazare face aux d\u00e9fis de la conservation - GREAT-ARTMAG","og_description":"Les Journ\u00e9es du patrimoine se d\u00e9roulent en 2026 du 19 au 20 septembre. La 43e \u00e9dition est plac\u00e9e sous le th\u00e8me \u00ab patrimoine en p\u00e9ril \u00bb. Une id\u00e9e de visite \u00e0 Paris ? La gare Saint-Lazare. Premi\u00e8re gare construite \u00e0 Paris, la gare Saint-Lazare incarne \u00e0 la fois l\u2019essor industriel du XIXe si\u00e8cle, l\u2019audace architecturale [&hellip;]","og_url":"https:\/\/great-artmag.com\/en\/journees-du-patrimoine-2026-paris\/","og_site_name":"GREAT-ARTMAG","article_published_time":"2026-02-17T17:54:46+00:00","article_modified_time":"2026-05-01T08:08:33+00:00","og_image":[{"width":2000,"height":1000,"url":"https:\/\/great-artmag.com\/wp-content\/uploads\/2026\/02\/gare-saint-lazare.jpg","type":"image\/jpeg"}],"author":"Alexia Gugg\u00e9mos","twitter_card":"summary_large_image","twitter_misc":{"Written by":"Alexia Gugg\u00e9mos","Est. reading time":"4 minutes"},"schema":{"@context":"https:\/\/schema.org","@graph":[{"@type":"Article","@id":"https:\/\/great-artmag.com\/en\/journees-du-patrimoine-2026-paris\/#article","isPartOf":{"@id":"https:\/\/great-artmag.com\/en\/journees-du-patrimoine-2026-paris\/"},"author":{"name":"Alexia Gugg\u00e9mos","@id":"https:\/\/great-artmag.com\/en\/#\/schema\/person\/07a768635fe6f6d87951dc8ae985eeda"},"headline":"Journ\u00e9es du patrimoine \u00e0 Paris : la gare Saint-Lazare face aux d\u00e9fis de la conservation","datePublished":"2026-02-17T17:54:46+00:00","dateModified":"2026-05-01T08:08:33+00:00","mainEntityOfPage":{"@id":"https:\/\/great-artmag.com\/en\/journees-du-patrimoine-2026-paris\/"},"wordCount":728,"publisher":{"@id":"https:\/\/great-artmag.com\/en\/#organization"},"image":{"@id":"https:\/\/great-artmag.com\/en\/journees-du-patrimoine-2026-paris\/#primaryimage"},"thumbnailUrl":"https:\/\/great-artmag.com\/wp-content\/uploads\/2026\/02\/gare-saint-lazare.jpg","keywords":["Journ\u00e9e du patrimoine","Paris"],"articleSection":["DESIGN &amp; ARCHITECTURE"],"inLanguage":"en-US"},{"@type":"WebPage","@id":"https:\/\/great-artmag.com\/en\/journees-du-patrimoine-2026-paris\/","url":"https:\/\/great-artmag.com\/en\/journees-du-patrimoine-2026-paris\/","name":"Journ\u00e9es du patrimoine \u00e0 Paris : la gare Saint-Lazare face aux d\u00e9fis de la conservation - GREAT-ARTMAG","isPartOf":{"@id":"https:\/\/great-artmag.com\/en\/#website"},"primaryImageOfPage":{"@id":"https:\/\/great-artmag.com\/en\/journees-du-patrimoine-2026-paris\/#primaryimage"},"image":{"@id":"https:\/\/great-artmag.com\/en\/journees-du-patrimoine-2026-paris\/#primaryimage"},"thumbnailUrl":"https:\/\/great-artmag.com\/wp-content\/uploads\/2026\/02\/gare-saint-lazare.jpg","datePublished":"2026-02-17T17:54:46+00:00","dateModified":"2026-05-01T08:08:33+00:00","breadcrumb":{"@id":"https:\/\/great-artmag.com\/en\/journees-du-patrimoine-2026-paris\/#breadcrumb"},"inLanguage":"en-US","potentialAction":[{"@type":"ReadAction","target":["https:\/\/great-artmag.com\/en\/journees-du-patrimoine-2026-paris\/"]}]},{"@type":"ImageObject","inLanguage":"en-US","@id":"https:\/\/great-artmag.com\/en\/journees-du-patrimoine-2026-paris\/#primaryimage","url":"https:\/\/great-artmag.com\/wp-content\/uploads\/2026\/02\/gare-saint-lazare.jpg","contentUrl":"https:\/\/great-artmag.com\/wp-content\/uploads\/2026\/02\/gare-saint-lazare.jpg","width":2000,"height":1000},{"@type":"BreadcrumbList","@id":"https:\/\/great-artmag.com\/en\/journees-du-patrimoine-2026-paris\/#breadcrumb","itemListElement":[{"@type":"ListItem","position":1,"name":"Accueil","item":"https:\/\/great-artmag.com\/en\/"},{"@type":"ListItem","position":2,"name":"Journ\u00e9es du patrimoine \u00e0 Paris : la gare Saint-Lazare face aux d\u00e9fis de la conservation"}]},{"@type":"WebSite","@id":"https:\/\/great-artmag.com\/en\/#website","url":"https:\/\/great-artmag.com\/en\/","name":"Great ArtMag","description":"Le Magazine des H\u00e9donistes","publisher":{"@id":"https:\/\/great-artmag.com\/en\/#organization"},"potentialAction":[{"@type":"SearchAction","target":{"@type":"EntryPoint","urlTemplate":"https:\/\/great-artmag.com\/en\/?s={search_term_string}"},"query-input":{"@type":"PropertyValueSpecification","valueRequired":true,"valueName":"search_term_string"}}],"inLanguage":"en-US"},{"@type":"Organization","@id":"https:\/\/great-artmag.com\/en\/#organization","name":"GREAT ARTMAG","url":"https:\/\/great-artmag.com\/en\/","logo":{"@type":"ImageObject","inLanguage":"en-US","@id":"https:\/\/great-artmag.com\/en\/#\/schema\/logo\/image\/","url":"https:\/\/great-artmag.com\/wp-content\/uploads\/2024\/07\/IMG_5403.jpg","contentUrl":"https:\/\/great-artmag.com\/wp-content\/uploads\/2024\/07\/IMG_5403.jpg","width":860,"height":368,"caption":"GREAT ARTMAG"},"image":{"@id":"https:\/\/great-artmag.com\/en\/#\/schema\/logo\/image\/"},"sameAs":["https:\/\/www.instagram.com\/great_artmag"]},{"@type":"Person","@id":"https:\/\/great-artmag.com\/en\/#\/schema\/person\/07a768635fe6f6d87951dc8ae985eeda","name":"Alexia Gugg\u00e9mos","url":"https:\/\/great-artmag.com\/en\/author\/admin5782\/"}]}},"amp_enabled":true,"_links":{"self":[{"href":"https:\/\/great-artmag.com\/en\/wp-json\/wp\/v2\/posts\/5914","targetHints":{"allow":["GET"]}}],"collection":[{"href":"https:\/\/great-artmag.com\/en\/wp-json\/wp\/v2\/posts"}],"about":[{"href":"https:\/\/great-artmag.com\/en\/wp-json\/wp\/v2\/types\/post"}],"author":[{"embeddable":true,"href":"https:\/\/great-artmag.com\/en\/wp-json\/wp\/v2\/users\/1"}],"replies":[{"embeddable":true,"href":"https:\/\/great-artmag.com\/en\/wp-json\/wp\/v2\/comments?post=5914"}],"version-history":[{"count":5,"href":"https:\/\/great-artmag.com\/en\/wp-json\/wp\/v2\/posts\/5914\/revisions"}],"predecessor-version":[{"id":7252,"href":"https:\/\/great-artmag.com\/en\/wp-json\/wp\/v2\/posts\/5914\/revisions\/7252"}],"wp:featuredmedia":[{"embeddable":true,"href":"https:\/\/great-artmag.com\/en\/wp-json\/wp\/v2\/media\/5915"}],"wp:attachment":[{"href":"https:\/\/great-artmag.com\/en\/wp-json\/wp\/v2\/media?parent=5914"}],"wp:term":[{"taxonomy":"category","embeddable":true,"href":"https:\/\/great-artmag.com\/en\/wp-json\/wp\/v2\/categories?post=5914"},{"taxonomy":"post_tag","embeddable":true,"href":"https:\/\/great-artmag.com\/en\/wp-json\/wp\/v2\/tags?post=5914"}],"curies":[{"name":"wp","href":"https:\/\/api.w.org\/{rel}","templated":true}]}}