{"id":594,"date":"2014-01-27T19:57:52","date_gmt":"2014-01-27T18:57:52","guid":{"rendered":"https:\/\/unik-artmag.com\/?p=594"},"modified":"2025-01-01T12:07:05","modified_gmt":"2025-01-01T11:07:05","slug":"peinture-et-photographie-un-livre-cle-de-dominique-de-font-reaulx","status":"publish","type":"post","link":"https:\/\/great-artmag.com\/en\/peinture-et-photographie-un-livre-cle-de-dominique-de-font-reaulx\/","title":{"rendered":"&#8220;Peinture et photographie&#8221; : Un livre-cl\u00e9 de Dominique de Font-R\u00e9aulx"},"content":{"rendered":"<div class=\"wpb-content-wrapper\"><div id=\"tdi_1\" class=\"tdc-row\"><div class=\"vc_row tdi_2  wpb_row td-pb-row\" >\n<style scoped>\n\/* custom css - generated by TagDiv Composer *\/\n\n\/* custom css - generated by TagDiv Composer *\/\n.tdi_2,\r\n                .tdi_2 .tdc-columns{\r\n                    min-height: 0;\r\n                }.tdi_2,\r\n\t\t\t\t.tdi_2 .tdc-columns{\r\n\t\t\t\t    display: block;\r\n\t\t\t\t}.tdi_2 .tdc-columns{\r\n\t\t\t\t    width: 100%;\r\n\t\t\t\t}.tdi_2:before,\r\n\t\t\t\t.tdi_2:after{\r\n\t\t\t\t    display: table;\r\n\t\t\t\t}\n<\/style><div class=\"vc_column tdi_4  wpb_column vc_column_container tdc-column td-pb-span12\">\n<style scoped>\n\/* custom css - generated by TagDiv Composer *\/\n\n\/* custom css - generated by TagDiv Composer *\/\n.tdi_4{\r\n                    vertical-align: baseline;\r\n                }.tdi_4 > .wpb_wrapper,\r\n\t\t\t\t.tdi_4 > .wpb_wrapper > .tdc-elements{\r\n\t\t\t\t    display: block;\r\n\t\t\t\t}.tdi_4 > .wpb_wrapper > .tdc-elements{\r\n\t\t\t\t    width: 100%;\r\n\t\t\t\t}.tdi_4 > .wpb_wrapper > .vc_row_inner{\r\n\t\t\t\t    width: auto;\r\n\t\t\t\t}.tdi_4 > .wpb_wrapper{\r\n\t\t\t\t    width: auto;\r\n\t\t\t\t    height: auto;\r\n\t\t\t\t}\n<\/style><div class=\"wpb_wrapper\" >[vc_column_text]ART &#8211; Quelle conjonction lie peinture et photographie dans la cr\u00e9ation d&#8217;un artiste? C&#8217;est la question que s&#8217;est pos\u00e9e Dominique de Font-R\u00e9aulx, conservatrice en chef au Mus\u00e9e du Louvre. Avec intelligence, \u00e9rudition et clart\u00e9, elle y r\u00e9pond \u00e0 travers Peinture et Photographie, aux \u00e9ditions Flammarion, un ouvrage \u00e0 l&#8217;attention de tous les vrais amateurs d&#8217;art.[\/vc_column_text]<\/div><\/div><\/div><\/div><div id=\"tdi_5\" class=\"tdc-row\"><div class=\"vc_row tdi_6  wpb_row td-pb-row\" >\n<style scoped>\n\/* custom css - generated by TagDiv Composer *\/\n\n\/* custom css - generated by TagDiv Composer *\/\n.tdi_6,\r\n                .tdi_6 .tdc-columns{\r\n                    min-height: 0;\r\n                }.tdi_6,\r\n\t\t\t\t.tdi_6 .tdc-columns{\r\n\t\t\t\t    display: block;\r\n\t\t\t\t}.tdi_6 .tdc-columns{\r\n\t\t\t\t    width: 100%;\r\n\t\t\t\t}.tdi_6:before,\r\n\t\t\t\t.tdi_6:after{\r\n\t\t\t\t    display: table;\r\n\t\t\t\t}\n<\/style><div class=\"vc_column tdi_8  wpb_column vc_column_container tdc-column td-pb-span3\">\n<style scoped>\n\/* custom css - generated by TagDiv Composer *\/\n\n\/* custom css - generated by TagDiv Composer *\/\n.tdi_8{\r\n                    vertical-align: baseline;\r\n                }.tdi_8 > .wpb_wrapper,\r\n\t\t\t\t.tdi_8 > .wpb_wrapper > .tdc-elements{\r\n\t\t\t\t    display: block;\r\n\t\t\t\t}.tdi_8 > .wpb_wrapper > .tdc-elements{\r\n\t\t\t\t    width: 100%;\r\n\t\t\t\t}.tdi_8 > .wpb_wrapper > .vc_row_inner{\r\n\t\t\t\t    width: auto;\r\n\t\t\t\t}.tdi_8 > .wpb_wrapper{\r\n\t\t\t\t    width: auto;\r\n\t\t\t\t    height: auto;\r\n\t\t\t\t}\n<\/style><div class=\"wpb_wrapper\" >[vc_single_image image=&#8221;4602&#8243; img_size=&#8221;full&#8221; css=&#8221;&#8221;]<\/div><\/div><div class=\"vc_column tdi_10  wpb_column vc_column_container tdc-column td-pb-span9\">\n<style scoped>\n\/* custom css - generated by TagDiv Composer *\/\n\n\/* custom css - generated by TagDiv Composer *\/\n.tdi_10{\r\n                    vertical-align: baseline;\r\n                }.tdi_10 > .wpb_wrapper,\r\n\t\t\t\t.tdi_10 > .wpb_wrapper > .tdc-elements{\r\n\t\t\t\t    display: block;\r\n\t\t\t\t}.tdi_10 > .wpb_wrapper > .tdc-elements{\r\n\t\t\t\t    width: 100%;\r\n\t\t\t\t}.tdi_10 > .wpb_wrapper > .vc_row_inner{\r\n\t\t\t\t    width: auto;\r\n\t\t\t\t}.tdi_10 > .wpb_wrapper{\r\n\t\t\t\t    width: auto;\r\n\t\t\t\t    height: auto;\r\n\t\t\t\t}\n<\/style><div class=\"wpb_wrapper\" >[vc_column_text]Quelle conjonction lie peinture et photographie dans la cr\u00e9ation d&#8217;un artiste? C&#8217;est la question que s&#8217;est pos\u00e9e Dominique de Font-R\u00e9aulx, conservatrice en chef au Mus\u00e9e du Louvre, ancienne responsable de la collection de photographies au Mus\u00e9e d&#8217;Orsay. Avec intelligence, \u00e9rudition et clart\u00e9, elle y r\u00e9pond \u00e0 travers <em>Peinture et Photographie<\/em>, aux \u00e9ditions Flammarion, un ouvrage de 320 pages \u00e0 l&#8217;attention de tous les vrais amateurs d&#8217;art.[\/vc_column_text][vc_column_text]&#8221;J&#8217;ai voulu montrer qu&#8217;il y avait eu une rencontre entre la peinture et la photographie&#8221;, explique Dominique de Font-R\u00e9aulx. Et le pari est r\u00e9ussi. Le duo est livr\u00e9 \u00e0 toute sa complexit\u00e9. Pour comprendre les liaisons conjugu\u00e9es, l&#8217;auteur nous plonge tout d&#8217;abord dans les innovations de l&#8217;Exposition universelle de 1855, dans cette deuxi\u00e8me moiti\u00e9 du XIXe si\u00e8cle o\u00f9 la photographie s&#8217;invente, r\u00e9v\u00e8le le r\u00e9el de mani\u00e8re diff\u00e9rente. L&#8217;auteur dit tout de ces allers-retours et inspirations crois\u00e9es.[\/vc_column_text]<\/div><\/div><\/div><\/div><div id=\"tdi_11\" class=\"tdc-row\"><div class=\"vc_row tdi_12  wpb_row td-pb-row\" >\n<style scoped>\n\/* custom css - generated by TagDiv Composer *\/\n\n\/* custom css - generated by TagDiv Composer *\/\n.tdi_12,\r\n                .tdi_12 .tdc-columns{\r\n                    min-height: 0;\r\n                }.tdi_12,\r\n\t\t\t\t.tdi_12 .tdc-columns{\r\n\t\t\t\t    display: block;\r\n\t\t\t\t}.tdi_12 .tdc-columns{\r\n\t\t\t\t    width: 100%;\r\n\t\t\t\t}.tdi_12:before,\r\n\t\t\t\t.tdi_12:after{\r\n\t\t\t\t    display: table;\r\n\t\t\t\t}\n<\/style><div class=\"vc_column tdi_14  wpb_column vc_column_container tdc-column td-pb-span12\">\n<style scoped>\n\/* custom css - generated by TagDiv Composer *\/\n\n\/* custom css - generated by TagDiv Composer *\/\n.tdi_14{\r\n                    vertical-align: baseline;\r\n                }.tdi_14 > .wpb_wrapper,\r\n\t\t\t\t.tdi_14 > .wpb_wrapper > .tdc-elements{\r\n\t\t\t\t    display: block;\r\n\t\t\t\t}.tdi_14 > .wpb_wrapper > .tdc-elements{\r\n\t\t\t\t    width: 100%;\r\n\t\t\t\t}.tdi_14 > .wpb_wrapper > .vc_row_inner{\r\n\t\t\t\t    width: auto;\r\n\t\t\t\t}.tdi_14 > .wpb_wrapper{\r\n\t\t\t\t    width: auto;\r\n\t\t\t\t    height: auto;\r\n\t\t\t\t}\n<\/style><div class=\"wpb_wrapper\" >[vc_column_text]Souvent, les peintres ne disaient rien des images photographiques \u00e0 l&#8217;origine de certaines de leurs toiles afin de garder le myst\u00e8re de la cr\u00e9ation. L&#8217;auteur pointe les correspondances et en d\u00e9voile les coulisses. \u00c0 Ornans, Courbet a besoin d&#8217;un nu. Et c&#8217;est son marchand qui lui fournit la photographie du mod\u00e8le favori du peintre. En comparant les deux visuels, on se rend compte de la puissance de la chair magnifi\u00e9e par le pinceau. Pour r\u00e9pondre \u00e0 la demande des peintres de mod\u00e8les f\u00e9minins, le photographe F\u00e9lix-Jacques Moulin ouvre un studio et r\u00e9alise des daguerr\u00e9otypes de jeunes filles \u00e2g\u00e9es de 14 \u00e0 16 ans. Il est condamn\u00e9 \u00e0 1 mois de prison et 100 francs d&#8217;amende pour images licencieuses&#8230; Des d\u00e9buts difficiles racont\u00e9s de fa\u00e7on illustr\u00e9e. Autre usage de la photographie pour un peintre: la trace. Ingres fait reproduire par le daguerr\u00e9otype une de ses \u0153uvres qu&#8217;il d\u00e9truit par la suite. Tandis que les cadrages photographiques deviennent des r\u00e9f\u00e9rents. (Ci-contre, une photographie du peintre Pierre Bonnard)[\/vc_column_text]<\/div><\/div><\/div><\/div><div id=\"tdi_15\" class=\"tdc-row\"><div class=\"vc_row tdi_16  wpb_row td-pb-row\" >\n<style scoped>\n\/* custom css - generated by TagDiv Composer *\/\n\n\/* custom css - generated by TagDiv Composer *\/\n.tdi_16,\r\n                .tdi_16 .tdc-columns{\r\n                    min-height: 0;\r\n                }.tdi_16,\r\n\t\t\t\t.tdi_16 .tdc-columns{\r\n\t\t\t\t    display: block;\r\n\t\t\t\t}.tdi_16 .tdc-columns{\r\n\t\t\t\t    width: 100%;\r\n\t\t\t\t}.tdi_16:before,\r\n\t\t\t\t.tdi_16:after{\r\n\t\t\t\t    display: table;\r\n\t\t\t\t}\n<\/style><div class=\"vc_column tdi_18  wpb_column vc_column_container tdc-column td-pb-span12\">\n<style scoped>\n\/* custom css - generated by TagDiv Composer *\/\n\n\/* custom css - generated by TagDiv Composer *\/\n.tdi_18{\r\n                    vertical-align: baseline;\r\n                }.tdi_18 > .wpb_wrapper,\r\n\t\t\t\t.tdi_18 > .wpb_wrapper > .tdc-elements{\r\n\t\t\t\t    display: block;\r\n\t\t\t\t}.tdi_18 > .wpb_wrapper > .tdc-elements{\r\n\t\t\t\t    width: 100%;\r\n\t\t\t\t}.tdi_18 > .wpb_wrapper > .vc_row_inner{\r\n\t\t\t\t    width: auto;\r\n\t\t\t\t}.tdi_18 > .wpb_wrapper{\r\n\t\t\t\t    width: auto;\r\n\t\t\t\t    height: auto;\r\n\t\t\t\t}\n<\/style><div class=\"wpb_wrapper\" >[vc_column_text]Le XIX\u00e8me inaugure une nouvelle approche du regard. Dominique de Font-R\u00e9aulx nous fait aimer ce si\u00e8cle o\u00f9 surgissent des r\u00e9alit\u00e9s po\u00e9tiques nouvelles saisies par &#8220;l&#8217;emprise du merveilleux&#8221;. La photographie se positionne elle-m\u00eame \u00e0 ce carrefour dans sa capacit\u00e9 \u00e0 &#8220;faire na\u00eetre une \u00e9motion, une surprise&#8221;. Inversement, la photographie s&#8217;est aussi nourrie de l&#8217;\u0153uvre de certains peintres. Une r\u00e9flexion in\u00e9dite sur l&#8217;essence des m\u00e9diums et leurs influences.[\/vc_column_text]<\/div><\/div><\/div><\/div>\n<\/div>","protected":false},"excerpt":{"rendered":"<p>Quelle conjonction lie peinture et photographie dans la cr\u00e9ation d&#8217;un artiste? C&#8217;est la question que s&#8217;est pos\u00e9e Dominique de Font-R\u00e9aulx, conservatrice en chef au Mus\u00e9e du Louvre. Avec intelligence, \u00e9rudition et clart\u00e9, elle y r\u00e9pond \u00e0 travers Peinture et Photographie, aux \u00e9ditions Flammarion, un ouvrage \u00e0 l&#8217;attention de tous les vrais amateurs d&#8217;art.<\/p>\n","protected":false},"author":1,"featured_media":4600,"comment_status":"open","ping_status":"closed","sticky":false,"template":"","format":"standard","meta":{"inline_featured_image":false,"tdm_status":"","tdm_grid_status":"","footnotes":""},"categories":[1167],"tags":[1174,1172],"class_list":["post-594","post","type-post","status-publish","format-standard","has-post-thumbnail","hentry","category-livre","tag-dominique-de-font-reaulx","tag-livre"],"yoast_head":"<!-- This site is optimized with the Yoast SEO plugin v27.5 - https:\/\/yoast.com\/product\/yoast-seo-wordpress\/ -->\n<title>&quot;Peinture et photographie&quot; : Un livre-cl\u00e9 de Dominique de Font-R\u00e9aulx<\/title>\n<meta name=\"description\" content=\"Quelle conjonction lie peinture et photographie dans la cr\u00e9ation d&#039;un artiste ? C&#039;est la question que s&#039;est pos\u00e9e Dominique de Font-R\u00e9aulx.\" \/>\n<meta name=\"robots\" content=\"index, follow, max-snippet:-1, max-image-preview:large, max-video-preview:-1\" \/>\n<link rel=\"canonical\" href=\"https:\/\/great-artmag.com\/en\/peinture-et-photographie-un-livre-cle-de-dominique-de-font-reaulx\/\" \/>\n<meta property=\"og:locale\" content=\"en_US\" \/>\n<meta property=\"og:type\" content=\"article\" \/>\n<meta property=\"og:title\" content=\"&quot;Peinture et photographie&quot; : Un livre-cl\u00e9 de Dominique de Font-R\u00e9aulx\" \/>\n<meta property=\"og:description\" content=\"Quelle conjonction lie peinture et photographie dans la cr\u00e9ation d&#039;un artiste ? C&#039;est la question que s&#039;est pos\u00e9e Dominique de Font-R\u00e9aulx.\" \/>\n<meta property=\"og:url\" content=\"https:\/\/great-artmag.com\/en\/peinture-et-photographie-un-livre-cle-de-dominique-de-font-reaulx\/\" \/>\n<meta property=\"og:site_name\" content=\"GREAT-ARTMAG\" \/>\n<meta property=\"article:published_time\" content=\"2014-01-27T18:57:52+00:00\" \/>\n<meta property=\"article:modified_time\" content=\"2025-01-01T11:07:05+00:00\" \/>\n<meta property=\"og:image\" content=\"https:\/\/great-artmag.com\/wp-content\/uploads\/2014\/01\/font-reault-1024x833.png\" \/>\n\t<meta property=\"og:image:width\" content=\"1024\" \/>\n\t<meta property=\"og:image:height\" content=\"833\" \/>\n\t<meta property=\"og:image:type\" content=\"image\/png\" \/>\n<meta name=\"author\" content=\"Alexia Gugg\u00e9mos\" \/>\n<meta name=\"twitter:card\" content=\"summary_large_image\" \/>\n<meta name=\"twitter:label1\" content=\"Written by\" \/>\n\t<meta name=\"twitter:data1\" content=\"Alexia Gugg\u00e9mos\" \/>\n\t<meta name=\"twitter:label2\" content=\"Est. reading time\" \/>\n\t<meta name=\"twitter:data2\" content=\"3 minutes\" \/>\n<script type=\"application\/ld+json\" class=\"yoast-schema-graph\">{\"@context\":\"https:\\\/\\\/schema.org\",\"@graph\":[{\"@type\":\"Article\",\"@id\":\"https:\\\/\\\/great-artmag.com\\\/en\\\/peinture-et-photographie-un-livre-cle-de-dominique-de-font-reaulx\\\/#article\",\"isPartOf\":{\"@id\":\"https:\\\/\\\/great-artmag.com\\\/en\\\/peinture-et-photographie-un-livre-cle-de-dominique-de-font-reaulx\\\/\"},\"author\":{\"name\":\"Alexia Gugg\u00e9mos\",\"@id\":\"https:\\\/\\\/great-artmag.com\\\/en\\\/#\\\/schema\\\/person\\\/07a768635fe6f6d87951dc8ae985eeda\"},\"headline\":\"&#8220;Peinture et photographie&#8221; : Un livre-cl\u00e9 de Dominique de Font-R\u00e9aulx\",\"datePublished\":\"2014-01-27T18:57:52+00:00\",\"dateModified\":\"2025-01-01T11:07:05+00:00\",\"mainEntityOfPage\":{\"@id\":\"https:\\\/\\\/great-artmag.com\\\/en\\\/peinture-et-photographie-un-livre-cle-de-dominique-de-font-reaulx\\\/\"},\"wordCount\":577,\"commentCount\":0,\"publisher\":{\"@id\":\"https:\\\/\\\/great-artmag.com\\\/en\\\/#organization\"},\"image\":{\"@id\":\"https:\\\/\\\/great-artmag.com\\\/en\\\/peinture-et-photographie-un-livre-cle-de-dominique-de-font-reaulx\\\/#primaryimage\"},\"thumbnailUrl\":\"https:\\\/\\\/great-artmag.com\\\/wp-content\\\/uploads\\\/2014\\\/01\\\/font-reault.png\",\"keywords\":[\"Dominique de Font-R\u00e9aulx\",\"livre\"],\"articleSection\":[\"LIVRES\"],\"inLanguage\":\"en-US\",\"potentialAction\":[{\"@type\":\"CommentAction\",\"name\":\"Comment\",\"target\":[\"https:\\\/\\\/great-artmag.com\\\/en\\\/peinture-et-photographie-un-livre-cle-de-dominique-de-font-reaulx\\\/#respond\"]}]},{\"@type\":\"WebPage\",\"@id\":\"https:\\\/\\\/great-artmag.com\\\/en\\\/peinture-et-photographie-un-livre-cle-de-dominique-de-font-reaulx\\\/\",\"url\":\"https:\\\/\\\/great-artmag.com\\\/en\\\/peinture-et-photographie-un-livre-cle-de-dominique-de-font-reaulx\\\/\",\"name\":\"\\\"Peinture et photographie\\\" : Un livre-cl\u00e9 de Dominique de Font-R\u00e9aulx\",\"isPartOf\":{\"@id\":\"https:\\\/\\\/great-artmag.com\\\/en\\\/#website\"},\"primaryImageOfPage\":{\"@id\":\"https:\\\/\\\/great-artmag.com\\\/en\\\/peinture-et-photographie-un-livre-cle-de-dominique-de-font-reaulx\\\/#primaryimage\"},\"image\":{\"@id\":\"https:\\\/\\\/great-artmag.com\\\/en\\\/peinture-et-photographie-un-livre-cle-de-dominique-de-font-reaulx\\\/#primaryimage\"},\"thumbnailUrl\":\"https:\\\/\\\/great-artmag.com\\\/wp-content\\\/uploads\\\/2014\\\/01\\\/font-reault.png\",\"datePublished\":\"2014-01-27T18:57:52+00:00\",\"dateModified\":\"2025-01-01T11:07:05+00:00\",\"description\":\"Quelle conjonction lie peinture et photographie dans la cr\u00e9ation d'un artiste ? C'est la question que s'est pos\u00e9e Dominique de Font-R\u00e9aulx.\",\"breadcrumb\":{\"@id\":\"https:\\\/\\\/great-artmag.com\\\/en\\\/peinture-et-photographie-un-livre-cle-de-dominique-de-font-reaulx\\\/#breadcrumb\"},\"inLanguage\":\"en-US\",\"potentialAction\":[{\"@type\":\"ReadAction\",\"target\":[\"https:\\\/\\\/great-artmag.com\\\/en\\\/peinture-et-photographie-un-livre-cle-de-dominique-de-font-reaulx\\\/\"]}]},{\"@type\":\"ImageObject\",\"inLanguage\":\"en-US\",\"@id\":\"https:\\\/\\\/great-artmag.com\\\/en\\\/peinture-et-photographie-un-livre-cle-de-dominique-de-font-reaulx\\\/#primaryimage\",\"url\":\"https:\\\/\\\/great-artmag.com\\\/wp-content\\\/uploads\\\/2014\\\/01\\\/font-reault.png\",\"contentUrl\":\"https:\\\/\\\/great-artmag.com\\\/wp-content\\\/uploads\\\/2014\\\/01\\\/font-reault.png\",\"width\":1574,\"height\":1280},{\"@type\":\"BreadcrumbList\",\"@id\":\"https:\\\/\\\/great-artmag.com\\\/en\\\/peinture-et-photographie-un-livre-cle-de-dominique-de-font-reaulx\\\/#breadcrumb\",\"itemListElement\":[{\"@type\":\"ListItem\",\"position\":1,\"name\":\"Accueil\",\"item\":\"https:\\\/\\\/great-artmag.com\\\/en\\\/\"},{\"@type\":\"ListItem\",\"position\":2,\"name\":\"\u00ab\u00a0Peinture et photographie\u00a0\u00bb : Un livre-cl\u00e9 de Dominique de Font-R\u00e9aulx\"}]},{\"@type\":\"WebSite\",\"@id\":\"https:\\\/\\\/great-artmag.com\\\/en\\\/#website\",\"url\":\"https:\\\/\\\/great-artmag.com\\\/en\\\/\",\"name\":\"Great ArtMag\",\"description\":\"Le Magazine des H\u00e9donistes\",\"publisher\":{\"@id\":\"https:\\\/\\\/great-artmag.com\\\/en\\\/#organization\"},\"potentialAction\":[{\"@type\":\"SearchAction\",\"target\":{\"@type\":\"EntryPoint\",\"urlTemplate\":\"https:\\\/\\\/great-artmag.com\\\/en\\\/?s={search_term_string}\"},\"query-input\":{\"@type\":\"PropertyValueSpecification\",\"valueRequired\":true,\"valueName\":\"search_term_string\"}}],\"inLanguage\":\"en-US\"},{\"@type\":\"Organization\",\"@id\":\"https:\\\/\\\/great-artmag.com\\\/en\\\/#organization\",\"name\":\"GREAT ARTMAG\",\"url\":\"https:\\\/\\\/great-artmag.com\\\/en\\\/\",\"logo\":{\"@type\":\"ImageObject\",\"inLanguage\":\"en-US\",\"@id\":\"https:\\\/\\\/great-artmag.com\\\/en\\\/#\\\/schema\\\/logo\\\/image\\\/\",\"url\":\"https:\\\/\\\/great-artmag.com\\\/wp-content\\\/uploads\\\/2024\\\/07\\\/IMG_5403.jpg\",\"contentUrl\":\"https:\\\/\\\/great-artmag.com\\\/wp-content\\\/uploads\\\/2024\\\/07\\\/IMG_5403.jpg\",\"width\":860,\"height\":368,\"caption\":\"GREAT ARTMAG\"},\"image\":{\"@id\":\"https:\\\/\\\/great-artmag.com\\\/en\\\/#\\\/schema\\\/logo\\\/image\\\/\"},\"sameAs\":[\"https:\\\/\\\/www.instagram.com\\\/great_artmag\"]},{\"@type\":\"Person\",\"@id\":\"https:\\\/\\\/great-artmag.com\\\/en\\\/#\\\/schema\\\/person\\\/07a768635fe6f6d87951dc8ae985eeda\",\"name\":\"Alexia Gugg\u00e9mos\",\"url\":\"https:\\\/\\\/great-artmag.com\\\/en\\\/author\\\/admin5782\\\/\"}]}<\/script>\n<!-- \/ Yoast SEO plugin. -->","yoast_head_json":{"title":"\"Peinture et photographie\" : Un livre-cl\u00e9 de Dominique de Font-R\u00e9aulx","description":"Quelle conjonction lie peinture et photographie dans la cr\u00e9ation d'un artiste ? C'est la question que s'est pos\u00e9e Dominique de Font-R\u00e9aulx.","robots":{"index":"index","follow":"follow","max-snippet":"max-snippet:-1","max-image-preview":"max-image-preview:large","max-video-preview":"max-video-preview:-1"},"canonical":"https:\/\/great-artmag.com\/en\/peinture-et-photographie-un-livre-cle-de-dominique-de-font-reaulx\/","og_locale":"en_US","og_type":"article","og_title":"\"Peinture et photographie\" : Un livre-cl\u00e9 de Dominique de Font-R\u00e9aulx","og_description":"Quelle conjonction lie peinture et photographie dans la cr\u00e9ation d'un artiste ? C'est la question que s'est pos\u00e9e Dominique de Font-R\u00e9aulx.","og_url":"https:\/\/great-artmag.com\/en\/peinture-et-photographie-un-livre-cle-de-dominique-de-font-reaulx\/","og_site_name":"GREAT-ARTMAG","article_published_time":"2014-01-27T18:57:52+00:00","article_modified_time":"2025-01-01T11:07:05+00:00","og_image":[{"width":1024,"height":833,"url":"https:\/\/great-artmag.com\/wp-content\/uploads\/2014\/01\/font-reault-1024x833.png","type":"image\/png"}],"author":"Alexia Gugg\u00e9mos","twitter_card":"summary_large_image","twitter_misc":{"Written by":"Alexia Gugg\u00e9mos","Est. reading time":"3 minutes"},"schema":{"@context":"https:\/\/schema.org","@graph":[{"@type":"Article","@id":"https:\/\/great-artmag.com\/en\/peinture-et-photographie-un-livre-cle-de-dominique-de-font-reaulx\/#article","isPartOf":{"@id":"https:\/\/great-artmag.com\/en\/peinture-et-photographie-un-livre-cle-de-dominique-de-font-reaulx\/"},"author":{"name":"Alexia Gugg\u00e9mos","@id":"https:\/\/great-artmag.com\/en\/#\/schema\/person\/07a768635fe6f6d87951dc8ae985eeda"},"headline":"&#8220;Peinture et photographie&#8221; : Un livre-cl\u00e9 de Dominique de Font-R\u00e9aulx","datePublished":"2014-01-27T18:57:52+00:00","dateModified":"2025-01-01T11:07:05+00:00","mainEntityOfPage":{"@id":"https:\/\/great-artmag.com\/en\/peinture-et-photographie-un-livre-cle-de-dominique-de-font-reaulx\/"},"wordCount":577,"commentCount":0,"publisher":{"@id":"https:\/\/great-artmag.com\/en\/#organization"},"image":{"@id":"https:\/\/great-artmag.com\/en\/peinture-et-photographie-un-livre-cle-de-dominique-de-font-reaulx\/#primaryimage"},"thumbnailUrl":"https:\/\/great-artmag.com\/wp-content\/uploads\/2014\/01\/font-reault.png","keywords":["Dominique de Font-R\u00e9aulx","livre"],"articleSection":["LIVRES"],"inLanguage":"en-US","potentialAction":[{"@type":"CommentAction","name":"Comment","target":["https:\/\/great-artmag.com\/en\/peinture-et-photographie-un-livre-cle-de-dominique-de-font-reaulx\/#respond"]}]},{"@type":"WebPage","@id":"https:\/\/great-artmag.com\/en\/peinture-et-photographie-un-livre-cle-de-dominique-de-font-reaulx\/","url":"https:\/\/great-artmag.com\/en\/peinture-et-photographie-un-livre-cle-de-dominique-de-font-reaulx\/","name":"\"Peinture et photographie\" : Un livre-cl\u00e9 de Dominique de Font-R\u00e9aulx","isPartOf":{"@id":"https:\/\/great-artmag.com\/en\/#website"},"primaryImageOfPage":{"@id":"https:\/\/great-artmag.com\/en\/peinture-et-photographie-un-livre-cle-de-dominique-de-font-reaulx\/#primaryimage"},"image":{"@id":"https:\/\/great-artmag.com\/en\/peinture-et-photographie-un-livre-cle-de-dominique-de-font-reaulx\/#primaryimage"},"thumbnailUrl":"https:\/\/great-artmag.com\/wp-content\/uploads\/2014\/01\/font-reault.png","datePublished":"2014-01-27T18:57:52+00:00","dateModified":"2025-01-01T11:07:05+00:00","description":"Quelle conjonction lie peinture et photographie dans la cr\u00e9ation d'un artiste ? C'est la question que s'est pos\u00e9e Dominique de Font-R\u00e9aulx.","breadcrumb":{"@id":"https:\/\/great-artmag.com\/en\/peinture-et-photographie-un-livre-cle-de-dominique-de-font-reaulx\/#breadcrumb"},"inLanguage":"en-US","potentialAction":[{"@type":"ReadAction","target":["https:\/\/great-artmag.com\/en\/peinture-et-photographie-un-livre-cle-de-dominique-de-font-reaulx\/"]}]},{"@type":"ImageObject","inLanguage":"en-US","@id":"https:\/\/great-artmag.com\/en\/peinture-et-photographie-un-livre-cle-de-dominique-de-font-reaulx\/#primaryimage","url":"https:\/\/great-artmag.com\/wp-content\/uploads\/2014\/01\/font-reault.png","contentUrl":"https:\/\/great-artmag.com\/wp-content\/uploads\/2014\/01\/font-reault.png","width":1574,"height":1280},{"@type":"BreadcrumbList","@id":"https:\/\/great-artmag.com\/en\/peinture-et-photographie-un-livre-cle-de-dominique-de-font-reaulx\/#breadcrumb","itemListElement":[{"@type":"ListItem","position":1,"name":"Accueil","item":"https:\/\/great-artmag.com\/en\/"},{"@type":"ListItem","position":2,"name":"\u00ab\u00a0Peinture et photographie\u00a0\u00bb : Un livre-cl\u00e9 de Dominique de Font-R\u00e9aulx"}]},{"@type":"WebSite","@id":"https:\/\/great-artmag.com\/en\/#website","url":"https:\/\/great-artmag.com\/en\/","name":"Great ArtMag","description":"Le Magazine des H\u00e9donistes","publisher":{"@id":"https:\/\/great-artmag.com\/en\/#organization"},"potentialAction":[{"@type":"SearchAction","target":{"@type":"EntryPoint","urlTemplate":"https:\/\/great-artmag.com\/en\/?s={search_term_string}"},"query-input":{"@type":"PropertyValueSpecification","valueRequired":true,"valueName":"search_term_string"}}],"inLanguage":"en-US"},{"@type":"Organization","@id":"https:\/\/great-artmag.com\/en\/#organization","name":"GREAT ARTMAG","url":"https:\/\/great-artmag.com\/en\/","logo":{"@type":"ImageObject","inLanguage":"en-US","@id":"https:\/\/great-artmag.com\/en\/#\/schema\/logo\/image\/","url":"https:\/\/great-artmag.com\/wp-content\/uploads\/2024\/07\/IMG_5403.jpg","contentUrl":"https:\/\/great-artmag.com\/wp-content\/uploads\/2024\/07\/IMG_5403.jpg","width":860,"height":368,"caption":"GREAT ARTMAG"},"image":{"@id":"https:\/\/great-artmag.com\/en\/#\/schema\/logo\/image\/"},"sameAs":["https:\/\/www.instagram.com\/great_artmag"]},{"@type":"Person","@id":"https:\/\/great-artmag.com\/en\/#\/schema\/person\/07a768635fe6f6d87951dc8ae985eeda","name":"Alexia Gugg\u00e9mos","url":"https:\/\/great-artmag.com\/en\/author\/admin5782\/"}]}},"amp_enabled":true,"_links":{"self":[{"href":"https:\/\/great-artmag.com\/en\/wp-json\/wp\/v2\/posts\/594","targetHints":{"allow":["GET"]}}],"collection":[{"href":"https:\/\/great-artmag.com\/en\/wp-json\/wp\/v2\/posts"}],"about":[{"href":"https:\/\/great-artmag.com\/en\/wp-json\/wp\/v2\/types\/post"}],"author":[{"embeddable":true,"href":"https:\/\/great-artmag.com\/en\/wp-json\/wp\/v2\/users\/1"}],"replies":[{"embeddable":true,"href":"https:\/\/great-artmag.com\/en\/wp-json\/wp\/v2\/comments?post=594"}],"version-history":[{"count":0,"href":"https:\/\/great-artmag.com\/en\/wp-json\/wp\/v2\/posts\/594\/revisions"}],"wp:featuredmedia":[{"embeddable":true,"href":"https:\/\/great-artmag.com\/en\/wp-json\/wp\/v2\/media\/4600"}],"wp:attachment":[{"href":"https:\/\/great-artmag.com\/en\/wp-json\/wp\/v2\/media?parent=594"}],"wp:term":[{"taxonomy":"category","embeddable":true,"href":"https:\/\/great-artmag.com\/en\/wp-json\/wp\/v2\/categories?post=594"},{"taxonomy":"post_tag","embeddable":true,"href":"https:\/\/great-artmag.com\/en\/wp-json\/wp\/v2\/tags?post=594"}],"curies":[{"name":"wp","href":"https:\/\/api.w.org\/{rel}","templated":true}]}}